{"id":142890,"date":"2026-01-15T09:34:07","date_gmt":"2026-01-15T09:34:07","guid":{"rendered":"https:\/\/www.europesays.com\/fi\/142890\/"},"modified":"2026-01-15T09:34:07","modified_gmt":"2026-01-15T09:34:07","slug":"bubs-makeisia-myydaan-satoja-kiloja-muutamassa-paivassa","status":"publish","type":"post","link":"https:\/\/www.europesays.com\/fi\/142890\/","title":{"rendered":"Bubs -makeisia myyd\u00e4\u00e4n satoja kiloja muutamassa p\u00e4iv\u00e4ss\u00e4"},"content":{"rendered":"<p>Bubs-makeisia on myyty Suomessa jo vuosia, nyt ne kuitenkin loppuvat kaupoista.<\/p>\n<p class=\"article-body mb-nof-24 px-nof-16\">Bubs-makeisvillitys n\u00e4ytt\u00e4\u00e4 rantautuneen nyt Suomeenkin. Bubs-irtokarkkeja myytiin esimerkiksi Kouvolan Citymarketissa kahden p\u00e4iv\u00e4n aikana jopa 400 kiloa. My\u00f6s Oulussa K-market tilasi 100 kiloa Bubs-karkkeja, jotka myytiin loppuun vuorokaudessa.<\/p>\n<p class=\"article-body mb-nof-24 px-nof-16\">Bubsin suosio on niin kova, ett\u00e4 kaupat eiv\u00e4t saa tilattua karkkeja niin paljon kuin haluaisivat. Tavarantoimittajilta loppuvat karkit kesken suuren kysynn\u00e4n vuoksi.<\/p>\n<p class=\"article-body mb-nof-24 px-nof-16\">Lue lis\u00e4\u00e4: <a class=\"underline underline-offset-[0.12em] [text-decoration-thickness:var(--generic-link-underline-thickness)] [text-decoration-color:var(--generic-link-underline-color)] [text-decoration-skip-ink:var(--generic-link-underline-skip-ink)] break-words\" href=\"https:\/\/www.is.fi\/kotimaa\/art-2000011741529.html\" rel=\"nofollow noopener\" target=\"_blank\">KS: Erikoinen tilanne Citymarketin karkkihyllyll\u00e4: \u201dHype on nyt niin kova\u201d<\/a><\/p>\n<p class=\"article-body mb-nof-24 px-nof-16\">Ruotsin J\u00f6nk\u00f6pingiss\u00e4 sijaitsevan Bubs Godis -firman tuotteet ovat Suomessakin olleet myyntilistojen k\u00e4rjess\u00e4 jo muutaman vuoden ajan. Varsinaiseksi ilmi\u00f6ksi karkit kuitenkin nousivat yhdysvaltalaisten somevaikuttajien ansiosta. Esimerkiksi TikTokissa Swedish candy -videoista tuli todellinen trendi, josta osansa saivat my\u00f6s suomalaiset makeiset ja synnytti jonoja pohjoismaisia makeisia myyvien kauppojen edustalle esimerkiksi New Yorkissa.<\/p>\n<p class=\"article-body mb-nof-24 px-nof-16\">Kysynt\u00e4 Yhdysvalloissa on ollut v\u00e4lill\u00e4 jopa 14 kertaa yhti\u00f6n tuotannon verran, ja Bubsin makeisista ollaan valmiita maksamaan viisinkertaisia hintoja.<\/p>\n<p class=\"article-body mb-nof-24 px-nof-16\">Lue lis\u00e4\u00e4: <a class=\"underline underline-offset-[0.12em] [text-decoration-thickness:var(--generic-link-underline-thickness)] [text-decoration-color:var(--generic-link-underline-color)] [text-decoration-skip-ink:var(--generic-link-underline-skip-ink)] break-words\" href=\"https:\/\/www.is.fi\/viihde\/art-2000010922505.html\" rel=\"nofollow noopener\" target=\"_blank\">Suomalaisista karkeista tuli niin suuri hitti Amerikassa, ett\u00e4 niit\u00e4 jonotetaan tunteja \u2013 hinta ly\u00f6 \u00e4llik\u00e4ll\u00e4<\/a><\/p>\n<p class=\"article-body mb-nof-24 px-nof-16\">Yhdysvaltalaisille erikoista on ollut muun muassa erilaisten makujen lis\u00e4ksi irtomyynti. Lis\u00e4ksi pohjoismaisia makeisia pidet\u00e4\u00e4n amerikkalaisia terveellisempin\u00e4. Bubs kertoo sivuillaan makeistensa olevan t\u00e4ysin vegaanisia, eik\u00e4 niiss\u00e4 ole esimerkiksi palmu\u00f6ljy\u00e4 tai AZO-v\u00e4rej\u00e4. Yhti\u00f6n tehtaalla on panostettu ymp\u00e4rist\u00f6yst\u00e4v\u00e4llisyyteen.<\/p>\n<p class=\"article-body mb-nof-24 px-nof-16\">Karkkibr\u00e4ndi p\u00e4\u00e4si viime vuonna jopa <a class=\"underline underline-offset-[0.12em] [text-decoration-thickness:var(--generic-link-underline-thickness)] [text-decoration-color:var(--generic-link-underline-color)] [text-decoration-skip-ink:var(--generic-link-underline-skip-ink)] break-words\" href=\"https:\/\/time.com\/collections\/best-inventions-2025\/\" rel=\"nofollow noopener\" target=\"_blank\">Time-lehden<\/a> vuoden parhaiden keksint\u00f6jen listalle.<\/p>\n<p class=\"article-body mb-nof-24 px-nof-16\">Bubsin perustivat vuonna 1992 <a class=\"font-bold underline-offset-[0.12em] [text-decoration:var(--person-link-text-decoration)] ![text-decoration-color:var(--person-link-text-decoration-color)]\" href=\"https:\/\/www.is.fi\/haku\/?query=Lindstr%C3%B6min\" rel=\"nofollow noopener\" target=\"_blank\">Lindstr\u00f6min<\/a> perheen j\u00e4senet <a class=\"font-bold underline-offset-[0.12em] [text-decoration:var(--person-link-text-decoration)] ![text-decoration-color:var(--person-link-text-decoration-color)]\" href=\"https:\/\/www.is.fi\/haku\/?query=Bernt\" rel=\"nofollow noopener\" target=\"_blank\">Bernt<\/a>, <a class=\"font-bold underline-offset-[0.12em] [text-decoration:var(--person-link-text-decoration)] ![text-decoration-color:var(--person-link-text-decoration-color)]\" href=\"https:\/\/www.is.fi\/haku\/?query=Ulrik\" rel=\"nofollow noopener\" target=\"_blank\">Ulrik<\/a>, <a class=\"font-bold underline-offset-[0.12em] [text-decoration:var(--person-link-text-decoration)] ![text-decoration-color:var(--person-link-text-decoration-color)]\" href=\"https:\/\/www.is.fi\/haku\/?query=Birgitta\" rel=\"nofollow noopener\" target=\"_blank\">Birgitta <\/a>ja <a class=\"font-bold underline-offset-[0.12em] [text-decoration:var(--person-link-text-decoration)] ![text-decoration-color:var(--person-link-text-decoration-color)]\" href=\"https:\/\/www.is.fi\/haku\/?query=Stefan\" rel=\"nofollow noopener\" target=\"_blank\">Stefan<\/a>, joiden alkukirjaimista Bubs sai my\u00f6s nimens\u00e4. Sen tunnetuin makeinen eli lakritsi-vadelma-p\u00e4\u00e4kallo lanseerattiin vuosituhannen alussa.<\/p>\n<p class=\"article-body mb-nof-24 px-nof-16\">Yhti\u00f6 pysyi perheyrityksen\u00e4 vuoteen 2023, jolloin sen osti norjalainen elintarvikekonserni Orkla. Elintarvikej\u00e4tin tuella perheyhti\u00f6 pystyi palkkaamaan lis\u00e4\u00e4 ty\u00f6voimaa ja l\u00e4hes kaksinkertaistamaan tuotantonsa. Vuonna 2024 Orkla investoi 20 miljoonaa kruunua tuotannon kasvuun.<\/p>\n<p class=\"article-body mb-nof-24 px-nof-16\">Yhti\u00f6 on j\u00e4lleen laajentamassa tehdastaan J\u00f6nk\u00f6pingiss\u00e4 tuplatakseen taas tuotantom\u00e4\u00e4r\u00e4ns\u00e4.<\/p>\n<p class=\"article-body mb-nof-24 px-nof-16\">Joulukuussa Bubs avasi ensimm\u00e4isen oman myym\u00e4l\u00e4ns\u00e4 Tukholman keskustaan. Ensimm\u00e4iset jonottajat tulivat kaupan edustalle jo tunteja ennen avaamista.<\/p>\n","protected":false},"excerpt":{"rendered":"Bubs-makeisia on myyty Suomessa jo vuosia, nyt ne kuitenkin loppuvat kaupoista. Bubs-makeisvillitys n\u00e4ytt\u00e4\u00e4 rantautuneen nyt Suomeenkin. Bubs-irtokarkkeja myytiin&hellip;\n","protected":false},"author":2,"featured_media":142891,"comment_status":"","ping_status":"","sticky":false,"template":"","format":"standard","meta":{"footnotes":""},"categories":[12],"tags":[22,23,26,27,33,31,30,17,34,24,25,28,29,15,18,21,32,19,20,16],"class_list":{"0":"post-142890","1":"post","2":"type-post","3":"status-publish","4":"format-standard","5":"has-post-thumbnail","7":"category-suomi","8":"tag-breaking-news","9":"tag-breakingnews","10":"tag-featured-news","11":"tag-featurednews","12":"tag-fi","13":"tag-finland","14":"tag-finnish","15":"tag-headlines","16":"tag-ilta-sanomat","17":"tag-latest-news","18":"tag-latestnews","19":"tag-main-news","20":"tag-mainnews","21":"tag-news","22":"tag-otsikot","23":"tag-paauutiset","24":"tag-suomi","25":"tag-top-stories","26":"tag-topstories","27":"tag-uutiset"},"share_on_mastodon":{"url":"https:\/\/pubeurope.com\/@fi\/115898434412371621","error":""},"_links":{"self":[{"href":"https:\/\/www.europesays.com\/fi\/wp-json\/wp\/v2\/posts\/142890","targetHints":{"allow":["GET"]}}],"collection":[{"href":"https:\/\/www.europesays.com\/fi\/wp-json\/wp\/v2\/posts"}],"about":[{"href":"https:\/\/www.europesays.com\/fi\/wp-json\/wp\/v2\/types\/post"}],"author":[{"embeddable":true,"href":"https:\/\/www.europesays.com\/fi\/wp-json\/wp\/v2\/users\/2"}],"replies":[{"embeddable":true,"href":"https:\/\/www.europesays.com\/fi\/wp-json\/wp\/v2\/comments?post=142890"}],"version-history":[{"count":0,"href":"https:\/\/www.europesays.com\/fi\/wp-json\/wp\/v2\/posts\/142890\/revisions"}],"wp:featuredmedia":[{"embeddable":true,"href":"https:\/\/www.europesays.com\/fi\/wp-json\/wp\/v2\/media\/142891"}],"wp:attachment":[{"href":"https:\/\/www.europesays.com\/fi\/wp-json\/wp\/v2\/media?parent=142890"}],"wp:term":[{"taxonomy":"category","embeddable":true,"href":"https:\/\/www.europesays.com\/fi\/wp-json\/wp\/v2\/categories?post=142890"},{"taxonomy":"post_tag","embeddable":true,"href":"https:\/\/www.europesays.com\/fi\/wp-json\/wp\/v2\/tags?post=142890"}],"curies":[{"name":"wp","href":"https:\/\/api.w.org\/{rel}","templated":true}]}}