{"id":142897,"date":"2026-01-15T09:47:08","date_gmt":"2026-01-15T09:47:08","guid":{"rendered":"https:\/\/www.europesays.com\/fi\/142897\/"},"modified":"2026-01-15T09:47:08","modified_gmt":"2026-01-15T09:47:08","slug":"podcast-rita-niemi-manninen-ja-aki-puoliso-taysin-eri-linjoilla-varaan-ajan-kierukanpoistoon","status":"publish","type":"post","link":"https:\/\/www.europesays.com\/fi\/142897\/","title":{"rendered":"Podcast: Rita Niemi-Manninen ja Aki-puoliso t\u00e4ysin eri linjoilla: \u201dVaraan ajan kierukanpoistoon\u201d"},"content":{"rendered":"<p>Rita Niemi-Manninen avaa tuntemuksiaan lapsihaaveista podcastissa.<\/p>\n<p><img decoding=\"async\" class=\"image image-show image-preview\" src=\"https:\/\/www.europesays.com\/fi\/wp-content\/uploads\/2026\/01\/21346f5d4aaeb3062324db2f7a4f9a1b1a52f2f287497ec206c24e2c3e0fc225.jpg\" alt=\"\"\/><img decoding=\"async\" class=\"image image-show\" src=\"https:\/\/www.europesays.com\/fi\/wp-content\/uploads\/2026\/01\/1768470428_99_21346f5d4aaeb3062324db2f7a4f9a1b1a52f2f287497ec206c24e2c3e0fc225.jpg\" alt=\"\"\/><\/p>\n<p>Aki Manninen ja Rita Niemi-Manninen ovat eri linjoilla lapsihaaveista. Henri K\u00e4rkk\u00e4inen<\/p>\n<p class=\"paragraph\">Hyvinvointiyritt\u00e4j\u00e4t <a href=\"https:\/\/www.iltalehti.fi\/henkilot\/Aki Manninen\" class=\"article-link-person-page\" rel=\"nofollow noopener\" target=\"_blank\">Aki Manninen<\/a>, 50, ja <a href=\"https:\/\/www.iltalehti.fi\/henkilot\/Rita Niemi-Manninen\" class=\"article-link-person-page\" rel=\"nofollow noopener\" target=\"_blank\">Rita Niemi-Manninen<\/a>, 46, ovat t\u00e4ysin eri linjoilla lapsihaaveiden suhteen, selvi\u00e4\u00e4 <a href=\"https:\/\/www.podway.fi\/podcast\/Xbk218lrmx1cvbsxdHwL\" rel=\"noopener nofollow\" target=\"_blank\">Sillai kai -podcastin<\/a> uusimmasta jaksosta.<\/p>\n<p class=\"paragraph\">Aki kertoo tuoneensa jo pari kes\u00e4\u00e4 sitten kantansa selke\u00e4sti esiin.<\/p>\n<p class=\"paragraph\">\u2013 A. Manninen ei halua enemp\u00e4\u00e4 lapsia, Aki kertoo sanoneensa.<\/p>\n<p class=\"paragraph\">Asiaa edelsi Ritan mukaan se, ettei pariskunta ollut k\u00e4ytt\u00e4nyt ehk\u00e4isy\u00e4 hetkeen. Keskusteltuaan asiasta pariskunta p\u00e4\u00e4tyi siihen, ett\u00e4 nyt ei ollut oikea aika. Ritalle laitettiin kierukka.<\/p>\n<p class=\"paragraph\">\u2013 Meill\u00e4 on ollut ehk\u00e4isy sen j\u00e4lkeen k\u00e4yt\u00f6ss\u00e4, Rita sanoo.<\/p>\n<p class=\"paragraph\">Aki sanoo, ett\u00e4 t\u00e4ll\u00e4 hetkell\u00e4 h\u00e4nelle on kaukainen ajatus, ett\u00e4 h\u00e4nell\u00e4 olisi pieni vauva. Rita on t\u00e4ysin p\u00e4invastaisella kannalla.<\/p>\n<p class=\"paragraph\">\u2013 Minulla oli kauhean vahva olo tuossa alkusyksyst\u00e4, ett\u00e4 haluaisin yhden pikkuisen meille. Minun oli pakko siit\u00e4 puhua, ett\u00e4 nyt t\u00e4m\u00e4 ei menek\u00e4\u00e4n ohi muutamassa p\u00e4iv\u00e4ss\u00e4 tai viikossa, Rita kertoo.<\/p>\n<p class=\"paragraph\">Aki ja Rita ovat k\u00e4yneet asiasta paljon keskustelua ja tuovat eri\u00e4v\u00e4t mielipiteens\u00e4 esille my\u00f6s podcastissa.<\/p>\n<p class=\"paragraph\">\u2013 Onhan se t\u00e4rke\u00e4\u00e4 keskustella, kun sulla on noin vahva olotila, Aki toteaa.<\/p>\n<p class=\"paragraph\">\u2013 Niin ja sulla on noin vahva olotila. Meid\u00e4n pit\u00e4isi tulla puoleenv\u00e4liin. Jos sovitaan, ett\u00e4 annan sulle kuukauden aikaa ja sitten ryhdyt\u00e4\u00e4n hommiin, Rita vastaa.<\/p>\n<p class=\"paragraph\">Aki kertoo, ett\u00e4 tarvitsee puoli vuotta harkitakseen tuntemuksiaan.<\/p>\n<p class=\"paragraph\">\u2013 Mit\u00e4 sanoit minulle pari p\u00e4iv\u00e4\u00e4 sitten? Sanoit, ett\u00e4 matsiin asti, Rita vastaa viitaten 21. maaliskuuta j\u00e4rjestett\u00e4v\u00e4\u00e4n Akin ja <strong>Mika \u201dImmu\u201d Ilm\u00e9nin<\/strong> nyrkkeilyotteluun.<\/p>\n<p class=\"paragraph\">Aki ehdottaa takarajaksi toukokuun viimeist\u00e4 p\u00e4iv\u00e4\u00e4. Rita pit\u00e4\u00e4 kiinni nyrkkeilyottelua.<\/p>\n<p class=\"paragraph\">\u2013 Varaan ajan kierukanpoistoon, Rita toteaa pilke silm\u00e4kulmassaan.<\/p>\n<p class=\"paragraph\">Rita kertoi lapsihaaveistaan my\u00f6s <a href=\"https:\/\/www.seiska.fi\/vain-seiskassa\/rita-niemi-manninen-46-haluaa-raskaaksi-akilta-raju-reaktio-kenes-kanssa-meinasit-tehda\/1921757\" rel=\"noopener nofollow\" target=\"_blank\">Seiskassa<\/a> syksyll\u00e4.<\/p>\n<p class=\"paragraph\">\u2013 M\u00e4 en tajua, miten Aki ei ymm\u00e4rr\u00e4 t\u00e4t\u00e4. Olisihan se hienoa saada viel\u00e4 yksi pikkuinen, Rita kertoi.<\/p>\n<p class=\"paragraph\">\u2013 Kenes kanssa meinasit tehd\u00e4? Voin olla hyv\u00e4 olkap\u00e4\u00e4 sille uudelle miehelle, Aki vastasi Seiskassa.<\/p>\n<p class=\"paragraph\">Aiemmin Rita on kertonut, ettei lapsen saaminen ollut parille helppoa. H\u00e4n kertoi <a href=\"https:\/\/www.iltalehti.fi\/perheartikkelit\/b2808109-355d-4d17-aeef-89523498035d\" rel=\"nofollow noopener\" target=\"_blank\">Iltalehdelle<\/a> Donnan pikkulapsiaikana, ett\u00e4 pari yritti lasta ensin rennosti yhden vuoden, mutta sen j\u00e4lkeen yritt\u00e4minen jatkui toisen ja kolmannen vuoden ja muuttui rankemmaksi.<\/p>\n<p class=\"paragraph\">Juuri, kun Rita oli suunnitellut l\u00e4htev\u00e4ns\u00e4 ostamaan apteekista l\u00e4\u00e4k\u00e4rin m\u00e4\u00e4r\u00e4\u00e4mi\u00e4 hormonikyni\u00e4, raskaustesti n\u00e4yttikin positiivista.<\/p>\n<p class=\"paragraph\">\u2013 Se oli huikea hetki, kun raskaustestist\u00e4 tuli positiivinen tulos, Rita kuvasi Iltalehdelle.<\/p>\n","protected":false},"excerpt":{"rendered":"Rita Niemi-Manninen avaa tuntemuksiaan lapsihaaveista podcastissa. Aki Manninen ja Rita Niemi-Manninen ovat eri linjoilla lapsihaaveista. Henri K\u00e4rkk\u00e4inen Hyvinvointiyritt\u00e4j\u00e4t&hellip;\n","protected":false},"author":2,"featured_media":142898,"comment_status":"","ping_status":"","sticky":false,"template":"","format":"standard","meta":{"footnotes":""},"categories":[136],"tags":[35,407,137,33,31,30,101,408,98,32,140,139,109],"class_list":{"0":"post-142897","1":"post","2":"type-post","3":"status-publish","4":"format-standard","5":"has-post-thumbnail","7":"category-julkkikset","8":"tag-24h","9":"tag-celebrities","10":"tag-entertainment","11":"tag-fi","12":"tag-finland","13":"tag-finnish","14":"tag-ihmissuhteet","15":"tag-julkkikset","16":"tag-perhe","17":"tag-suomi","18":"tag-tv-ja-elokuvat","19":"tag-tv-ohjelmat","20":"tag-viihde"},"share_on_mastodon":{"url":"https:\/\/pubeurope.com\/@fi\/115898485541975848","error":""},"_links":{"self":[{"href":"https:\/\/www.europesays.com\/fi\/wp-json\/wp\/v2\/posts\/142897","targetHints":{"allow":["GET"]}}],"collection":[{"href":"https:\/\/www.europesays.com\/fi\/wp-json\/wp\/v2\/posts"}],"about":[{"href":"https:\/\/www.europesays.com\/fi\/wp-json\/wp\/v2\/types\/post"}],"author":[{"embeddable":true,"href":"https:\/\/www.europesays.com\/fi\/wp-json\/wp\/v2\/users\/2"}],"replies":[{"embeddable":true,"href":"https:\/\/www.europesays.com\/fi\/wp-json\/wp\/v2\/comments?post=142897"}],"version-history":[{"count":0,"href":"https:\/\/www.europesays.com\/fi\/wp-json\/wp\/v2\/posts\/142897\/revisions"}],"wp:featuredmedia":[{"embeddable":true,"href":"https:\/\/www.europesays.com\/fi\/wp-json\/wp\/v2\/media\/142898"}],"wp:attachment":[{"href":"https:\/\/www.europesays.com\/fi\/wp-json\/wp\/v2\/media?parent=142897"}],"wp:term":[{"taxonomy":"category","embeddable":true,"href":"https:\/\/www.europesays.com\/fi\/wp-json\/wp\/v2\/categories?post=142897"},{"taxonomy":"post_tag","embeddable":true,"href":"https:\/\/www.europesays.com\/fi\/wp-json\/wp\/v2\/tags?post=142897"}],"curies":[{"name":"wp","href":"https:\/\/api.w.org\/{rel}","templated":true}]}}