{"id":142900,"date":"2026-01-15T09:54:07","date_gmt":"2026-01-15T09:54:07","guid":{"rendered":"https:\/\/www.europesays.com\/fi\/142900\/"},"modified":"2026-01-15T09:54:07","modified_gmt":"2026-01-15T09:54:07","slug":"esitys-stadionin-huoltorakennuksen-tekniikkaosan-peruskorjauksen-toteuttajasta-etenee-paatoksentekoon","status":"publish","type":"post","link":"https:\/\/www.europesays.com\/fi\/142900\/","title":{"rendered":"Esitys stadionin huoltorakennuksen tekniikkaosan peruskorjauksen toteuttajasta etenee p\u00e4\u00e4t\u00f6ksentekoon"},"content":{"rendered":"<p>\n                                        Kaupunki on pyyt\u00e4nyt tarjoukset Porin stadionin huoltorakennuksen A-osan eli niin sanotun tekniikkaosan peruskorjauksesta. Koko stadionin tekniikkaa ohjaavan A-osan korjauksilla t\u00e4ydennet\u00e4\u00e4n yleisurheilukent\u00e4n ja p\u00e4\u00e4katsomon teknist\u00e4 toimintakokonaisuutta. Lis\u00e4ksi rakennukseen sijoittuu tekonurmen kioskitilat sek\u00e4 uusi esteet\u00f6n ja sukupuolineutraali wc- ja pukutila. Huoltorakennuksen A-osan rakennusurakka toteutetaan osana stadionin yleisurheilukent\u00e4n ja p\u00e4\u00e4katsomon peruskorjauksille my\u00f6nnetyn valtionavustuksen ehtojen t\u00e4ytt\u00e4mist\u00e4. Tekninen lautakunta k\u00e4sittelee peruskorjauksen urakoitsijan valintaa kokouksessaan tiistaina 20. tammikuuta.\n                                    <\/p>\n<p>Kokonaishintaurakkana toteutettavan peruskorjauksen tarjouspyynt\u00f6 julkaistiin avoimella menettelyll\u00e4 Cloudia-tarjouspalvelussa 24. marraskuuta. M\u00e4\u00e4r\u00e4aikaan 18. joulukuuta kello 12 menness\u00e4 kaupunki sai yhteens\u00e4 viisi tarjousta, jotka kaikki t\u00e4yttiv\u00e4t tarjouspyynn\u00f6ss\u00e4 edellytetyt kelpoisuusvaatimukset. Tarjousten valintaperusteena oli hinta, ja edullisimman tarjouksen urakasta antoi MVR-Yhtym\u00e4 Oy.<\/p>\n<p>Huoltorakennuksen A-osan peruskorjaus oli yksi kev\u00e4\u00e4ll\u00e4 2025 j\u00e4rjestetyn stadionin tarjouskilpailun erillisin\u00e4 optioina pyydetyist\u00e4 kokonaisuuksista. Hankkeelle my\u00f6nnetyn liikuntapaikkarakentamisen valtionavustuksen ehtojen edellytt\u00e4m\u00e4 A-osan peruskorjaus toteutetaan optioiden k\u00e4ytt\u00e4m\u00e4tt\u00e4 j\u00e4tt\u00e4misen my\u00f6t\u00e4 nyt erillisen\u00e4 urakkana.<\/p>\n<p>Peruskorjauksen yhteydess\u00e4 huoltorakennuksen A-osan talotekniikka, pinnat ja huonej\u00e4rjestelyt rakennetaan uudestaan. Samalla parannetaan muun muassa tilojen energiatehokkuutta.\u00a0<\/p>\n","protected":false},"excerpt":{"rendered":"Kaupunki on pyyt\u00e4nyt tarjoukset Porin stadionin huoltorakennuksen A-osan eli niin sanotun tekniikkaosan peruskorjauksesta. Koko stadionin tekniikkaa ohjaavan A-osan&hellip;\n","protected":false},"author":2,"featured_media":142901,"comment_status":"","ping_status":"","sticky":false,"template":"","format":"standard","meta":{"footnotes":""},"categories":[158],"tags":[33,31,30,159,32,160],"class_list":{"0":"post-142900","1":"post","2":"type-post","3":"status-publish","4":"format-standard","5":"has-post-thumbnail","7":"category-urheilu","8":"tag-fi","9":"tag-finland","10":"tag-finnish","11":"tag-sports","12":"tag-suomi","13":"tag-urheilu"},"share_on_mastodon":{"url":"https:\/\/pubeurope.com\/@fi\/115898513158011368","error":""},"_links":{"self":[{"href":"https:\/\/www.europesays.com\/fi\/wp-json\/wp\/v2\/posts\/142900","targetHints":{"allow":["GET"]}}],"collection":[{"href":"https:\/\/www.europesays.com\/fi\/wp-json\/wp\/v2\/posts"}],"about":[{"href":"https:\/\/www.europesays.com\/fi\/wp-json\/wp\/v2\/types\/post"}],"author":[{"embeddable":true,"href":"https:\/\/www.europesays.com\/fi\/wp-json\/wp\/v2\/users\/2"}],"replies":[{"embeddable":true,"href":"https:\/\/www.europesays.com\/fi\/wp-json\/wp\/v2\/comments?post=142900"}],"version-history":[{"count":0,"href":"https:\/\/www.europesays.com\/fi\/wp-json\/wp\/v2\/posts\/142900\/revisions"}],"wp:featuredmedia":[{"embeddable":true,"href":"https:\/\/www.europesays.com\/fi\/wp-json\/wp\/v2\/media\/142901"}],"wp:attachment":[{"href":"https:\/\/www.europesays.com\/fi\/wp-json\/wp\/v2\/media?parent=142900"}],"wp:term":[{"taxonomy":"category","embeddable":true,"href":"https:\/\/www.europesays.com\/fi\/wp-json\/wp\/v2\/categories?post=142900"},{"taxonomy":"post_tag","embeddable":true,"href":"https:\/\/www.europesays.com\/fi\/wp-json\/wp\/v2\/tags?post=142900"}],"curies":[{"name":"wp","href":"https:\/\/api.w.org\/{rel}","templated":true}]}}