{"id":142904,"date":"2026-01-15T09:58:07","date_gmt":"2026-01-15T09:58:07","guid":{"rendered":"https:\/\/www.europesays.com\/fi\/142904\/"},"modified":"2026-01-15T09:58:07","modified_gmt":"2026-01-15T09:58:07","slug":"tuulivoimaennusteet-ovat-menneet-viime-aikoina-pahasti-metsaan-maksaako-sahko-siksi-liikaa","status":"publish","type":"post","link":"https:\/\/www.europesays.com\/fi\/142904\/","title":{"rendered":"Tuulivoimaennusteet ovat menneet viime aikoina pahasti mets\u00e4\u00e4n \u2013 maksaako s\u00e4hk\u00f6 siksi liikaa?"},"content":{"rendered":"<p>S\u00e4hk\u00f6n hinta|Fingridin mukaan ennusteet syntyv\u00e4t automaattisesti s\u00e4\u00e4ennusteiden ja tuulivoima\u00adtuottajien ennusteiden pohjalta.<\/p>\n<p class=\"article-body mb-nof-24 px-nof-16\">Tuulivoiman tuotantoennusteet ovat menneet viime p\u00e4ivin\u00e4 poikkeuksellisen pahasti mets\u00e4\u00e4n.<\/p>\n<p class=\"article-body mb-nof-24 px-nof-16\">Esimerkiksi 9. tammikuuta kello 18 aikaan kantaverkkoyhti\u00f6 Fingridin sivustolla n\u00e4kyv\u00e4 tuulivoimaennuste odotti vain 2\u202f780 megawatin tuotantoa.<\/p>\n","protected":false},"excerpt":{"rendered":"S\u00e4hk\u00f6n hinta|Fingridin mukaan ennusteet syntyv\u00e4t automaattisesti s\u00e4\u00e4ennusteiden ja tuulivoima\u00adtuottajien ennusteiden pohjalta. Tuulivoiman tuotantoennusteet ovat menneet viime p\u00e4ivin\u00e4 poikkeuksellisen&hellip;\n","protected":false},"author":2,"featured_media":142905,"comment_status":"","ping_status":"","sticky":false,"template":"","format":"standard","meta":{"footnotes":""},"categories":[76],"tags":[79,77,33,31,30,46,32,78],"class_list":{"0":"post-142904","1":"post","2":"type-post","3":"status-publish","4":"format-standard","5":"has-post-thumbnail","7":"category-talous","8":"tag-business","9":"tag-economy","10":"tag-fi","11":"tag-finland","12":"tag-finnish","13":"tag-helsingin-sanomat","14":"tag-suomi","15":"tag-talous"},"share_on_mastodon":{"url":"https:\/\/pubeurope.com\/@fi\/115898528841890225","error":""},"_links":{"self":[{"href":"https:\/\/www.europesays.com\/fi\/wp-json\/wp\/v2\/posts\/142904","targetHints":{"allow":["GET"]}}],"collection":[{"href":"https:\/\/www.europesays.com\/fi\/wp-json\/wp\/v2\/posts"}],"about":[{"href":"https:\/\/www.europesays.com\/fi\/wp-json\/wp\/v2\/types\/post"}],"author":[{"embeddable":true,"href":"https:\/\/www.europesays.com\/fi\/wp-json\/wp\/v2\/users\/2"}],"replies":[{"embeddable":true,"href":"https:\/\/www.europesays.com\/fi\/wp-json\/wp\/v2\/comments?post=142904"}],"version-history":[{"count":0,"href":"https:\/\/www.europesays.com\/fi\/wp-json\/wp\/v2\/posts\/142904\/revisions"}],"wp:featuredmedia":[{"embeddable":true,"href":"https:\/\/www.europesays.com\/fi\/wp-json\/wp\/v2\/media\/142905"}],"wp:attachment":[{"href":"https:\/\/www.europesays.com\/fi\/wp-json\/wp\/v2\/media?parent=142904"}],"wp:term":[{"taxonomy":"category","embeddable":true,"href":"https:\/\/www.europesays.com\/fi\/wp-json\/wp\/v2\/categories?post=142904"},{"taxonomy":"post_tag","embeddable":true,"href":"https:\/\/www.europesays.com\/fi\/wp-json\/wp\/v2\/tags?post=142904"}],"curies":[{"name":"wp","href":"https:\/\/api.w.org\/{rel}","templated":true}]}}