{"id":142910,"date":"2026-01-15T10:01:09","date_gmt":"2026-01-15T10:01:09","guid":{"rendered":"https:\/\/www.europesays.com\/fi\/142910\/"},"modified":"2026-01-15T10:01:09","modified_gmt":"2026-01-15T10:01:09","slug":"turisti-joutui-raivokkaiden-koirien-hyokkayksen-kohteeksi-thaimaassa","status":"publish","type":"post","link":"https:\/\/www.europesays.com\/fi\/142910\/","title":{"rendered":"Turisti joutui raivokkaiden koirien hy\u00f6kk\u00e4yksen kohteeksi Thaimaassa"},"content":{"rendered":"<p>Kokemus oli Elisan mukaan h\u00e4nen el\u00e4m\u00e4ns\u00e4 kauhein. Kuvat ja video voivat j\u00e4rkytt\u00e4\u00e4.<\/p>\n<p>Koiralauma k\u00e4vi suomalaisen turistin kimppuun Thaimaassa. Video ei sovi herkimmille.Video: Lukijan video<\/p>\n<p>Lue tiivistelm\u00e4<\/p>\n<p class=\"article-body mb-nof-24 px-nof-16 sndp-summary-bullet-point-font\">Pohjoissuomalainen Elisa joutui koiralauman hy\u00f6kk\u00e4yksen kohteeksi Thaimaan Koh Samuilla tammikuun alussa.<\/p>\n<p class=\"article-body mb-nof-24 px-nof-16 sndp-summary-bullet-point-font\">Koiralauma piiritti ja puri Elisaa useita kertoja rannalla, kunnes hotellin henkil\u00f6kunta ja turisti pelastivat h\u00e4net.<\/p>\n<p class=\"article-body mb-nof-24 px-nof-16 sndp-summary-bullet-point-font\">Elisa sai sairaalassa j\u00e4ykk\u00e4kouristustehosteen, vesikauhurokotteen ja immunoglobuliinihoidon.<\/p>\n<p class=\"article-body mb-nof-24 px-nof-16 sndp-summary-bullet-point-font\">L\u00e4\u00e4k\u00e4rin mukaan Elisa oli kenties mennyt koirien reviirille, ja ne alkoivat puolustaa sit\u00e4.<\/p>\n<p class=\"article-body mb-nof-24 px-nof-16\">Pohjois-Suomesta kotoisin oleva <a class=\"font-bold underline-offset-[0.12em] [text-decoration:var(--person-link-text-decoration)] ![text-decoration-color:var(--person-link-text-decoration-color)]\" href=\"https:\/\/www.is.fi\/haku\/?query=Elisa\" rel=\"nofollow noopener\" target=\"_blank\">Elisa<\/a>, 49, matkaili Thaimaan Koh Samuilla tammikuun alussa, ja koki jotain kauheaa.<\/p>\n<p class=\"article-body mb-nof-24 px-nof-16\">Varoitus! Jutussa on kuvia, jotka saattavat j\u00e4rkytt\u00e4\u00e4.<\/p>\n<p class=\"article-body mb-nof-24 px-nof-16\">Elisa oli ensimm\u00e4ist\u00e4 kertaa reissulla Aasiassa. Loppiaisena aamuvirkku nainen p\u00e4\u00e4tti l\u00e4hte\u00e4 hotellista rantak\u00e4velylle kuvaamaan auringon nousua. Ilma oli ihastuttava ja l\u00e4mmin.<\/p>\n<p class=\"article-body mb-nof-24 px-nof-16\">\u2013 Oli upea aamu. Olin k\u00e4vellyt hotellin rannalta vajaan kilometrin verran eteenp\u00e4in, kun n\u00e4in lauman koiria kauempana. Siell\u00e4 oli my\u00f6s mies, joka n\u00e4ytti ruokkivan niit\u00e4. J\u00e4lkeenp\u00e4in ajatellen h\u00e4n ehk\u00e4 h\u00e4tisteli koiria pois ymp\u00e4rilt\u00e4\u00e4n, Elisa kertoo.<\/p>\n<p class=\"article-body mb-nof-24 px-nof-16\">Lauma alkoi juosta Elisaa kohti.<\/p>\n<p class=\"article-body mb-nof-24 px-nof-16\">\u2013 Ihailen vapaana olevia, onnellisen tuntuisia koiria. En osannut pel\u00e4t\u00e4 niit\u00e4 ollenkaan ja aloin videoida leikkisilt\u00e4 n\u00e4ytt\u00e4vi\u00e4 koiria.<\/p>\n<p><img decoding=\"async\" src=\"https:\/\/www.europesays.com\/fi\/wp-content\/uploads\/2026\/01\/1768471268_26_468.jpg\" alt=\"Elisa kuvasi ensin koiria tarkoituksella.\" class=\"_Img_1rerz_1\" style=\"aspect-ratio:0.5625\" loading=\"eager\"\/><\/p>\n<p class=\"article-picture-caption\">Elisa kuvasi ensin koiria tarkoituksella. Kuva:\u00a0Kuva lukijan videolta<\/p>\n<p class=\"article-body mb-nof-24 px-nof-16\">Tilanne muuttui heti vaaralliseksi.<\/p>\n<p class=\"article-body mb-nof-24 px-nof-16\">\u2013 Koirat alkoivat haukkua ja piirittiv\u00e4t minut. Yksi raapi minua. En tajunnut ensin, mit\u00e4 oli tapahtumassa.Yritin pysy\u00e4 rauhallisena ja sanoa koirille jotain.<\/p>\n<p class=\"article-body mb-nof-24 px-nof-16\">Rannalla ei n\u00e4kynyt ristin sielua. Koirat murisivat ja haukkuivat raivoisasti Elisan ymp\u00e4rill\u00e4, ja yksi niist\u00e4 raapi ja puri Elisaa kipe\u00e4sti.<\/p>\n<p class=\"article-body mb-nof-24 px-nof-16\">\u2013 Pohdin, juoksenko mereen. Yritin sitten l\u00e4hte\u00e4 takaisin hotellille p\u00e4in rauhallisesti. En uskaltanut ajatellakaan, ett\u00e4 l\u00f6isin vihaisinta koiraa vy\u00f6laukullani. Pelk\u00e4sin, ett\u00e4 jos huitaisen, se puree palan irti.<\/p>\n<p><img decoding=\"async\" src=\"https:\/\/www.europesays.com\/fi\/wp-content\/uploads\/2026\/01\/1768471268_998_468.jpg\" alt=\"Lauma k\u00e4ytt\u00e4ytyi uhkaavasti ja aggressiivisesti.\" class=\"_Img_1rerz_1\" style=\"aspect-ratio:0.5625\" loading=\"eager\"\/><\/p>\n<p class=\"article-picture-caption\">Lauma k\u00e4ytt\u00e4ytyi uhkaavasti ja aggressiivisesti. Kuva:\u00a0Kuva lukijan videolta<\/p>\n<p class=\"article-body mb-nof-24 px-nof-16\">Raivoisa koira n\u00e4ykki ja puri Elisaa useamman kerran. H\u00e4n alkoi huutaa ja juoksi mereen. Kaikki koirat seurasivat per\u00e4ss\u00e4, ja Elisa palasi viel\u00e4 rannalle. Koirat olivat aggressiivisia, ja kauhea tilanne jatkui.<\/p>\n<p class=\"article-body mb-nof-24 px-nof-16\">Elisa meni veteen kainaloitaan my\u00f6ten ja l\u00e4hti etenem\u00e4\u00e4n kohti hotellia. H\u00e4n piteli k\u00e4nnykk\u00e4\u00e4ns\u00e4 ylh\u00e4\u00e4ll\u00e4, kirkui kauhuissaan ja huusi apuakin, vaikka ajatteli, ettei kukaan kuule. Pureva koira ui per\u00e4ss\u00e4.<\/p>\n<p class=\"article-body mb-nof-24 px-nof-16\">\u2013 Olin paniikissa. Olin varma, ett\u00e4 kuolen, h\u00e4n sanoo.<\/p>\n<p class=\"article-body mb-nof-24 px-nof-16\">Pureva koira palasi lopulta rannalle, mutta rantaviivalla haukkuva lauma seurasi yh\u00e4 syv\u00e4ll\u00e4 meress\u00e4 etenev\u00e4\u00e4 Elisaa.<\/p>\n<p class=\"article-body mb-nof-24 px-nof-16\">\u2013 Yht\u00e4kki\u00e4 n\u00e4in naisen ja miehen tulevan minua kohti. Aloin itke\u00e4, kun he ilmoittivat, ett\u00e4 tulivat pelastamaan minut. Ett\u00e4 olet nyt turvassa. Miehen k\u00e4dess\u00e4 oli kookosp\u00e4hkin\u00e4, jolla h\u00e4n uhkaili koiria ja ajoi ne pois.<\/p>\n<p><img decoding=\"async\" src=\"https:\/\/www.europesays.com\/fi\/wp-content\/uploads\/2026\/01\/1768471268_461_468.jpg\" alt=\"Auttajat saattoivat verta vuotavan Elisan takaisin hotelliin.\" class=\"_Img_1rerz_1\" style=\"aspect-ratio:1.7777777777777777\" loading=\"eager\"\/><\/p>\n<p class=\"article-picture-caption\">Auttajat saattoivat verta vuotavan Elisan takaisin hotelliin. Kuva:\u00a0Lukijan kuva<\/p>\n<p class=\"article-body mb-nof-24 px-nof-16\">Nainen oli turisti ja mies hotellin henkil\u00f6kuntaa. Auttajat saivat koirat h\u00e4ipym\u00e4\u00e4n ja veiv\u00e4t verta vuotavan Elisan hotelliin. Vastaanotossa ollut toinen naisturisti ilmoitti olevansa sairaanhoitaja. H\u00e4n puhdisti haavat heti.<\/p>\n<p class=\"article-body mb-nof-24 px-nof-16\">Elisa l\u00e4hetettiin sairaalaan, jossa h\u00e4n sai j\u00e4ykk\u00e4kouristustehosteen ja vesikauhurokotteen sek\u00e4 immunoglobuliinihoitoa, joka tuhoaa bakteereja ja viruksia.<\/p>\n<p><img decoding=\"async\" src=\"https:\/\/www.europesays.com\/fi\/wp-content\/uploads\/2026\/01\/1768471269_124_468.jpg\" alt=\"Elisaa hoidettiin paikallisessa sairaalassa.\" class=\"_Img_1rerz_1\" style=\"aspect-ratio:1.7777777777777777\" loading=\"eager\"\/><\/p>\n<p class=\"article-picture-caption\">Elisaa hoidettiin paikallisessa sairaalassa. Kuva:\u00a0Lukijan kuva<\/p>\n<p class=\"article-body mb-nof-24 px-nof-16\">\u2013 Uiminen kiellettiin viikoksi, hikoillakaan ei saanut. Siin\u00e4 se loma meni pilalle. Oikea takareisi sai eniten puremia, samoin molemmat pakarat, ja oikean polven ulkosyrj\u00e4ll\u00e4 on pahat j\u00e4ljet, Elisa valaisee.<\/p>\n<p class=\"article-body mb-nof-24 px-nof-16\">\u2013 Olen kiitollinen kaikille ihmisille, jotka kuuntelivat minua paikan p\u00e4\u00e4ll\u00e4 ja lohduttivat minua.<\/p>\n<p><img decoding=\"async\" src=\"https:\/\/www.europesays.com\/fi\/wp-content\/uploads\/2026\/01\/1768471269_876_468.jpg\" alt=\"Oikeaan takareiteen tuli syv\u00e4t haavat.\" class=\"_Img_1rerz_1\" style=\"aspect-ratio:0.75\" loading=\"eager\"\/><\/p>\n<p class=\"article-picture-caption\">Oikeaan takareiteen tuli syv\u00e4t haavat. Kuva:\u00a0Lukijan kuva<\/p>\n<p class=\"article-body mb-nof-24 px-nof-16\">Nyt haavat ovat alkaneet parantua my\u00f6s henkisesti.<\/p>\n<p class=\"article-body mb-nof-24 px-nof-16\">\u2013 Haluan varoittaa muita t\u00e4llaisista tapauksista. T\u00e4m\u00e4 oli el\u00e4m\u00e4ni kauhein kokemus, Elisa toteaa.<\/p>\n<p class=\"article-body mb-nof-24 px-nof-16\">L\u00e4\u00e4k\u00e4ri kertoi Elisalle, ett\u00e4 h\u00e4n oli kenties mennyt koirien reviirille, ja ne alkoivat puolustaa sit\u00e4. K\u00e4velyill\u00e4 on kuulemma hyv\u00e4 pit\u00e4\u00e4 aina mukanaan keppi\u00e4 tai kive\u00e4, jolla voi kopsauttaa aggressiivista koiraa nen\u00e4\u00e4n. Mereen kannattaa my\u00f6s paeta.<\/p>\n<p><img decoding=\"async\" src=\"https:\/\/www.europesays.com\/fi\/wp-content\/uploads\/2026\/01\/1768471269_509_468.jpg\" alt=\"My\u00f6s polven ulkosyrj\u00e4ll\u00e4 on repaleisia puremaj\u00e4lki\u00e4.\" class=\"_Img_1rerz_1\" style=\"aspect-ratio:0.75\" loading=\"eager\"\/><\/p>\n<p class=\"article-picture-caption\">My\u00f6s polven ulkosyrj\u00e4ll\u00e4 on repaleisia puremaj\u00e4lki\u00e4. Kuva:\u00a0Lukijan kuva<\/p>\n<p class=\"article-body mb-nof-24 px-nof-16\">Elisa muistelee, ett\u00e4 tilanteesta ei varoitettu kunnolla hotellin tervetuliaistilaisuudessa.<\/p>\n<p class=\"article-body mb-nof-24 px-nof-16\">\u2013 Ylip\u00e4\u00e4t\u00e4\u00e4n sanottiin, ett\u00e4 koirat ovat t\u00e4\u00e4ll\u00e4 kilttej\u00e4. Ohimennen oli kuulemma mainittu, ett\u00e4 niiden kanssa kannattaa olla varovainen, jos on kauempana hotellilta. H\u00e4vetti, ett\u00e4 t\u00e4m\u00e4 meni minulta ohi, Elisa pohtii.<\/p>\n<p class=\"article-body mb-nof-24 px-nof-16\">H\u00e4n sai my\u00f6hemmin kuulla kahdesta muusta tapauksesta, jossa koira oli purrut turistia l\u00e4himaastossa.<\/p>\n<p class=\"article-body mb-nof-24 px-nof-16\">Elisa syytti aluksi itse\u00e4\u00e4n tapahtuneesta ja ajatteli olleensa tyhm\u00e4. Nyt h\u00e4n on lopulta p\u00e4\u00e4tynyt siihen, ett\u00e4 oli viisas, kun keksi paeta mereen ja huusi apua, vaikka ket\u00e4\u00e4n ei n\u00e4kynyt.<\/p>\n<p class=\"article-body mb-nof-24 px-nof-16\">\u2013 Olen utelias ja rohkea, mutta t\u00e4m\u00e4 kokemus opetti minulle, ett\u00e4 kannattaa olla tietoinen vaaroista ja asettaa hieman rajoja rohkeudelle vieraassa ymp\u00e4rist\u00f6ss\u00e4. En my\u00f6sk\u00e4\u00e4n en\u00e4\u00e4 koskaan aliarvioi omaa kriisinhallintakyky\u00e4ni. Selvisin t\u00e4st\u00e4, h\u00e4n summaa.<\/p>\n","protected":false},"excerpt":{"rendered":"Kokemus oli Elisan mukaan h\u00e4nen el\u00e4m\u00e4ns\u00e4 kauhein. Kuvat ja video voivat j\u00e4rkytt\u00e4\u00e4. Koiralauma k\u00e4vi suomalaisen turistin kimppuun Thaimaassa.&hellip;\n","protected":false},"author":2,"featured_media":142911,"comment_status":"","ping_status":"","sticky":false,"template":"","format":"standard","meta":{"footnotes":""},"categories":[5],"tags":[22,23,26,27,33,31,30,17,34,24,25,28,29,15,18,21,32,19,20,16],"class_list":{"0":"post-142910","1":"post","2":"type-post","3":"status-publish","4":"format-standard","5":"has-post-thumbnail","7":"category-otsikot","8":"tag-breaking-news","9":"tag-breakingnews","10":"tag-featured-news","11":"tag-featurednews","12":"tag-fi","13":"tag-finland","14":"tag-finnish","15":"tag-headlines","16":"tag-ilta-sanomat","17":"tag-latest-news","18":"tag-latestnews","19":"tag-main-news","20":"tag-mainnews","21":"tag-news","22":"tag-otsikot","23":"tag-paauutiset","24":"tag-suomi","25":"tag-top-stories","26":"tag-topstories","27":"tag-uutiset"},"share_on_mastodon":{"url":"https:\/\/pubeurope.com\/@fi\/115898540942738650","error":""},"_links":{"self":[{"href":"https:\/\/www.europesays.com\/fi\/wp-json\/wp\/v2\/posts\/142910","targetHints":{"allow":["GET"]}}],"collection":[{"href":"https:\/\/www.europesays.com\/fi\/wp-json\/wp\/v2\/posts"}],"about":[{"href":"https:\/\/www.europesays.com\/fi\/wp-json\/wp\/v2\/types\/post"}],"author":[{"embeddable":true,"href":"https:\/\/www.europesays.com\/fi\/wp-json\/wp\/v2\/users\/2"}],"replies":[{"embeddable":true,"href":"https:\/\/www.europesays.com\/fi\/wp-json\/wp\/v2\/comments?post=142910"}],"version-history":[{"count":0,"href":"https:\/\/www.europesays.com\/fi\/wp-json\/wp\/v2\/posts\/142910\/revisions"}],"wp:featuredmedia":[{"embeddable":true,"href":"https:\/\/www.europesays.com\/fi\/wp-json\/wp\/v2\/media\/142911"}],"wp:attachment":[{"href":"https:\/\/www.europesays.com\/fi\/wp-json\/wp\/v2\/media?parent=142910"}],"wp:term":[{"taxonomy":"category","embeddable":true,"href":"https:\/\/www.europesays.com\/fi\/wp-json\/wp\/v2\/categories?post=142910"},{"taxonomy":"post_tag","embeddable":true,"href":"https:\/\/www.europesays.com\/fi\/wp-json\/wp\/v2\/tags?post=142910"}],"curies":[{"name":"wp","href":"https:\/\/api.w.org\/{rel}","templated":true}]}}