{"id":142923,"date":"2026-01-15T10:16:07","date_gmt":"2026-01-15T10:16:07","guid":{"rendered":"https:\/\/www.europesays.com\/fi\/142923\/"},"modified":"2026-01-15T10:16:07","modified_gmt":"2026-01-15T10:16:07","slug":"arttu-wiskari-kertoo-alkoholinkaytostaan-ja-palustaan-the-voice-of-finlandiin","status":"publish","type":"post","link":"https:\/\/www.europesays.com\/fi\/142923\/","title":{"rendered":"Arttu Wiskari: Kertoo alkoholink\u00e4yt\u00f6st\u00e4\u00e4n ja palustaan The Voice of Finlandiin"},"content":{"rendered":"<p>\n            2026013 HELSINKI. ST. GEORGE. Arttu Wiskari. KUVA: ATTE KAJOVA<br \/>\n            Atte Kajova\n        <\/p>\n<p class=\"subtitle \">Arttu Wiskari palaa j\u00e4lleen The Voice of Finland -ohjelman t\u00e4htivalmentajaksi.<\/p>\n<p class=\"article-content article-content-width !bg-background\">The Voice of Finlandin t\u00e4htivalmentaja  l\u00e4htee teht\u00e4v\u00e4\u00e4ns\u00e4 kolmatta kertaa per\u00e4kk\u00e4in.<\/p>\n<p class=\"font-weight-bold m-font-weight-bold article-content article-content-width !bg-background\">Video: T\u00e4st\u00e4 syyst\u00e4 Jenni Vartiainen on mukana The Voice of Finlandissa.<\/p>\n<p class=\"article-content article-content-width !bg-background\">P\u00e4\u00e4t\u00f6s mukaan l\u00e4htemisest\u00e4 ei ollut itsest\u00e4\u00e4nselvyys, mutta lopulta ratkaisevaa oli se, milt\u00e4 ajatus paluusta tuntui. Jos jokin asia olisi j\u00e4\u00e4nyt aiemmilta kausilta harmittamaan liikaa, ei h\u00e4n olisi nyt mukana. Tilanne oli kuitenkin p\u00e4invastainen, paukkuja l\u00f6ytyi ja halua tuoda ohjelmaan uutta.<\/p>\n<p>        <a itemprop=\"url\" href=\"https:\/\/www.seiska.fi\/katso\/tassa-ovat-the-voice-of-finlandin-kilpailijat-mukana-useita-julkkiksia\/2044712\" rel=\"nofollow noopener\" target=\"_blank\"><\/p>\n<p>\nThe Voice of Finland\n<\/p>\n<p class=\"section-date\">\n        <strong class=\"article-section\" data-section=\"katso\"><br \/>\n            katso<br \/>\n        <\/strong><br \/>\n        13.1. 12:27\n    <\/p>\n<p>T\u00e4ss\u00e4 ovat The Voice of Finlandin kilpailijat \u2013 mukana useita julkkiksia\n    <\/p>\n<p itemprop=\"description\" class=\"subtitle \">\n    The Voice of Finland alkaa j\u00e4lleen 23. tammikuuta.\n<\/p>\n<p>        <\/a><\/p>\n<p>Suhde alkoholiin<\/p>\n<p class=\"article-content article-content-width !bg-background\">Haastattelun aikana sivutaan my\u00f6s alkoholia. Arttu kertoo olleensa kolme vuotta ilman alkoholia.<\/p>\n<p class=\"article-content article-content-width !bg-background\">\u2013 Suhde alkoholiin on t\u00e4ll\u00e4 hetkell\u00e4 hyv\u00e4. Kaikki on paljon helpompaa, kun sit\u00e4 ei tarvitse mietti\u00e4. L\u00e4\u00e4kityksenikin toimivat t\u00e4ll\u00e4 tavalla paremmin, Arttu kertoo.<\/p>\n<p class=\"article-content article-content-width !bg-background\">T\u00e4ysraittiudesta h\u00e4n ei kuitenkaan puhu tavoitteena kaikille.<\/p>\n<p class=\"article-content article-content-width !bg-background\">\u2013 Jos ei ole valmis lopettamaan, itse\u00e4\u00e4n ei kannata kiusata. Olen itse tehnyt sen virheen. Laskin p\u00e4ivi\u00e4 ja odotin vain, milloin saa taas juoda. Se oli huono l\u00e4ht\u00f6kohta, Arttu kertoo.<\/p>\n<p>                <img loading=\"lazy\" decoding=\"async\" src=\"https:\/\/www.europesays.com\/fi\/wp-content\/uploads\/2026\/01\/2046588.webp.jpeg\" width=\"576\" height=\"274\" title=\"The Voice of Finlandin kev\u00e4\u00e4n 2026 t\u00e4htivalmentajina ovat Arttu Wiskari, Sanni, Elastinen ja Jenni Vartiainen. Juontajina jatkavat Jaana Pelkonen ja Heikki Paasonen.\" alt=\"The Voice of Finlandin kev\u00e4\u00e4n 2026 t\u00e4htivalmentajina ovat Arttu Wiskari, Sanni, Elastinen ja Jenni Vartiainen. Juontajina jatkavat Jaana Pelkonen ja Heikki Paasonen. Atte Kajova\" \/>            <\/p>\n<p>\n            The Voice of Finlandin kev\u00e4\u00e4n 2026 t\u00e4htivalmentajina ovat Arttu Wiskari, Sanni, Elastinen ja Jenni Vartiainen. Juontajina jatkavat Jaana Pelkonen ja Heikki Paasonen.<br \/>\n            Atte Kajova\n        <\/p>\n<p>        <a itemprop=\"url\" href=\"https:\/\/www.seiska.fi\/katso\/jenni-vartiaiselta-harvinainen-ulostulo\/2045746\" rel=\"nofollow noopener\" target=\"_blank\"><\/p>\n<p>\nJenni Vartiainen\n<\/p>\n<p class=\"section-date\">\n        <strong class=\"article-section\" data-section=\"katso\"><br \/>\n            katso<br \/>\n        <\/strong><br \/>\n        14.1. 15:15\n    <\/p>\n<p>Jenni Vartiaiselta harvinainen ulostulo\n    <\/p>\n<p itemprop=\"description\" class=\"subtitle \">\n    Jenni Vartiainen n\u00e4hd\u00e4\u00e4n pian tv:ss\u00e4 aivan uudenlaisessa roolissa.\n<\/p>\n<p>        <\/a><\/p>\n<p>Naseva kuittaus<\/p>\n<p class=\"article-content article-content-width !bg-background\">Arttu on kertonut aiemminkin avoimesti alkoholista. Viime vuonna h\u00e4n kertoi Katsolle, ettei h\u00e4nell\u00e4 ole mit\u00e4\u00e4n salattavaa.<\/p>\n<p class=\"article-content article-content-width !bg-background\">\u2013 Minulla ei ole kerta kaikkiaan mit\u00e4\u00e4n salattavaa. On siisti\u00e4, kun joku \u00a0vaikkapa on tosi salaper\u00e4inen, mutta minun ymp\u00e4rill\u00e4ni ei ole mit\u00e4\u00e4n t\u00e4htip\u00f6ly\u00e4. Mit\u00e4 vaikka juomiseen tulee, niin olen saanut juoda tarpeeksi, eik\u00e4 minulla ole ongelmaa sen kanssa tai fiilist\u00e4, ett\u00e4 taas janottaisi, Arttu sanoi.<\/p>\n<p class=\"article-content article-content-width !bg-background\">\u2013 Kun on aina oma itsens\u00e4, niin on helvetisti helpompaa k\u00e4yd\u00e4 vaikka ruokakaupassa. Jos joku yritt\u00e4\u00e4 ottaa salakuvaa hyllyjen v\u00e4list\u00e4, niin sanoo h\u00e4nelle suoraan, ett\u00e4 tule t\u00e4nne, otetaan se kuva yhdess\u00e4, Arttu havainnollisti.<\/p>\n<p class=\"article-content article-content-width !bg-background\">Aina t\u00e4m\u00e4 suora linja ei ihastuta l\u00e4hipiiriss\u00e4.<\/p>\n<p class=\"article-content article-content-width !bg-background\">\u2013 Levy-yhti\u00f6ss\u00e4kin sanotaan, ett\u00e4 \u00e4l\u00e4 nyt puhu siit\u00e4 juomisesta. Mutta miksi en puhuisi siit\u00e4? Minusta se on ihan hyv\u00e4 esimerkki jengille, ett\u00e4 ei kannata ryyp\u00e4t\u00e4 ihan hirve\u00e4sti.<\/p>\n<p>        <a itemprop=\"url\" href=\"https:\/\/www.seiska.fi\/katso\/the-voice-of-finland-palaa-muistatko-nama-vanhat-tahtivalmentajat\/2044591\" rel=\"nofollow noopener\" target=\"_blank\"><\/p>\n<p>\nThe Voice of Finland\n<\/p>\n<p class=\"section-date\">\n        <strong class=\"article-section\" data-section=\"katso\"><br \/>\n            katso<br \/>\n        <\/strong><br \/>\n        13.1. 11:16\n    <\/p>\n<p>The Voice of Finland palaa \u2013 muistatko n\u00e4m\u00e4 vanhat t\u00e4htivalmentajat?\n    <\/p>\n<p itemprop=\"description\" class=\"subtitle \">\n    Ensimm\u00e4isten The Voice of Finland -kausien juontajan paikalta muistetaan kohunimi.\n<\/p>\n<p>        <\/a><\/p>\n<p class=\"italic m-italic article-content article-content-width !bg-background\">The Voice of Finland 23. tammikuuta alkaen Nelosella ja Ruudussa.<\/p>\n","protected":false},"excerpt":{"rendered":"2026013 HELSINKI. ST. GEORGE. Arttu Wiskari. KUVA: ATTE KAJOVA Atte Kajova Arttu Wiskari palaa j\u00e4lleen The Voice of&hellip;\n","protected":false},"author":2,"featured_media":142924,"comment_status":"","ping_status":"","sticky":false,"template":"","format":"standard","meta":{"footnotes":""},"categories":[133],"tags":[24434,1866,137,33,31,30,32,24533,206,23065,6878,1318,156,23064,109],"class_list":{"0":"post-142923","1":"post","2":"type-post","3":"status-publish","4":"format-standard","5":"has-post-thumbnail","7":"category-televisiot","8":"tag-arttu-wiskari","9":"tag-cheek","10":"tag-entertainment","11":"tag-fi","12":"tag-finland","13":"tag-finnish","14":"tag-suomi","15":"tag-tahtivalmentaja","16":"tag-televisiot","17":"tag-the-voice","18":"tag-the-voice-of-finland","19":"tag-tv-ohjelma","20":"tag-tv","21":"tag-tvof","22":"tag-viihde"},"share_on_mastodon":{"url":"https:\/\/pubeurope.com\/@fi\/115898599623892796","error":""},"_links":{"self":[{"href":"https:\/\/www.europesays.com\/fi\/wp-json\/wp\/v2\/posts\/142923","targetHints":{"allow":["GET"]}}],"collection":[{"href":"https:\/\/www.europesays.com\/fi\/wp-json\/wp\/v2\/posts"}],"about":[{"href":"https:\/\/www.europesays.com\/fi\/wp-json\/wp\/v2\/types\/post"}],"author":[{"embeddable":true,"href":"https:\/\/www.europesays.com\/fi\/wp-json\/wp\/v2\/users\/2"}],"replies":[{"embeddable":true,"href":"https:\/\/www.europesays.com\/fi\/wp-json\/wp\/v2\/comments?post=142923"}],"version-history":[{"count":0,"href":"https:\/\/www.europesays.com\/fi\/wp-json\/wp\/v2\/posts\/142923\/revisions"}],"wp:featuredmedia":[{"embeddable":true,"href":"https:\/\/www.europesays.com\/fi\/wp-json\/wp\/v2\/media\/142924"}],"wp:attachment":[{"href":"https:\/\/www.europesays.com\/fi\/wp-json\/wp\/v2\/media?parent=142923"}],"wp:term":[{"taxonomy":"category","embeddable":true,"href":"https:\/\/www.europesays.com\/fi\/wp-json\/wp\/v2\/categories?post=142923"},{"taxonomy":"post_tag","embeddable":true,"href":"https:\/\/www.europesays.com\/fi\/wp-json\/wp\/v2\/tags?post=142923"}],"curies":[{"name":"wp","href":"https:\/\/api.w.org\/{rel}","templated":true}]}}