{"id":142925,"date":"2026-01-15T10:17:07","date_gmt":"2026-01-15T10:17:07","guid":{"rendered":"https:\/\/www.europesays.com\/fi\/142925\/"},"modified":"2026-01-15T10:17:07","modified_gmt":"2026-01-15T10:17:07","slug":"umk-artistit-herattivat-somekansassa-tunteita-antti-paalanen-keraa-eniten-kiinnostusta-umk","status":"publish","type":"post","link":"https:\/\/www.europesays.com\/fi\/142925\/","title":{"rendered":"UMK-artistit her\u00e4ttiv\u00e4t somekansassa tunteita \u2013 Antti Paalanen ker\u00e4\u00e4 eniten kiinnostusta | UMK"},"content":{"rendered":"<p class=\"aw-1gybjub aw-5vja16 kEtdKx kmuxyA yle__article__paragraph\">Somekommenteissa moni on my\u00f6s ilmoittanut boikotoivansa UMK:ta ja Euroviisuja Israelin osallistumisen takia.<\/p>\n<p><img decoding=\"async\" alt=\"Henkil\u00f6kuva Antti Paalasesta.\" src=\"https:\/\/www.europesays.com\/fi\/wp-content\/uploads\/2026\/01\/39-1581327696799f4da3ff.jpeg\" class=\"aw-1l9m598 hKVVvP\"\/><\/p>\n<p>Avaa kuvien katselu<\/p>\n<p>Antti Paalanen on yksi t\u00e4m\u00e4n vuoden Uuden Musiikin Kilpailun artisteista. Kuva: Tiina Jutila \/ Yle<\/p>\n<p>11:17\u2022P\u00e4ivitetty 11:18<\/p>\n<p class=\"aw-1gybjub aw-1p7kakr kEtdKx cEmitX yle__article__paragraph\">Uuden Musiikin Kilpailun artistit <a class=\"aw-iao6s4 iHOxEa yle__article__link\" href=\"https:\/\/yle.fi\/a\/74-20203906\" role=\"link\" rel=\"nofollow noopener\" target=\"_blank\">julkistettiin keskiviikkona<\/a>. Kattaus on her\u00e4tt\u00e4nyt keskustelua sosiaalisessa mediassa, ja vastaanotto on ollut ristiriitainen.<\/p>\n<p class=\"aw-1gybjub aw-1p7kakr kEtdKx cEmitX yle__article__paragraph\">Joidenkin mielest\u00e4 kilpailijoiden taso on taattua UMK-laatua, mutta toiset ovat olleet pettyneit\u00e4. Joissakin kommenteissa on h\u00e4mm\u00e4stelty tuntemattomien artistien suurta m\u00e4\u00e4r\u00e4\u00e4 ja harmiteltu rock-musiikin puuttumista.<\/p>\n<p class=\"aw-1gybjub aw-1p7kakr kEtdKx cEmitX yle__article__paragraph\">Suurinta mielenkiintoa vaikuttaa her\u00e4tt\u00e4neen <strong class=\"aw-ak79eh KyCXm yle__article__strong\">Antti Paalanen<\/strong>. Muusikko on kansanmusiikkipiireiss\u00e4 tunnettu, mutta suuremmalle yleis\u00f6lle uusi tuttavuus. Paalasen haitarinsoitto ja kurkkulaulu her\u00e4tti suomalaisten kiinnostuksen samoin kuin h\u00e4nen biisins\u00e4 Takatukka pelk\u00e4n nimen perusteella.<\/p>\n<p class=\"aw-1gybjub aw-1p7kakr kEtdKx cEmitX yle__article__paragraph\">\u2013 Siis nyt on sanottava, ett\u00e4 t\u00e4\u00e4 on just se mit\u00e4 rakastan UMK:sta. Mies, josta en ole koskaan kuullut, nousi meid\u00e4n perheen suosikiksi yhdess\u00e4 illassa, vaikka biisi\u00e4 ei ole edes viel\u00e4 kuultu. Kurkkulaulu on hemmetin vaikeaa. Nostan hattua Antille, kirjoitti nimimerkki <strong class=\"aw-ak79eh KyCXm yle__article__strong\">lilhaemae<\/strong> UMK:n Instagram-tilin postaukseen.<\/p>\n<p class=\"aw-1gybjub aw-1p7kakr kEtdKx cEmitX yle__article__paragraph\">Mielenkiintoa on her\u00e4tt\u00e4nyt my\u00f6s parivaljakko <strong class=\"aw-ak79eh KyCXm yle__article__strong\">Linda Lampenius<\/strong> ja <strong class=\"aw-ak79eh KyCXm yle__article__strong\">Pete Parkkonen<\/strong>. Viulistin ja poplaulajan yhdistelm\u00e4\u00e4 on pidetty yll\u00e4tt\u00e4v\u00e4n\u00e4, mutta kansainv\u00e4liseen tasoon ylt\u00e4v\u00e4n\u00e4. Viisufanit ovat olleet innoissaan etenkin Parkkosesta, sill\u00e4 h\u00e4net on haluttu n\u00e4hd\u00e4 Suomen viisukarsinnassa jo vuosia. Lampeniusta pidet\u00e4\u00e4n puolestaan ikonina.<\/p>\n<p class=\"aw-1gybjub aw-1p7kakr kEtdKx cEmitX yle__article__paragraph\">Muut UMK-kilpailijat ovat Komiat, <strong class=\"aw-ak79eh KyCXm yle__article__strong\">Sinikka Monte<\/strong>, <strong class=\"aw-ak79eh KyCXm yle__article__strong\">Etta<\/strong>, <strong class=\"aw-ak79eh KyCXm yle__article__strong\">Chachi<\/strong> ja <strong class=\"aw-ak79eh KyCXm yle__article__strong\">Kiki<\/strong>. Kilpailukappaleet julkaistaan yksitellen tulevina arkip\u00e4ivin\u00e4.<\/p>\n<p class=\"aw-1gybjub aw-1p7kakr kEtdKx cEmitX yle__article__paragraph\">Ylen sometileille on kertynyt my\u00f6s paljon kommentteja siit\u00e4, miksi Euroviisuja ja UMK:ta pit\u00e4\u00e4 boikotoida Israelin osallistumisen takia. Kommenteissa on kritisoitu Ylen p\u00e4\u00e4t\u00f6st\u00e4 osallistua viisuihin. N\u00e4in esimerkiksi <a class=\"aw-iao6s4 iHOxEa yle__article__link\" href=\"https:\/\/www.instagram.com\/p\/DTgERy0DvVo\/?hl=fi&amp;img_index=1\" role=\"link\" rel=\"nofollow noopener\" target=\"_blank\">Yle Uutisten Instagram-tilill\u00e4<\/a>.<\/p>\n<p class=\"aw-1gybjub aw-1p7kakr kEtdKx cEmitX yle__article__paragraph\"><strong class=\"aw-ak79eh KyCXm yle__article__strong\">Katso UMK-artistien julkistus Areenasta:<\/strong><\/p>\n<p><script async src=\"\/\/www.instagram.com\/embed.js\"><\/script><\/p>\n","protected":false},"excerpt":{"rendered":"Somekommenteissa moni on my\u00f6s ilmoittanut boikotoivansa UMK:ta ja Euroviisuja Israelin osallistumisen takia. Avaa kuvien katselu Antti Paalanen on&hellip;\n","protected":false},"author":2,"featured_media":142926,"comment_status":"","ping_status":"","sticky":false,"template":"","format":"standard","meta":{"footnotes":"","_share_on_mastodon":"0"},"categories":[132],"tags":[24534,137,1377,909,33,31,30,451,108,195,47,11821,32,906,109],"class_list":["post-142925","post","type-post","status-publish","format-standard","has-post-thumbnail","category-musiikki","tag-antti-paalanen","tag-entertainment","tag-etela-pohjanmaa","tag-euroviisut","tag-fi","tag-finland","tag-finnish","tag-keski-pohjanmaa","tag-kulttuuri","tag-music","tag-musiikki","tag-musiikkikilpailut","tag-suomi","tag-umk","tag-viihde"],"share_on_mastodon":{"url":"https:\/\/pubeurope.com\/@fi\/115898603678037558","error":""},"_links":{"self":[{"href":"https:\/\/www.europesays.com\/fi\/wp-json\/wp\/v2\/posts\/142925","targetHints":{"allow":["GET"]}}],"collection":[{"href":"https:\/\/www.europesays.com\/fi\/wp-json\/wp\/v2\/posts"}],"about":[{"href":"https:\/\/www.europesays.com\/fi\/wp-json\/wp\/v2\/types\/post"}],"author":[{"embeddable":true,"href":"https:\/\/www.europesays.com\/fi\/wp-json\/wp\/v2\/users\/2"}],"replies":[{"embeddable":true,"href":"https:\/\/www.europesays.com\/fi\/wp-json\/wp\/v2\/comments?post=142925"}],"version-history":[{"count":0,"href":"https:\/\/www.europesays.com\/fi\/wp-json\/wp\/v2\/posts\/142925\/revisions"}],"wp:featuredmedia":[{"embeddable":true,"href":"https:\/\/www.europesays.com\/fi\/wp-json\/wp\/v2\/media\/142926"}],"wp:attachment":[{"href":"https:\/\/www.europesays.com\/fi\/wp-json\/wp\/v2\/media?parent=142925"}],"wp:term":[{"taxonomy":"category","embeddable":true,"href":"https:\/\/www.europesays.com\/fi\/wp-json\/wp\/v2\/categories?post=142925"},{"taxonomy":"post_tag","embeddable":true,"href":"https:\/\/www.europesays.com\/fi\/wp-json\/wp\/v2\/tags?post=142925"}],"curies":[{"name":"wp","href":"https:\/\/api.w.org\/{rel}","templated":true}]}}