{"id":142931,"date":"2026-01-15T10:21:07","date_gmt":"2026-01-15T10:21:07","guid":{"rendered":"https:\/\/www.europesays.com\/fi\/142931\/"},"modified":"2026-01-15T10:21:07","modified_gmt":"2026-01-15T10:21:07","slug":"uusi-tamperelaisfestivaali-julkaisi-lisaa-esiintyjia","status":"publish","type":"post","link":"https:\/\/www.europesays.com\/fi\/142931\/","title":{"rendered":"Uusi tamperelaisfestivaali julkaisi lis\u00e4\u00e4 esiintyji\u00e4"},"content":{"rendered":"<p>Rokki Raikaa -festivaali julkisti kolme lis\u00e4esiintyj\u00e4\u00e4: Apocalyptica, Sonata Arctica ja Tarot t\u00e4ydent\u00e4v\u00e4t artistikattauksen.<\/p>\n<p class=\"article-body mb-nof-24 px-nof-16\">Aamulehti<\/p>\n<p class=\"article-body mb-nof-24 px-nof-16\">Tampereella ensimm\u00e4ist\u00e4 kertaa j\u00e4rjestett\u00e4v\u00e4n Rokki Raikaa -festivaalin esiintyj\u00e4listalla on nyt 15 artistia, kun Apocalyptica, Sonata Arctica ja Tarot lis\u00e4ttiin kattaukseen. Mysteeriesiintyj\u00e4 paljastetaan viel\u00e4 my\u00f6hemmin.<\/p>\n<p class=\"article-body mb-nof-24 px-nof-16\">Uusi festivaali valtaa Hakamets\u00e4n j\u00e4\u00e4hallin pihan 24.\u201325. hein\u00e4kuuta. Aiemmin esiintyjist\u00e4 on julkaistu jo muun muassa Amorphis, Stratovarius, Klamydia, Kotiteollisuus, Poets of the Fall ja <a class=\"font-bold underline-offset-[0.12em] [text-decoration:var(--person-link-text-decoration)] ![text-decoration-color:var(--person-link-text-decoration-color)]\" href=\"https:\/\/www.aamulehti.fi\/haku\/?query=Michael%20Monroe\" rel=\"nofollow noopener\" target=\"_blank\">Michael Monroe<\/a>.<\/p>\n<p class=\"article-body mb-nof-24 px-nof-16\">Viime kes\u00e4n\u00e4 Oulussa ensimm\u00e4ist\u00e4 kertaa j\u00e4rjestetty festivaali ker\u00e4si siell\u00e4 yli 15\u202f000 k\u00e4vij\u00e4\u00e4. Vuonna 2026 tapahtuma j\u00e4rjestet\u00e4\u00e4n sek\u00e4 Oulussa ett\u00e4 Tampereella.<\/p>\n<p class=\"article-body mb-nof-24 px-nof-16\">\u201dTampere on yksi Suomen vahvimmista rock-kaupungeista, ja meille oli luontevaa tuoda Rokki Raikaa juuri t\u00e4nne. Apocalyptican, Amorphiksen ja Sonata Arctican kaltaiset nimet kertovat siit\u00e4 kunnianhimosta, jolla Rokki Raikaa Tampereelle saapuu\u201d, sanoo <a class=\"font-bold underline-offset-[0.12em] [text-decoration:var(--person-link-text-decoration)] ![text-decoration-color:var(--person-link-text-decoration-color)]\" href=\"https:\/\/www.aamulehti.fi\/haku\/?query=Marko%20Savolainen\" rel=\"nofollow noopener\" target=\"_blank\">Marko Savolainen<\/a> Rauhala Eventsilt\u00e4 tiedotteessa.<\/p>\n<p class=\"article-body mb-nof-24 px-nof-16\">Tapahtuma on tarkoitettu t\u00e4ysi-ik\u00e4isille. Liput ovat myynniss\u00e4, ja hinnat ovat alkaen 55 euroa. Festivaali on auki perjantaina ja lauantaina kello 12\u201301.<\/p>\n","protected":false},"excerpt":{"rendered":"Rokki Raikaa -festivaali julkisti kolme lis\u00e4esiintyj\u00e4\u00e4: Apocalyptica, Sonata Arctica ja Tarot t\u00e4ydent\u00e4v\u00e4t artistikattauksen. Aamulehti Tampereella ensimm\u00e4ist\u00e4 kertaa j\u00e4rjestett\u00e4v\u00e4n&hellip;\n","protected":false},"author":2,"featured_media":142932,"comment_status":"","ping_status":"","sticky":false,"template":"","format":"standard","meta":{"footnotes":""},"categories":[130],"tags":[157,137,33,31,30,32,109],"class_list":{"0":"post-142931","1":"post","2":"type-post","3":"status-publish","4":"format-standard","5":"has-post-thumbnail","7":"category-viihde","8":"tag-aamulehti","9":"tag-entertainment","10":"tag-fi","11":"tag-finland","12":"tag-finnish","13":"tag-suomi","14":"tag-viihde"},"share_on_mastodon":{"url":"https:\/\/pubeurope.com\/@fi\/115898619201928817","error":""},"_links":{"self":[{"href":"https:\/\/www.europesays.com\/fi\/wp-json\/wp\/v2\/posts\/142931","targetHints":{"allow":["GET"]}}],"collection":[{"href":"https:\/\/www.europesays.com\/fi\/wp-json\/wp\/v2\/posts"}],"about":[{"href":"https:\/\/www.europesays.com\/fi\/wp-json\/wp\/v2\/types\/post"}],"author":[{"embeddable":true,"href":"https:\/\/www.europesays.com\/fi\/wp-json\/wp\/v2\/users\/2"}],"replies":[{"embeddable":true,"href":"https:\/\/www.europesays.com\/fi\/wp-json\/wp\/v2\/comments?post=142931"}],"version-history":[{"count":0,"href":"https:\/\/www.europesays.com\/fi\/wp-json\/wp\/v2\/posts\/142931\/revisions"}],"wp:featuredmedia":[{"embeddable":true,"href":"https:\/\/www.europesays.com\/fi\/wp-json\/wp\/v2\/media\/142932"}],"wp:attachment":[{"href":"https:\/\/www.europesays.com\/fi\/wp-json\/wp\/v2\/media?parent=142931"}],"wp:term":[{"taxonomy":"category","embeddable":true,"href":"https:\/\/www.europesays.com\/fi\/wp-json\/wp\/v2\/categories?post=142931"},{"taxonomy":"post_tag","embeddable":true,"href":"https:\/\/www.europesays.com\/fi\/wp-json\/wp\/v2\/tags?post=142931"}],"curies":[{"name":"wp","href":"https:\/\/api.w.org\/{rel}","templated":true}]}}