{"id":142934,"date":"2026-01-15T10:23:10","date_gmt":"2026-01-15T10:23:10","guid":{"rendered":"https:\/\/www.europesays.com\/fi\/142934\/"},"modified":"2026-01-15T10:23:10","modified_gmt":"2026-01-15T10:23:10","slug":"osuuspankin-verkkopankissa-ja-sovelluksessa-hairioita","status":"publish","type":"post","link":"https:\/\/www.europesays.com\/fi\/142934\/","title":{"rendered":"Osuuspankin verkkopankissa ja sovelluksessa h\u00e4iri\u00f6it\u00e4"},"content":{"rendered":"<p>Kirjautumisen kanssa voi olla ongelmia.<\/p>\n<p class=\"article-body mb-nof-24 px-nof-16\">OP:n pankkipalveluissa on h\u00e4iri\u00f6it\u00e4. Ainakaan mobiilisovellus ei torstaiaamup\u00e4iv\u00e4ll\u00e4 toiminut normaalisti tai mahdollistanut kirjautumista, vaan kirjautuminen kaatui virheilmoitukseen.<\/p>\n<p class=\"article-body mb-nof-24 px-nof-16\">Yritys kirjautua OP:hen verkkoselaimella ep\u00e4onnistui my\u00f6s.<\/p>\n<p class=\"article-body mb-nof-24 px-nof-16\">\u201dH\u00e4iri\u00f6 palvelussa, pahoittelemme. Palvelu ei ole juuri nyt k\u00e4ytett\u00e4viss\u00e4. Ole hyv\u00e4 ja yrit\u00e4 my\u00f6hemmin uudelleen. Katkon aikana voit asioida mobiilipalveluissamme\u201d, lukee OP:n verkkopuolella.<\/p>\n<p class=\"article-body mb-nof-24 px-nof-16\"><a class=\"underline underline-offset-[0.12em] [text-decoration-thickness:var(--generic-link-underline-thickness)] [text-decoration-color:var(--generic-link-underline-color)] [text-decoration-skip-ink:var(--generic-link-underline-skip-ink)] break-words\" href=\"https:\/\/downdetector.fi\/ei-toimi\/op\/\" rel=\"nofollow noopener\" target=\"_blank\">Downdetectorin<\/a> perusteella ongelmat alkoivat kymmenen j\u00e4lkeen. Ilmoituksia on annettu lyhyess\u00e4 ajassa yli kaksi ja puoli tuhatta.<\/p>\n<p><img decoding=\"async\" src=\"https:\/\/www.europesays.com\/fi\/wp-content\/uploads\/2026\/01\/1768472590_440_468.jpg\" alt=\"Kuvakaappaus OP:n sivuilta.\" class=\"_Img_1rerz_1\" style=\"aspect-ratio:2.029598308668076\" loading=\"eager\"\/><\/p>\n<p class=\"article-picture-caption\">Kuvakaappaus OP:n sivuilta.<\/p>\n<p class=\"article-body mb-nof-24 px-nof-16\">OP:lla oli ongelmia my\u00f6s tammikuun alussa. Tuolloin kyseess\u00e4 ei ollut palvelunestohy\u00f6kk\u00e4ys. T\u00e4m\u00e4nkertainen ongelmien syy on ep\u00e4selv\u00e4.<\/p>\n<p class=\"article-body mb-nof-24 px-nof-16\">OP kertoo viestipalvelu X:ss\u00e4 selvitt\u00e4v\u00e4ns\u00e4 asiaa.<\/p>\n<p class=\"article-body nof-ui-body-medium mb-nof-24 px-nof-16\">T\u00e4m\u00e4 on p\u00e4ivittyv\u00e4 uutinen.<\/p>\n","protected":false},"excerpt":{"rendered":"Kirjautumisen kanssa voi olla ongelmia. OP:n pankkipalveluissa on h\u00e4iri\u00f6it\u00e4. Ainakaan mobiilisovellus ei torstaiaamup\u00e4iv\u00e4ll\u00e4 toiminut normaalisti tai mahdollistanut kirjautumista,&hellip;\n","protected":false},"author":2,"featured_media":142935,"comment_status":"","ping_status":"","sticky":false,"template":"","format":"standard","meta":{"footnotes":""},"categories":[84],"tags":[157,33,31,30,32,91,92],"class_list":{"0":"post-142934","1":"post","2":"type-post","3":"status-publish","4":"format-standard","5":"has-post-thumbnail","7":"category-teknologia","8":"tag-aamulehti","9":"tag-fi","10":"tag-finland","11":"tag-finnish","12":"tag-suomi","13":"tag-technology","14":"tag-teknologia"},"share_on_mastodon":{"url":"https:\/\/pubeurope.com\/@fi\/115898627125674085","error":""},"_links":{"self":[{"href":"https:\/\/www.europesays.com\/fi\/wp-json\/wp\/v2\/posts\/142934","targetHints":{"allow":["GET"]}}],"collection":[{"href":"https:\/\/www.europesays.com\/fi\/wp-json\/wp\/v2\/posts"}],"about":[{"href":"https:\/\/www.europesays.com\/fi\/wp-json\/wp\/v2\/types\/post"}],"author":[{"embeddable":true,"href":"https:\/\/www.europesays.com\/fi\/wp-json\/wp\/v2\/users\/2"}],"replies":[{"embeddable":true,"href":"https:\/\/www.europesays.com\/fi\/wp-json\/wp\/v2\/comments?post=142934"}],"version-history":[{"count":0,"href":"https:\/\/www.europesays.com\/fi\/wp-json\/wp\/v2\/posts\/142934\/revisions"}],"wp:featuredmedia":[{"embeddable":true,"href":"https:\/\/www.europesays.com\/fi\/wp-json\/wp\/v2\/media\/142935"}],"wp:attachment":[{"href":"https:\/\/www.europesays.com\/fi\/wp-json\/wp\/v2\/media?parent=142934"}],"wp:term":[{"taxonomy":"category","embeddable":true,"href":"https:\/\/www.europesays.com\/fi\/wp-json\/wp\/v2\/categories?post=142934"},{"taxonomy":"post_tag","embeddable":true,"href":"https:\/\/www.europesays.com\/fi\/wp-json\/wp\/v2\/tags?post=142934"}],"curies":[{"name":"wp","href":"https:\/\/api.w.org\/{rel}","templated":true}]}}