{"id":142936,"date":"2026-01-15T10:24:20","date_gmt":"2026-01-15T10:24:20","guid":{"rendered":"https:\/\/www.europesays.com\/fi\/142936\/"},"modified":"2026-01-15T10:24:20","modified_gmt":"2026-01-15T10:24:20","slug":"tyoelaman-temu-laki-etenee-luvassa-lisaa-huononnuksia-tyontekijoiden-oikeuksiin-suomen-ammattiliittojen-keskusjarjesto-sak-ry","status":"publish","type":"post","link":"https:\/\/www.europesays.com\/fi\/142936\/","title":{"rendered":"Ty\u00f6el\u00e4m\u00e4n Temu-laki etenee \u2013 luvassa lis\u00e4\u00e4 huononnuksia ty\u00f6ntekij\u00f6iden oikeuksiin | Suomen Ammattiliittojen Keskusj\u00e4rjest\u00f6 SAK ry"},"content":{"rendered":"<p>\u2013 T\u00e4m\u00e4 ty\u00f6el\u00e4m\u00e4n Temu-laki tuo lis\u00e4\u00e4 ep\u00e4varmuutta Suomen yli kahden miljoonan palkansaajan el\u00e4m\u00e4\u00e4n. Ja kuten muutkin nykyisen hallituksen tekem\u00e4t ty\u00f6el\u00e4m\u00e4heikennykset, se samalla p\u00f6nkitt\u00e4\u00e4 ty\u00f6nantajien asemaa ja valtaa, SAK:n juristi <strong>Katariina Sahlberg<\/strong> toteaa.<\/p>\n<p>Hallitus esitt\u00e4\u00e4, ett\u00e4 m\u00e4\u00e4r\u00e4aikaisen ty\u00f6sopimuksen voisi ty\u00f6antajan aloitteesta tehd\u00e4 ilman perusteltua syyt\u00e4 vuoden ajaksi, jos kysymys on \u2019\u2019ensimm\u00e4isest\u00e4\u2019\u2019 ty\u00f6sopimuksesta ty\u00f6nantajan ja ty\u00f6ntekij\u00e4n v\u00e4lill\u00e4. Ty\u00f6sopimuksen ei kuitenkaan tosiasiassa tarvitse olla ensimm\u00e4inen, Sahlberg huomauttaa.<\/p>\n<p>\u2013 M\u00e4\u00e4r\u00e4aikaisen ty\u00f6sopimuksen voisi tehd\u00e4 ilman perusteltua syyt\u00e4 my\u00f6s silloin, jos ty\u00f6nantajan ja ty\u00f6ntekij\u00e4n v\u00e4lisen edellisen ty\u00f6suhteen p\u00e4\u00e4ttymisest\u00e4 on kulunut sopimuksen alkamishetkell\u00e4 vain kaksi vuotta. Lis\u00e4ksi ilman perustetta solmittu vuoden m\u00e4\u00e4r\u00e4aikaisuus voitaisiin heti alkuun p\u00e4tki\u00e4 kolmeen osaan.<\/p>\n<p>Hallituksen esityksen vaikutusarvioinneissa sanotaan suoraan, ett\u00e4 m\u00e4\u00e4r\u00e4aikaisten ty\u00f6suhteiden kasvu lis\u00e4\u00e4 my\u00f6s syrjint\u00e4tapausten m\u00e4\u00e4r\u00e4\u00e4.<\/p>\n<p>\u2013 P\u00e4tk\u00e4t\u00f6iden lis\u00e4\u00e4minen lakiteitse on karhunpalvelus etenkin naisille ja lis\u00e4\u00e4 ep\u00e4tasa-arvoa ja syrjint\u00e4\u00e4 ty\u00f6el\u00e4m\u00e4ss\u00e4. Hallituksen linja on k\u00e4sitt\u00e4m\u00e4t\u00f6n senkin vuoksi, ettei m\u00e4\u00e4r\u00e4aikaisten ty\u00f6ntekij\u00f6iden aseman heikennyksill\u00e4 ole osoitettavissa my\u00f6nteisi\u00e4 vaikutuksia ty\u00f6llisyyteen tai tuottavuuteen. T\u00e4m\u00e4kin todetaan hallituksen omassa esityksess\u00e4, Sahlberg ihmettelee.<\/p>\n<p>Hallituksen esitys huonontaisi my\u00f6s lomautettujen ty\u00f6ntekij\u00f6iden asemaa. Lomautuksista voisi jatkossa ilmoittaa ty\u00f6ntekij\u00f6ille vain seitsem\u00e4n p\u00e4iv\u00e4\u00e4 ennen niiden alkamista nykyisen 14 p\u00e4iv\u00e4n sijaan. Vaikka ty\u00f6ehtosopimuksessa olisi sovittu pidemm\u00e4st\u00e4 ilmoitusajasta, voitaisiin paikallisesti sopia, ett\u00e4 ty\u00f6paikalla noudatetaankin lain minimi\u00e4.<\/p>\n<p>\u2013 Kirjauksella siis mahdollistetaan ty\u00f6ehtosopimuksen m\u00e4\u00e4r\u00e4yksen heikent\u00e4minen ty\u00f6ntekij\u00f6iden vahingoksi, Katariina Sahlberg huomauttaa.<\/p>\n<p>Lis\u00e4ksi hallitus haluaa esityksell\u00e4\u00e4n heikent\u00e4\u00e4 tuotannollisista ja taloudellisista syist\u00e4 irtisanottujen ty\u00f6ntekij\u00f6iden oikeuksia. Jos ty\u00f6paikan tilanne muuttuu, ei kaikilla ty\u00f6nantajilla olisi en\u00e4\u00e4 velvollisuutta tarjota ty\u00f6t\u00e4 aikaisemmin ty\u00f6paikalta irtisanotuille ty\u00f6ntekij\u00f6ille. T\u00e4m\u00e4 ty\u00f6nantajan takaisinottovelvollisuus koskisi jatkossa vain niit\u00e4 ty\u00f6nantajia, joiden ty\u00f6ntekij\u00f6iden lukum\u00e4\u00e4r\u00e4 on s\u00e4\u00e4nn\u00f6llisesti v\u00e4hint\u00e4\u00e4n 50. Nykyisell\u00e4\u00e4n alarajaa ei ole.<\/p>\n<p>Hallituksen esitys ty\u00f6sopimuslain muuttamisesta esitell\u00e4\u00e4n t\u00e4n\u00e4\u00e4n torstaina valtioneuvoston yleisistunnossa.<\/p>\n<p>\u2013 Hallitus tekee esityksell\u00e4\u00e4n melkoisen arvovalinnan tilanteessa, jossa kotimainen kulutuskin sakkaa ihmisten kokeman ep\u00e4varmuuden takia. N\u00e4m\u00e4 muutosesitykset eiv\u00e4t varmasti tule parantamaan tilannetta, SAK:n juristi Katariina Sahlberg sanoo.<\/p>\n","protected":false},"excerpt":{"rendered":"\u2013 T\u00e4m\u00e4 ty\u00f6el\u00e4m\u00e4n Temu-laki tuo lis\u00e4\u00e4 ep\u00e4varmuutta Suomen yli kahden miljoonan palkansaajan el\u00e4m\u00e4\u00e4n. Ja kuten muutkin nykyisen hallituksen&hellip;\n","protected":false},"author":2,"featured_media":142937,"comment_status":"","ping_status":"","sticky":false,"template":"","format":"standard","meta":{"footnotes":""},"categories":[76],"tags":[79,77,33,31,30,32,78],"class_list":{"0":"post-142936","1":"post","2":"type-post","3":"status-publish","4":"format-standard","5":"has-post-thumbnail","7":"category-talous","8":"tag-business","9":"tag-economy","10":"tag-fi","11":"tag-finland","12":"tag-finnish","13":"tag-suomi","14":"tag-talous"},"share_on_mastodon":{"url":"https:\/\/pubeurope.com\/@fi\/115898631106607276","error":""},"_links":{"self":[{"href":"https:\/\/www.europesays.com\/fi\/wp-json\/wp\/v2\/posts\/142936","targetHints":{"allow":["GET"]}}],"collection":[{"href":"https:\/\/www.europesays.com\/fi\/wp-json\/wp\/v2\/posts"}],"about":[{"href":"https:\/\/www.europesays.com\/fi\/wp-json\/wp\/v2\/types\/post"}],"author":[{"embeddable":true,"href":"https:\/\/www.europesays.com\/fi\/wp-json\/wp\/v2\/users\/2"}],"replies":[{"embeddable":true,"href":"https:\/\/www.europesays.com\/fi\/wp-json\/wp\/v2\/comments?post=142936"}],"version-history":[{"count":0,"href":"https:\/\/www.europesays.com\/fi\/wp-json\/wp\/v2\/posts\/142936\/revisions"}],"wp:featuredmedia":[{"embeddable":true,"href":"https:\/\/www.europesays.com\/fi\/wp-json\/wp\/v2\/media\/142937"}],"wp:attachment":[{"href":"https:\/\/www.europesays.com\/fi\/wp-json\/wp\/v2\/media?parent=142936"}],"wp:term":[{"taxonomy":"category","embeddable":true,"href":"https:\/\/www.europesays.com\/fi\/wp-json\/wp\/v2\/categories?post=142936"},{"taxonomy":"post_tag","embeddable":true,"href":"https:\/\/www.europesays.com\/fi\/wp-json\/wp\/v2\/tags?post=142936"}],"curies":[{"name":"wp","href":"https:\/\/api.w.org\/{rel}","templated":true}]}}