{"id":142938,"date":"2026-01-15T10:25:09","date_gmt":"2026-01-15T10:25:09","guid":{"rendered":"https:\/\/www.europesays.com\/fi\/142938\/"},"modified":"2026-01-15T10:25:09","modified_gmt":"2026-01-15T10:25:09","slug":"tytar-murhasi-vanhempansa-ja-eli-4-vuotta-ruumiiden-kanssa","status":"publish","type":"post","link":"https:\/\/www.europesays.com\/fi\/142938\/","title":{"rendered":"Tyt\u00e4r murhasi vanhempansa ja eli 4 vuotta ruumiiden kanssa"},"content":{"rendered":"<p>Englantilainen Virginia McCullough j\u00e4i kiinni syyskuussa 2023.<\/p>\n<p><img decoding=\"async\" class=\"image image-show image-preview\" src=\"https:\/\/www.europesays.com\/fi\/wp-content\/uploads\/2026\/01\/48b8d94d9ab0067ff89b01223a4aafda6d584e99677cda48fbac236414c8426c.jpg\" alt=\"\"\/><img decoding=\"async\" class=\"image image-show\" src=\"https:\/\/www.europesays.com\/fi\/wp-content\/uploads\/2026\/01\/1768472709_383_48b8d94d9ab0067ff89b01223a4aafda6d584e99677cda48fbac236414c8426c.jpg\" alt=\"\"\/><\/p>\n<p>Dokumentissa n\u00e4hd\u00e4\u00e4n tallenne oikeasta tilanteesta, kun poliisit saapuvat Virginia McCullough\u2019n kotiin. H\u00e4n tunnustaa nopeasti tekonsa.  MTV3<\/p>\n<p class=\"paragraph\">Vuonna 2023 Isoa-Britanniaa j\u00e4rkytti pieness\u00e4 kyl\u00e4ss\u00e4 tapahtunut perhemurha. Syylliseksi osoittautui paljastumisen aikaan 35-vuotias <strong>Virginia \u201dGinny\u201d McCullough<\/strong>. H\u00e4n tappoi suunnitelmallisesti omat vanhempansa, j\u00e4i asumaan ruumiiden kanssa ja valehteli systemaattisesti muille perheenj\u00e4senille ja viranomaisille vuosien ajan esitt\u00e4en, ett\u00e4 vanhemmat olivat yh\u00e4 elossa.<\/p>\n<p class=\"paragraph\">\u2013\u2009Olen tehnyt paljon virheit\u00e4 el\u00e4m\u00e4ni aikani. Petin muita, salailin asioita ja sabotoin itse\u00e4ni. Pahin virheist\u00e4ni oli vanhempieni tappaminen.<\/p>\n<p class=\"paragraph\">McCullough kirjoittaa n\u00e4in kirjeess\u00e4, jossa h\u00e4n kertoo my\u00f6s hyv\u00e4ksyv\u00e4ns\u00e4 tulossa olevan tuomion. Kirje n\u00e4hd\u00e4\u00e4n Confessions of a Parent Killer -dokumentissa, ja sanat kuuluvat oikealle McCulloughille. \u00c4\u00e4neen ne lausuu kuitenkin n\u00e4yttelij\u00e4. Kirje on kirjoitettu, kun McCullough odotti tuomiotaan kaksoismurhasta. McCullough sai elinkautisen, joka tarkoittaa h\u00e4nen tapauksessaan ainakin 36 vuotta telkien takana.<\/p>\n<p>Oikeudelle toimittamissaan kirjeiss\u00e4 Virginia McCullough\u2019n sisarukset vahvistivat Lois ja John McCullough\u2019n mielenterveys- ja alkoholiongelmat. V\u00e4kivaltaisuuden he kiistiv\u00e4t. PA Images \/ Alamy Stock Photo, All Over Press<\/p>\n<p class=\"paragraph\">McCullough\u2019n vanhemmat <strong>Lois<\/strong> ja <strong>John McCullough<\/strong> olivat kuollessaan 71- ja 70-vuotiaita. Heid\u00e4n ruumiinsa l\u00f6ydettiin syyskuussa 2023 Great Baddow&#8217;sta, joka sijaitsee Essexiss\u00e4. Tyt\u00e4r my\u00f6nsi myrkytt\u00e4neens\u00e4 is\u00e4ns\u00e4 ja puukottaneensa \u00e4itins\u00e4 kes\u00e4ll\u00e4 2019. Tyt\u00e4r asui samassa talossa vanhempiensa ruumiiden kanssa yli nelj\u00e4 vuotta. Sin\u00e4 aikana McCullough k\u00e4ytti heid\u00e4n el\u00e4kkeens\u00e4. Jo vanhempiensa el\u00e4ess\u00e4 McCullough oli ottanut n\u00e4iden nimiin suuria lainoja.<\/p>\n<p class=\"paragraph\">Lois ja John McCulloughin kohtalo selvisi, kun l\u00e4\u00e4k\u00e4ri alkoi ihmetell\u00e4, miksi h\u00e4nen potilaansa eiv\u00e4t koskaan saapuneet vastaanotolle. <a href=\"https:\/\/www.bbc.com\/news\/articles\/c5ywjvwe01no\" target=\"_blank\" rel=\"noopener nofollow\">BBC:n<\/a> jutussa lainataan syytt\u00e4\u00e4, jonka mukaan koronapandemia rajoituksineen mahdollisti sen, ett\u00e4 McCullough pystyi peittelem\u00e4\u00e4n hirmutekojaan niin kauan.<\/p>\n<p class=\"paragraph\">Dokumentissa McCulloughin kerrotaan kavaltaneen murhien j\u00e4lkeen vanhempiensa pankkitileilt\u00e4 ja el\u00e4kkeist\u00e4 noin 150 000 puntaa eli noin 170 000 euroa.<\/p>\n<p>Virginia McCullough&#8217;n tunteneet kuvailevat h\u00e4nt\u00e4 dokumentissa oudoksi ja erikoiseksi. My\u00f6s is\u00e4\u00e4 kuvaillaan samoin. MTV3<\/p>\n<p class=\"paragraph\">Dokumentin kirjeess\u00e4 McCullough kirjoittaa tienneens\u00e4 jo lapsena, ett\u00e4 h\u00e4nen olisi parempi ilman perhett\u00e4\u00e4n. Tytt\u00e4ren mukaan vanhemmat olivat ankaria, kylmi\u00e4 ja v\u00e4kivaltaisia ja nolasivat h\u00e4net julkisesti. Kehuja eik\u00e4 hyv\u00e4ksynt\u00e4\u00e4 irronnut, ainoastaan koulumenestyksell\u00e4 oli merkityst\u00e4.<\/p>\n<p class=\"paragraph\">\u2013\u2009Harkitsin itseni tappamista ennen kuin vanhempieni.<\/p>\n<p class=\"paragraph\">McCullough kirjoittaa, ettei h\u00e4nell\u00e4 ole en\u00e4\u00e4 mit\u00e4\u00e4n syyt\u00e4 valehdella.<\/p>\n<p class=\"paragraph\">\u2013\u2009Haluan kuvata tarkkaan, mik\u00e4 johti minut tekem\u00e4\u00e4n rikokseni.<\/p>\n<p class=\"paragraph\">Dokumentissa McCulloughin sisarukset kuitenkin kiist\u00e4v\u00e4t vanhempiensa v\u00e4kivaltaisuuden. He my\u00f6nt\u00e4v\u00e4t heid\u00e4n mielenterveys- ja alkoholiongelmansa.<\/p>\n<p>Virginia McCullough kertoo kirjeess\u00e4\u00e4n olleensa koulukiusattu. My\u00f6s vanhat koulutoverit vahvistavat t\u00e4m\u00e4n. MTV3<\/p>\n<p class=\"paragraph\">Konsultoiva oikeuspsykiatri, tohtori <strong>Sohom Das<\/strong> kertoo dokumentissa, ett\u00e4 McCulloughille tehtiin psykologinen arviointi. H\u00e4net todettiin syyntakeiseksi.<\/p>\n<p class=\"paragraph\">\u2013\u2009Oikeuden asiantuntijat totesivat, ett\u00e4 Virginialla on neurologinen kehitysh\u00e4iri\u00f6 ja psykopaattisia piirteit\u00e4. Psykopaattisiin piirteisiin kuuluu empatian puute, v\u00e4linpit\u00e4m\u00e4tt\u00f6myys muiden oikeuksista, impulsiivisuus, rikollinen monimuotoisuus, juonittelu ja manipulointi, Das selvent\u00e4\u00e4.<\/p>\n<p class=\"paragraph\">\u2013\u2009Psykopaattiset piirteet ajoivat h\u00e4net murhaamaan vanhempansa.<\/p>\n<p class=\"paragraph\">Confessions of a Parent Killer t\u00e4n\u00e4\u00e4n Katsomossa. <a href=\"https:\/\/www.iltalehti.fi\/telkku\/\" rel=\"nofollow noopener\" target=\"_blank\">Katso kaikki\u00a0TV-ohjelmat ja l\u00e4hetysajat Telkun TV-oppaasta<\/a>.<\/p>\n","protected":false},"excerpt":{"rendered":"Englantilainen Virginia McCullough j\u00e4i kiinni syyskuussa 2023. Dokumentissa n\u00e4hd\u00e4\u00e4n tallenne oikeasta tilanteesta, kun poliisit saapuvat Virginia McCullough\u2019n kotiin.&hellip;\n","protected":false},"author":2,"featured_media":142939,"comment_status":"","ping_status":"","sticky":false,"template":"","format":"standard","meta":{"footnotes":""},"categories":[14],"tags":[35,22,23,26,27,33,31,30,17,99,100,24,25,28,29,15,18,21,98,38,32,19,20,140,56,16,59,60,61],"class_list":{"0":"post-142938","1":"post","2":"type-post","3":"status-publish","4":"format-standard","5":"has-post-thumbnail","7":"category-ulkomaat","8":"tag-24h","9":"tag-breaking-news","10":"tag-breakingnews","11":"tag-featured-news","12":"tag-featurednews","13":"tag-fi","14":"tag-finland","15":"tag-finnish","16":"tag-headlines","17":"tag-lapset","18":"tag-lapset-ja-nuoret","19":"tag-latest-news","20":"tag-latestnews","21":"tag-main-news","22":"tag-mainnews","23":"tag-news","24":"tag-otsikot","25":"tag-paauutiset","26":"tag-perhe","27":"tag-rikos","28":"tag-suomi","29":"tag-top-stories","30":"tag-topstories","31":"tag-tv-ja-elokuvat","32":"tag-ulkomaat","33":"tag-uutiset","34":"tag-world","35":"tag-world-news","36":"tag-worldnews"},"share_on_mastodon":{"url":"https:\/\/pubeurope.com\/@fi\/115898634984177756","error":""},"_links":{"self":[{"href":"https:\/\/www.europesays.com\/fi\/wp-json\/wp\/v2\/posts\/142938","targetHints":{"allow":["GET"]}}],"collection":[{"href":"https:\/\/www.europesays.com\/fi\/wp-json\/wp\/v2\/posts"}],"about":[{"href":"https:\/\/www.europesays.com\/fi\/wp-json\/wp\/v2\/types\/post"}],"author":[{"embeddable":true,"href":"https:\/\/www.europesays.com\/fi\/wp-json\/wp\/v2\/users\/2"}],"replies":[{"embeddable":true,"href":"https:\/\/www.europesays.com\/fi\/wp-json\/wp\/v2\/comments?post=142938"}],"version-history":[{"count":0,"href":"https:\/\/www.europesays.com\/fi\/wp-json\/wp\/v2\/posts\/142938\/revisions"}],"wp:featuredmedia":[{"embeddable":true,"href":"https:\/\/www.europesays.com\/fi\/wp-json\/wp\/v2\/media\/142939"}],"wp:attachment":[{"href":"https:\/\/www.europesays.com\/fi\/wp-json\/wp\/v2\/media?parent=142938"}],"wp:term":[{"taxonomy":"category","embeddable":true,"href":"https:\/\/www.europesays.com\/fi\/wp-json\/wp\/v2\/categories?post=142938"},{"taxonomy":"post_tag","embeddable":true,"href":"https:\/\/www.europesays.com\/fi\/wp-json\/wp\/v2\/tags?post=142938"}],"curies":[{"name":"wp","href":"https:\/\/api.w.org\/{rel}","templated":true}]}}