{"id":142942,"date":"2026-01-15T10:27:13","date_gmt":"2026-01-15T10:27:13","guid":{"rendered":"https:\/\/www.europesays.com\/fi\/142942\/"},"modified":"2026-01-15T10:27:13","modified_gmt":"2026-01-15T10:27:13","slug":"lannoiteoligarkin-ruhjottu-ruumis-loytyi-kyprokselta-katoamispaivana-outoja-tapahtumia","status":"publish","type":"post","link":"https:\/\/www.europesays.com\/fi\/142942\/","title":{"rendered":"Lannoiteoligarkin ruhjottu ruumis l\u00f6ytyi Kyprokselta \u2013 katoamisp\u00e4iv\u00e4n\u00e4 outoja tapahtumia"},"content":{"rendered":"<p>Kadonneen liikemiehen etsinn\u00e4t p\u00e4\u00e4ttyiv\u00e4t j\u00e4rkytt\u00e4v\u00e4\u00e4n l\u00f6yt\u00f6\u00f6n Kyproksen rannikolla.<\/p>\n<p>Lue tiivistelm\u00e4<\/p>\n<p class=\"article-body mb-nof-24 px-nof-16 sndp-summary-bullet-point-font\">Kyproksen etel\u00e4rannikolta l\u00f6ytyi keskiviikkona pahoin ruhjoutunut ruumis, jonka uskotaan olevan ven\u00e4l\u00e4isoligarkki Vladislav Baumgertner.<\/p>\n<p class=\"article-body mb-nof-24 px-nof-16 sndp-summary-bullet-point-font\">56-vuotias Baumgertner katosi viime viikolla l\u00e4hdetty\u00e4\u00e4n taksilla rannikolle kalliokiipeilem\u00e4\u00e4n.<\/p>\n<p class=\"article-body mb-nof-24 px-nof-16 sndp-summary-bullet-point-font\">Baumgertner ty\u00f6skenteli aiemmin ven\u00e4l\u00e4isen lannoiteyritys Uralkalin toimitusjohtajana, kunnes h\u00e4net pid\u00e4tettiin vuonna 2013 Valko-Ven\u00e4j\u00e4ll\u00e4 hintamanipulaatiosyyt\u00f6ksill\u00e4.<\/p>\n<p class=\"article-body mb-nof-24 px-nof-16 sndp-summary-bullet-point-font\">Samana p\u00e4iv\u00e4n\u00e4 kun Baumgertner katosi, Kyproksella l\u00f6ydettiin kuolleena Ven\u00e4j\u00e4n suurl\u00e4hetyst\u00f6n ty\u00f6ntekij\u00e4 Anton Panov. Samana p\u00e4iv\u00e4n\u00e4 puhkesi my\u00f6s korruptioskandaali.<\/p>\n<p class=\"article-body mb-nof-24 px-nof-16\">Kyproksen etel\u00e4rannikolta l\u00f6ydettiin keskiviikkona pahoin ruhjoutunut ruumis. Kuolleen uskotaan olevan ven\u00e4l\u00e4isoligarkki <a class=\"font-bold underline-offset-[0.12em] [text-decoration:var(--person-link-text-decoration)] ![text-decoration-color:var(--person-link-text-decoration-color)]\" href=\"https:\/\/www.is.fi\/haku\/?query=Vladislav%20Baumgertner\" rel=\"nofollow noopener\" target=\"_blank\">Vladislav Baumgertner<\/a>, 56, joka katosi yll\u00e4tt\u00e4en viime viikolla.<\/p>\n<p class=\"article-body mb-nof-24 px-nof-16\">Ven\u00e4l\u00e4isen Fontankan mukaan ruumis kuuluisi liikemiehelle, mutta Kyproksen poliisi ei ole virallisesti tietoa vahvistanut tietoa. Fontankan mukaan ruumis l\u00f6ytyi rotkosta ja Kommersantin tietojen mukaan kuollut henkil\u00f6 vaikuttaisi pudonneen korkeuksista.<\/p>\n<p class=\"article-body mb-nof-24 px-nof-16\">Fontankan mukaan Baumgertner harrasti aktiivisesti kalliokiipeily\u00e4 ja oli todenn\u00e4k\u00f6isesti yritt\u00e4nyt valloittaa uutta vaativaa reitti\u00e4. Paikallispoliisi kertoi RBC:lle, ett\u00e4 tunnistaminen silm\u00e4m\u00e4\u00e4r\u00e4isesti on vaikeaa, koska \u201druumis on turvonnut ja iho on tummunut\u201d.<\/p>\n<p class=\"article-body mb-nof-24 px-nof-16\">Kyproksella Limassolissa asunut Baumgertner katosi keskiviikkona 7. tammikuuta. Viimeisimm\u00e4n tiedon mukaan h\u00e4n oli napannut taksin l\u00e4hte\u00e4kseen rannikolle kalliokiipeilem\u00e4\u00e4n. Miehen suuretsinn\u00e4t k\u00e4ynnistyiv\u00e4t viikonloppuna ja siihen osallistui Kyproksella pelastushenkil\u00f6st\u00f6\u00e4, vapaaehtoisia ja Britannian sotilastukikohdan sotilaita.<\/p>\n<p class=\"article-body mb-nof-24 px-nof-16\">Miest\u00e4 etsittiin muun muassa helikopterin ja vapaaehtoisten avulla vaikeakulkuiselta rannikkoseudulta, jossa Baumgertnerin puhelimen signaali viimeksi havaittiin.<\/p>\n<p class=\"article-body mb-nof-24 px-nof-16\">Tunnistamaton ruumis on viety tutkittavaksi kuolinsyytutkijalle, joka ottaa dna-n\u00e4ytteet henkil\u00f6llisyyden varmistamiseksi. Baumgertnerin etsint\u00e4operaatio on p\u00e4\u00e4ttynyt.<\/p>\n<p class=\"article-body mb-nof-24 px-nof-16\">Baumgertner oli asunut vuosia Kyproksella.<\/p>\n<p class=\"article-body mb-nof-24 px-nof-16\">H\u00e4n ty\u00f6skenteli aiemmin ven\u00e4l\u00e4isen lannoitteita valmistavan suuryrityksen Uralkalin toimitusjohtajana, kunnes h\u00e4net pid\u00e4tettiin vuonna 2013 Valko-Ven\u00e4j\u00e4ll\u00e4. T\u00e4t\u00e4 ennen Uralkali oli ilmoittanut aikovansa irtautua yhteisest\u00e4 lannoitekartellista Valko-Ven\u00e4j\u00e4n kanssa.<\/p>\n<p class=\"article-body mb-nof-24 px-nof-16\">Valko-Ven\u00e4j\u00e4n viranomaiset syyttiv\u00e4t Baumgertneria siit\u00e4, ett\u00e4 h\u00e4n olisi manipuloinut hintoja ja aiheuttanut valtiolle per\u00e4ti sadan miljoonan dollarin vahingot.<\/p>\n<p class=\"article-body mb-nof-24 px-nof-16\">Miest\u00e4 pidettiin kuukauden ajan pid\u00e4tettyn\u00e4, kunnes h\u00e4net siirrettiin kotiarestiin ja palautettiin Ven\u00e4j\u00e4lle. My\u00f6hemmin syytteist\u00e4 luovuttiin.<\/p>\n<p class=\"article-body mb-nof-24 px-nof-16\">Samana p\u00e4iv\u00e4n\u00e4 kun Baumgertner katosi, Kyproksella l\u00f6ydettiin kuolleena Ven\u00e4j\u00e4n suurl\u00e4hetyst\u00f6n ty\u00f6ntekij\u00e4 <a class=\"font-bold underline-offset-[0.12em] [text-decoration:var(--person-link-text-decoration)] ![text-decoration-color:var(--person-link-text-decoration-color)]\" href=\"https:\/\/www.is.fi\/haku\/?query=Anton%20Panov\" rel=\"nofollow noopener\" target=\"_blank\">Anton Panov<\/a>, <a class=\"underline underline-offset-[0.12em] [text-decoration-thickness:var(--generic-link-underline-thickness)] [text-decoration-color:var(--generic-link-underline-color)] [text-decoration-skip-ink:var(--generic-link-underline-skip-ink)] break-words\" href=\"https:\/\/www.svoboda.org\/a\/na-kipre-obnaruzhili-telo-eks-glavy-uralkaliya-baumgertnera\/33648165.html\" rel=\"nofollow noopener\" target=\"_blank\">kertoo<\/a> Radio Svoboda. H\u00e4nen kerrotaan ty\u00f6skennelleen suurl\u00e4hetyst\u00f6ss\u00e4 kryptografina ja olleen yhteydess\u00e4 Ven\u00e4j\u00e4n turvallisuuspalveluihin.<\/p>\n<p class=\"article-body mb-nof-24 px-nof-16\">Kyproksen poliisi kertoi paikallismedialle, ett\u00e4 Panov teki itsemurhan.<\/p>\n<p class=\"article-body mb-nof-24 px-nof-16\">Kyproksella puhkesi samana p\u00e4iv\u00e4n\u00e4 my\u00f6s korruptioskandaali, kun sosiaalisessa mediassa julkaistiin salaa kuvattu video korkea-arvoisten virkamiesten tapaamisesta. Videolla keskusteltiin korruptiok\u00e4yt\u00e4nn\u00f6ist\u00e4, muun muassa siit\u00e4, miten ven\u00e4l\u00e4isi\u00e4 autetaan kiert\u00e4m\u00e4\u00e4n EU:n pakotteita.<\/p>\n","protected":false},"excerpt":{"rendered":"Kadonneen liikemiehen etsinn\u00e4t p\u00e4\u00e4ttyiv\u00e4t j\u00e4rkytt\u00e4v\u00e4\u00e4n l\u00f6yt\u00f6\u00f6n Kyproksen rannikolla. Lue tiivistelm\u00e4 Kyproksen etel\u00e4rannikolta l\u00f6ytyi keskiviikkona pahoin ruhjoutunut ruumis, jonka&hellip;\n","protected":false},"author":2,"featured_media":142943,"comment_status":"","ping_status":"","sticky":false,"template":"","format":"standard","meta":{"footnotes":""},"categories":[5],"tags":[22,23,26,27,33,31,30,17,34,24,25,28,29,15,18,21,32,19,20,16],"class_list":{"0":"post-142942","1":"post","2":"type-post","3":"status-publish","4":"format-standard","5":"has-post-thumbnail","7":"category-otsikot","8":"tag-breaking-news","9":"tag-breakingnews","10":"tag-featured-news","11":"tag-featurednews","12":"tag-fi","13":"tag-finland","14":"tag-finnish","15":"tag-headlines","16":"tag-ilta-sanomat","17":"tag-latest-news","18":"tag-latestnews","19":"tag-main-news","20":"tag-mainnews","21":"tag-news","22":"tag-otsikot","23":"tag-paauutiset","24":"tag-suomi","25":"tag-top-stories","26":"tag-topstories","27":"tag-uutiset"},"share_on_mastodon":{"url":"https:\/\/pubeurope.com\/@fi\/115898642819151427","error":""},"_links":{"self":[{"href":"https:\/\/www.europesays.com\/fi\/wp-json\/wp\/v2\/posts\/142942","targetHints":{"allow":["GET"]}}],"collection":[{"href":"https:\/\/www.europesays.com\/fi\/wp-json\/wp\/v2\/posts"}],"about":[{"href":"https:\/\/www.europesays.com\/fi\/wp-json\/wp\/v2\/types\/post"}],"author":[{"embeddable":true,"href":"https:\/\/www.europesays.com\/fi\/wp-json\/wp\/v2\/users\/2"}],"replies":[{"embeddable":true,"href":"https:\/\/www.europesays.com\/fi\/wp-json\/wp\/v2\/comments?post=142942"}],"version-history":[{"count":0,"href":"https:\/\/www.europesays.com\/fi\/wp-json\/wp\/v2\/posts\/142942\/revisions"}],"wp:featuredmedia":[{"embeddable":true,"href":"https:\/\/www.europesays.com\/fi\/wp-json\/wp\/v2\/media\/142943"}],"wp:attachment":[{"href":"https:\/\/www.europesays.com\/fi\/wp-json\/wp\/v2\/media?parent=142942"}],"wp:term":[{"taxonomy":"category","embeddable":true,"href":"https:\/\/www.europesays.com\/fi\/wp-json\/wp\/v2\/categories?post=142942"},{"taxonomy":"post_tag","embeddable":true,"href":"https:\/\/www.europesays.com\/fi\/wp-json\/wp\/v2\/tags?post=142942"}],"curies":[{"name":"wp","href":"https:\/\/api.w.org\/{rel}","templated":true}]}}