{"id":142950,"date":"2026-01-15T10:39:08","date_gmt":"2026-01-15T10:39:08","guid":{"rendered":"https:\/\/www.europesays.com\/fi\/142950\/"},"modified":"2026-01-15T10:39:08","modified_gmt":"2026-01-15T10:39:08","slug":"joel-harkimo-ja-kastanja-rauhala-kuvattiin-yhdessa","status":"publish","type":"post","link":"https:\/\/www.europesays.com\/fi\/142950\/","title":{"rendered":"Joel Harkimo ja Kastanja Rauhala kuvattiin yhdess\u00e4"},"content":{"rendered":"<p>Joel Harkimon ja Kastanja Rauhalan suhteesta on py\u00f6rinyt spekulaatioita sosiaalisessa mediassa.<\/p>\n<p><img decoding=\"async\" class=\"image image-show image-preview\" src=\"https:\/\/www.europesays.com\/fi\/wp-content\/uploads\/2025\/09\/b85cf1438d1beb79c82060f0221ac588a65facf09167e2cc2fda96c194bf7406.jpg\" alt=\"\"\/><img decoding=\"async\" class=\"image image-show\" src=\"https:\/\/www.europesays.com\/fi\/wp-content\/uploads\/2025\/09\/1757867828_2_b85cf1438d1beb79c82060f0221ac588a65facf09167e2cc2fda96c194bf7406.jpg\" alt=\"\"\/><\/p>\n<p>Joel Harkimo, Jolle. Tanssii t\u00e4htien kanssa -l\u00e4hetys 14092025, Helsinki, Kuva: Atte Kajova \/ IL Atte Kajova<\/p>\n<p class=\"paragraph\"><a href=\"https:\/\/www.seiska.fi\/vain-seiskassa\/joel-harkimo-ja-kastanja-rauhala-paparazzikuvat-salatulta-lomalta\/2043310\" rel=\"noopener nofollow\" target=\"_blank\">Seiska<\/a> on julkaissut kuvia yritt\u00e4j\u00e4 <a href=\"https:\/\/www.iltalehti.fi\/henkilot\/Joel Harkimo\" class=\"article-link-person-page\" rel=\"nofollow noopener\" target=\"_blank\">Joel Harkimosta<\/a> ja TTK-opettajana tunnetusta <a href=\"https:\/\/www.iltalehti.fi\/henkilot\/Kastanja Rauhala\" class=\"article-link-person-page\" rel=\"nofollow noopener\" target=\"_blank\">Kastanja Rauhalasta<\/a>. Kaksikon v\u00e4leist\u00e4 on liikkunut huhuja sosiaalisessa mediassa viime aikoina.<\/p>\n<p class=\"paragraph\">Seiska on kuvannut kaksikon palaamassa takaisin Suomeen lomalta Italiasta. Lehden mukaan kaksikko erkaantui n\u00e4hty\u00e4\u00e4n paparazzin.<\/p>\n<p class=\"paragraph\">\u2013 En kommentoi, Harkimo vastasi Seiskan kysyess\u00e4 loman sujumista ja suhteen laatua.<\/p>\n<p class=\"paragraph\">\u2013 En ehdi nyt. Tulee puhelu, Rauhala puolestaan vastasi Seiskan mukaan.<\/p>\n<p class=\"paragraph\">Harkimo ja Rauhala ovat jakaneet vuorokauden esill\u00e4 oleviin Instagram-tarinoihinsa kuvia samoista paikoista, mutta yhdess\u00e4 heit\u00e4 ei ole n\u00e4kynyt sosiaalisessa mediassa. Harkimo on my\u00f6s jakanut kuvasy\u00f6tteeseens\u00e4 p\u00e4ivityksen Italiasta.<\/p>\n<p class=\"paragraph\">Jos julkaisu ei n\u00e4y, voit katsoa sen <a href=\"https:\/\/www.instagram.com\/p\/DTP61jvDG4Q\/?utm_source=ig_embed\" rel=\"noopener nofollow\" target=\"_blank\">t\u00e4st\u00e4 linkist\u00e4<\/a>.<\/p>\n<p class=\"paragraph\">Harkimo ilmoitti viime kes\u00e4n\u00e4 eronneensa juontaja ja rallikartturi <a href=\"https:\/\/www.iltalehti.fi\/henkilot\/Janni Hussi\" class=\"article-link-person-page\" rel=\"nofollow noopener\" target=\"_blank\">Janni Hussista<\/a>. Pari tuomittiin avioeroon lokakuussa.<\/p>\n<p class=\"paragraph\">Tanssinopettajana ty\u00f6skentelev\u00e4 Rauhala on ollut mukana TTK:ssa viimeiset kaksi kautta.<\/p>\n<p><script async src=\"\/\/www.instagram.com\/embed.js\"><\/script><\/p>\n","protected":false},"excerpt":{"rendered":"Joel Harkimon ja Kastanja Rauhalan suhteesta on py\u00f6rinyt spekulaatioita sosiaalisessa mediassa. Joel Harkimo, Jolle. Tanssii t\u00e4htien kanssa -l\u00e4hetys&hellip;\n","protected":false},"author":2,"featured_media":142951,"comment_status":"","ping_status":"","sticky":false,"template":"","format":"standard","meta":{"footnotes":""},"categories":[136],"tags":[35,407,137,33,31,30,408,979,32,2140,140,139,4241,109],"class_list":{"0":"post-142950","1":"post","2":"type-post","3":"status-publish","4":"format-standard","5":"has-post-thumbnail","7":"category-julkkikset","8":"tag-24h","9":"tag-celebrities","10":"tag-entertainment","11":"tag-fi","12":"tag-finland","13":"tag-finnish","14":"tag-julkkikset","15":"tag-sahkoinen-media","16":"tag-suomi","17":"tag-tosi-tv-ohjelmat","18":"tag-tv-ja-elokuvat","19":"tag-tv-ohjelmat","20":"tag-tv-persoonat","21":"tag-viihde"},"share_on_mastodon":{"url":"https:\/\/pubeurope.com\/@fi\/115898690083044096","error":""},"_links":{"self":[{"href":"https:\/\/www.europesays.com\/fi\/wp-json\/wp\/v2\/posts\/142950","targetHints":{"allow":["GET"]}}],"collection":[{"href":"https:\/\/www.europesays.com\/fi\/wp-json\/wp\/v2\/posts"}],"about":[{"href":"https:\/\/www.europesays.com\/fi\/wp-json\/wp\/v2\/types\/post"}],"author":[{"embeddable":true,"href":"https:\/\/www.europesays.com\/fi\/wp-json\/wp\/v2\/users\/2"}],"replies":[{"embeddable":true,"href":"https:\/\/www.europesays.com\/fi\/wp-json\/wp\/v2\/comments?post=142950"}],"version-history":[{"count":0,"href":"https:\/\/www.europesays.com\/fi\/wp-json\/wp\/v2\/posts\/142950\/revisions"}],"wp:featuredmedia":[{"embeddable":true,"href":"https:\/\/www.europesays.com\/fi\/wp-json\/wp\/v2\/media\/142951"}],"wp:attachment":[{"href":"https:\/\/www.europesays.com\/fi\/wp-json\/wp\/v2\/media?parent=142950"}],"wp:term":[{"taxonomy":"category","embeddable":true,"href":"https:\/\/www.europesays.com\/fi\/wp-json\/wp\/v2\/categories?post=142950"},{"taxonomy":"post_tag","embeddable":true,"href":"https:\/\/www.europesays.com\/fi\/wp-json\/wp\/v2\/tags?post=142950"}],"curies":[{"name":"wp","href":"https:\/\/api.w.org\/{rel}","templated":true}]}}