{"id":142975,"date":"2026-01-15T11:10:07","date_gmt":"2026-01-15T11:10:07","guid":{"rendered":"https:\/\/www.europesays.com\/fi\/142975\/"},"modified":"2026-01-15T11:10:07","modified_gmt":"2026-01-15T11:10:07","slug":"star-wars-hahmot-tayttavat-porin-paakirjaston-helmikuussa","status":"publish","type":"post","link":"https:\/\/www.europesays.com\/fi\/142975\/","title":{"rendered":"Star Wars -hahmot t\u00e4ytt\u00e4v\u00e4t Porin p\u00e4\u00e4kirjaston helmikuussa"},"content":{"rendered":"<p>Toista kertaa j\u00e4rjestett\u00e4v\u00e4ss\u00e4 tapahtumassa on ohjelmaa koko perheelle.<\/p>\n<p class=\"article-body mb-nof-24 px-nof-16\">Pori<\/p>\n<p class=\"article-body mb-nof-24 px-nof-16\">Porin p\u00e4\u00e4kirjastossa j\u00e4rjestet\u00e4\u00e4n Star Wars -aiheinen tapahtuma 7. helmikuuta kello 11\u201314. Toista kertaa j\u00e4rjestett\u00e4v\u00e4 Mandaporian \u2013 kirjaston vastaisku -tapahtuma tarjoaa ohjelmaa koko perheelle.<\/p>\n<p class=\"article-body mb-nof-24 px-nof-16\">Tapahtuman erikoisvieraana on Finnish Garrison -ryhm\u00e4, joka tuo kirjastoon avaruushahmoja elokuvatarkoissa puvuissa. Asuihin erikoistuneesta j\u00e4rjest\u00f6st\u00e4 voi kuulla tarkemmin aikuisten osastolla kello 11.30 alkaen.<\/p>\n<p class=\"article-body mb-nof-24 px-nof-16\">Aikuisten osastolla on tarjolla Star Wars -aiheinen bingo, teeman mukainen satutuokio ja 50 Filmii -podcastin livenauhoitus. T\u00e4n\u00e4 vuonna podcastin teemana on Jedin paluu\u202f-elokuva.<\/p>\n<p class=\"article-body mb-nof-24 px-nof-16\">Kirjaston yl\u00e4kerrassa osallistujat voivat seikkailla jediteemaisella radalla. Lastenosastolla on tarjolla pehmovalomiekkailua.<\/p>\n<p class=\"article-body mb-nof-24 px-nof-16\">Uutena ohjelmana tapahtumassa on omatoiminen Seikkailu avaruusasemalla. Seikkailussa mystinen h\u00e4t\u00e4viesti vie tuntemattomalle avaruusasemalle. Tarina tarjoaa valintoja, jotka muokkaavat seikkailun kulkua. Teht\u00e4v\u00e4t viev\u00e4t matkalle ymp\u00e4ri kirjastoa. Seikkailuun tarvitaan \u00e4lypuhelin tai tabletti.<\/p>\n<p class=\"article-body mb-nof-24 px-nof-16\">Omatoimisessa ohjelmassa on koko kirjastoon levittyv\u00e4 Galaksin olentoja -suunnistus ja Star Wars -teemaista askartelua. Yl\u00e4kerrassa p\u00e4\u00e4see pelaamaan Star Wars -aiheisia videopelej\u00e4 ja katsomaan elokuvaa.<\/p>\n<p class=\"article-body mb-nof-24 px-nof-16\">\u201dT\u00e4m\u00e4n vuoden tapahtuma jatkaa viime vuoden tutulla, huikealla tunnelmalla. Finnish Garrisonin vierailu on varmasti jotain sellaista, joka tuo kaukaisen galaksin l\u00e4helle jokaista k\u00e4vij\u00e4\u00e4\u201d, kulttuurisen nuorisoty\u00f6n koordinaattori <a class=\"font-bold underline-offset-[0.12em] [text-decoration:var(--person-link-text-decoration)] ![text-decoration-color:var(--person-link-text-decoration-color)]\" href=\"https:\/\/www.satakunnankansa.fi\/haku\/?query=Kai%20Korpi\" rel=\"nofollow noopener\" target=\"_blank\">Kai Korpi<\/a> sanoo.<\/p>\n<p class=\"article-body mb-nof-24 px-nof-16\">Tapahtuman aikana kirjaston asiakaspalvelu toimii normaalisti kello 15 saakka.<\/p>\n","protected":false},"excerpt":{"rendered":"Toista kertaa j\u00e4rjestett\u00e4v\u00e4ss\u00e4 tapahtumassa on ohjelmaa koko perheelle. Pori Porin p\u00e4\u00e4kirjastossa j\u00e4rjestet\u00e4\u00e4n Star Wars -aiheinen tapahtuma 7. helmikuuta&hellip;\n","protected":false},"author":2,"featured_media":142976,"comment_status":"","ping_status":"","sticky":false,"template":"","format":"standard","meta":{"footnotes":""},"categories":[131],"tags":[155,137,33,173,31,30,172,80,32,109],"class_list":{"0":"post-142975","1":"post","2":"type-post","3":"status-publish","4":"format-standard","5":"has-post-thumbnail","7":"category-elokuvat","8":"tag-elokuvat","9":"tag-entertainment","10":"tag-fi","11":"tag-film","12":"tag-finland","13":"tag-finnish","14":"tag-movies","15":"tag-satakunnan-kansa","16":"tag-suomi","17":"tag-viihde"},"share_on_mastodon":{"url":"https:\/\/pubeurope.com\/@fi\/115898811870114753","error":""},"_links":{"self":[{"href":"https:\/\/www.europesays.com\/fi\/wp-json\/wp\/v2\/posts\/142975","targetHints":{"allow":["GET"]}}],"collection":[{"href":"https:\/\/www.europesays.com\/fi\/wp-json\/wp\/v2\/posts"}],"about":[{"href":"https:\/\/www.europesays.com\/fi\/wp-json\/wp\/v2\/types\/post"}],"author":[{"embeddable":true,"href":"https:\/\/www.europesays.com\/fi\/wp-json\/wp\/v2\/users\/2"}],"replies":[{"embeddable":true,"href":"https:\/\/www.europesays.com\/fi\/wp-json\/wp\/v2\/comments?post=142975"}],"version-history":[{"count":0,"href":"https:\/\/www.europesays.com\/fi\/wp-json\/wp\/v2\/posts\/142975\/revisions"}],"wp:featuredmedia":[{"embeddable":true,"href":"https:\/\/www.europesays.com\/fi\/wp-json\/wp\/v2\/media\/142976"}],"wp:attachment":[{"href":"https:\/\/www.europesays.com\/fi\/wp-json\/wp\/v2\/media?parent=142975"}],"wp:term":[{"taxonomy":"category","embeddable":true,"href":"https:\/\/www.europesays.com\/fi\/wp-json\/wp\/v2\/categories?post=142975"},{"taxonomy":"post_tag","embeddable":true,"href":"https:\/\/www.europesays.com\/fi\/wp-json\/wp\/v2\/tags?post=142975"}],"curies":[{"name":"wp","href":"https:\/\/api.w.org\/{rel}","templated":true}]}}