{"id":142990,"date":"2026-01-15T11:31:08","date_gmt":"2026-01-15T11:31:08","guid":{"rendered":"https:\/\/www.europesays.com\/fi\/142990\/"},"modified":"2026-01-15T11:31:08","modified_gmt":"2026-01-15T11:31:08","slug":"seura-eero-aho-tukeutui-esko-salmiseen-avioeronsa-aikaan","status":"publish","type":"post","link":"https:\/\/www.europesays.com\/fi\/142990\/","title":{"rendered":"Seura: Eero Aho tukeutui Esko Salmiseen avioeronsa aikaan"},"content":{"rendered":"<p class=\"ingress\">N\u00e4yttelij\u00e4 Eero Aho kertoo Seura-lehdess\u00e4 yst\u00e4vyydest\u00e4\u00e4n itse\u00e4\u00e4n 27 vuotta vanhemman Esko Salmisen kanssa. Eero on saanut Eskolta korvaamatonta tukea.<\/p>\n<p>N\u00e4yttelij\u00e4 <strong>Eero Aho<\/strong>, 57, ihaili <strong>Esko Salmista<\/strong> jo lapsena, h\u00e4n kertoo <a href=\"https:\/\/seura.fi\/viihde\/julkkikset\/eero-aho-esko-salminen\/\" target=\"_blank\" rel=\"noreferrer noopener nofollow\">Seurassa<\/a>. Kaksikko n\u00e4ytteli ensimm\u00e4isen kerran yhdess\u00e4 KOM-teatterissa vuonna 2002. Silloin he my\u00f6s yst\u00e4vystyiv\u00e4t, ja vuosien kuluessa miehist\u00e4 tuli l\u00e4heisi\u00e4 toisilleen.<\/p>\n<p>Kun Eero vuonna 2006 erosi kahden lapsensa \u00e4idist\u00e4, <strong>Tiina Lymist\u00e4<\/strong>, h\u00e4n sai korvaamatonta vertaistukea Eskolta yksityisel\u00e4m\u00e4n myllerrysten keskell\u00e4.<\/p>\n<p>\u201dEsko oli hyvin suuri tuki ja turva, kun k\u00e4vin l\u00e4pi avioeroa. H\u00e4nelle sai koska tahansa soittaa tai menn\u00e4 k\u00e4ym\u00e4\u00e4n. Esko pystyi el\u00e4m\u00e4nkokemuksensa ja omien avioerojensa kautta sanomaan, ett\u00e4 kaikki kyll\u00e4 helpottaa ja asiat lastenkin kanssa alkavat viel\u00e4 toimia\u201d, Eero kertoo Seurassa.<\/p>\n<p><strong>Lue my\u00f6s: <\/strong><a href=\"https:\/\/anna.fi\/ihmiset\/aino-seppo\" rel=\"nofollow noopener\" target=\"_blank\">N\u00e4yttelij\u00e4 Aino Seppo valmistautuu esityksiin aivan eri tavalla kuin puoliso Esko Salminen \u2212 h\u00e4mm\u00e4stytt\u00e4\u00e4 edelleen<\/a><\/p>\n<p>Eero Aho on oppinut Esko Salmiselta ison asian ihmisyydest\u00e4<\/p>\n<p>Eero on onnellinen, ett\u00e4 ik\u00e4 ei m\u00e4\u00e4rit\u00e4 sit\u00e4, voiko toisen kanssa olla l\u00e4heinen yst\u00e4v\u00e4. 27 vuotta vanhempi Esko voisi olla ik\u00e4ns\u00e4 puolesta Eeron is\u00e4.<\/p>\n<p>Kun Eero syntyi vuonna 1968, Esko oli jo ammattin\u00e4yttelij\u00e4. <\/p>\n<p>\u201dEskossa on alusta asti korostunut se, ett\u00e4 h\u00e4n on hyvin tavallinen ja kuunteleva, ei ollenkaan mik\u00e4\u00e4n stara, jota ei voisi l\u00e4hesty\u00e4 tai joka ei kuuntelisi ja ottaisi toista huomioon. Olen oppinut h\u00e4nelt\u00e4 ihmisyydest\u00e4 ison asian eli sen, miten toiset otetaan huomioon\u201d, Eero pohtii Seurassa.<\/p>\n<p>Kaksikko tapaa usein. Ennen he k\u00e4viv\u00e4t vapaa-ajalla baareissa tai sy\u00f6m\u00e4ss\u00e4. Yhteisi\u00e4 matkojakin on ollut, esimerkiksi Berliiniin ja Eskon ja h\u00e4nen puolisonsa <strong>Aino Sepon<\/strong> m\u00f6kille Ini\u00f6\u00f6n.<\/p>\n<p>Nyky\u00e4\u00e4n Eero k\u00e4y Eskon luona kahvilla, eik\u00e4 ole aihetta, josta yst\u00e4vykset eiv\u00e4t voisi puhua.<\/p>\n<p>\u201dVaikka olisin tehnyt mit\u00e4, Esko sanoo aina, ett\u00e4 kaikki j\u00e4rjestyy. Kun minulla on mennyt huonosti, olen leijaillut tai ollut ahdistunut, Esko on ollut aina tuki ja turva. Aina.\u201d<\/p>\n<p>Lue koko haastattelu Seurasta 3\/2026 tai osoitteesta\u00a0<a href=\"https:\/\/seura.fi\/viihde\/julkkikset\/eero-aho-esko-salminen\/\" target=\"_blank\" rel=\"noreferrer noopener nofollow\">Seura.fi<\/a>.<\/p>\n<p>    Sinua voi kiinnostaa my\u00f6s:<\/p>\n<ol class=\"read-also__list\">\n<li>\n<p>            <img loading=\"lazy\" decoding=\"async\" class=\"card__image awpo-lqip awpo-lazy\" width=\"2000\" height=\"1269\" src=\"https:\/\/www.europesays.com\/fi\/wp-content\/uploads\/2026\/01\/dsc6265_0001.jpg\"\/>                <a href=\"https:\/\/anna.fi\/kategoria\/ihmiset\" class=\"card__vignette\" rel=\"nofollow noopener\" target=\"_blank\"><br \/>\n            Ihmiset          <\/a><\/p>\n<p>      <a href=\"https:\/\/anna.fi\/ihmiset\/nama-kolme-mainiota-ominaisuutta-yhdistavat-eero-ahoa-ja-hanen-puolisoaan-teresa-merilainen-ahoa\" class=\"card__link-overlay\" rel=\"nofollow noopener\" target=\"_blank\">Kolme mainiota ominaisuutta yhdist\u00e4\u00e4 Eero Ahoa ja Teresa Meril\u00e4inen-Ahoa<\/a><\/p>\n<\/li>\n<li>\n<p>            <img loading=\"lazy\" decoding=\"async\" class=\"card__image awpo-lqip awpo-lazy\" width=\"1200\" height=\"800\" src=\"https:\/\/www.europesays.com\/fi\/wp-content\/uploads\/2026\/01\/5013306.jpeg\"\/>                <a href=\"https:\/\/anna.fi\/kategoria\/ihmiset\" class=\"card__vignette\" rel=\"nofollow noopener\" target=\"_blank\"><br \/>\n            Ihmiset          <\/a><\/p>\n<p>      <a href=\"https:\/\/anna.fi\/ihmiset\/eero-aho-on-paattanyt-olla-onnellinen-aiemmissa-parisuhteissa-vaikeudet-jaivat-usein-kasittelematta\" class=\"card__link-overlay\" rel=\"nofollow noopener\" target=\"_blank\">Eero Aho on p\u00e4\u00e4tt\u00e4nyt olla onnellinen: \u201dAiemmissa parisuhteissa vaikeudet j\u00e4iv\u00e4t usein k\u00e4sittelem\u00e4tt\u00e4\u201d<\/a><\/p>\n<\/li>\n<li>\n<p>            <img loading=\"lazy\" decoding=\"async\" class=\"card__image awpo-lqip awpo-lazy\" width=\"1200\" height=\"800\" src=\"https:\/\/www.europesays.com\/fi\/wp-content\/uploads\/2026\/01\/5013306.jpeg\"\/>                <a href=\"https:\/\/anna.fi\/kategoria\/ihmiset\" class=\"card__vignette\" rel=\"nofollow noopener\" target=\"_blank\"><br \/>\n            Ihmiset          <\/a><\/p>\n<p>      <a href=\"https:\/\/anna.fi\/ihmiset\/nayttelija-eero-aho-on-parisuhdeihminen-jota-sinkkujaksot-ovat-ahdistaneet-tykkaan-siita-etta-kotona-asuu-joku-toinen\" class=\"card__link-overlay\" rel=\"nofollow noopener\" target=\"_blank\">N\u00e4yttelij\u00e4 Eero Aho on parisuhdeihminen, jota sinkkujaksot ovat ahdistaneet:\u00a0\u201dTykk\u00e4\u00e4n siit\u00e4, ett\u00e4 kotona asuu joku toinen\u201d<\/a><\/p>\n<\/li>\n<\/ol>\n","protected":false},"excerpt":{"rendered":"N\u00e4yttelij\u00e4 Eero Aho kertoo Seura-lehdess\u00e4 yst\u00e4vyydest\u00e4\u00e4n itse\u00e4\u00e4n 27 vuotta vanhemman Esko Salmisen kanssa. Eero on saanut Eskolta korvaamatonta&hellip;\n","protected":false},"author":2,"featured_media":142991,"comment_status":"","ping_status":"","sticky":false,"template":"","format":"standard","meta":{"footnotes":""},"categories":[136],"tags":[407,15322,137,33,31,30,408,8162,3843,32,109,4857],"class_list":{"0":"post-142990","1":"post","2":"type-post","3":"status-publish","4":"format-standard","5":"has-post-thumbnail","7":"category-julkkikset","8":"tag-celebrities","9":"tag-eero-aho","10":"tag-entertainment","11":"tag-fi","12":"tag-finland","13":"tag-finnish","14":"tag-julkkikset","15":"tag-seura","16":"tag-suomalaiset-nayttelijat","17":"tag-suomi","18":"tag-viihde","19":"tag-ystavyys"},"share_on_mastodon":{"url":"https:\/\/pubeurope.com\/@fi\/115898894503574537","error":""},"_links":{"self":[{"href":"https:\/\/www.europesays.com\/fi\/wp-json\/wp\/v2\/posts\/142990","targetHints":{"allow":["GET"]}}],"collection":[{"href":"https:\/\/www.europesays.com\/fi\/wp-json\/wp\/v2\/posts"}],"about":[{"href":"https:\/\/www.europesays.com\/fi\/wp-json\/wp\/v2\/types\/post"}],"author":[{"embeddable":true,"href":"https:\/\/www.europesays.com\/fi\/wp-json\/wp\/v2\/users\/2"}],"replies":[{"embeddable":true,"href":"https:\/\/www.europesays.com\/fi\/wp-json\/wp\/v2\/comments?post=142990"}],"version-history":[{"count":0,"href":"https:\/\/www.europesays.com\/fi\/wp-json\/wp\/v2\/posts\/142990\/revisions"}],"wp:featuredmedia":[{"embeddable":true,"href":"https:\/\/www.europesays.com\/fi\/wp-json\/wp\/v2\/media\/142991"}],"wp:attachment":[{"href":"https:\/\/www.europesays.com\/fi\/wp-json\/wp\/v2\/media?parent=142990"}],"wp:term":[{"taxonomy":"category","embeddable":true,"href":"https:\/\/www.europesays.com\/fi\/wp-json\/wp\/v2\/categories?post=142990"},{"taxonomy":"post_tag","embeddable":true,"href":"https:\/\/www.europesays.com\/fi\/wp-json\/wp\/v2\/tags?post=142990"}],"curies":[{"name":"wp","href":"https:\/\/api.w.org\/{rel}","templated":true}]}}