{"id":142994,"date":"2026-01-15T11:34:07","date_gmt":"2026-01-15T11:34:07","guid":{"rendered":"https:\/\/www.europesays.com\/fi\/142994\/"},"modified":"2026-01-15T11:34:07","modified_gmt":"2026-01-15T11:34:07","slug":"maria-guzeninan-kaytos-amazing-race-suomi-ohjelmassa-herattaa-keskustelua","status":"publish","type":"post","link":"https:\/\/www.europesays.com\/fi\/142994\/","title":{"rendered":"Maria Guzeninan k\u00e4yt\u00f6s Amazing Race Suomi -ohjelmassa her\u00e4tt\u00e4\u00e4 keskustelua"},"content":{"rendered":"<p>\n            20250502, Helsinki. Amazing Race Suomi 2025 pressi. Kuvassa Maria Guzenina.<br \/>\n            Timo Korhonen\n        <\/p>\n<p class=\"subtitle \">poliitikko Maria Guzeninan on her\u00e4tt\u00e4nyt n\u00e4r\u00e4\u00e4 suomalaisissa tv-katsojissa.<\/p>\n<p class=\"article-content article-content-width !bg-background\">Kuluvalla Amazing Race Suomi -ohjelman kaudella on toistuvasti n\u00e4hty, kun poliitikko  huutaa taksikuskeille.<\/p>\n<p class=\"font-weight-bold m-font-weight-bold article-content article-content-width !bg-background\">Video: Haastattelussa Maria Guzenina ja Vilma V\u00e4h\u00e4maa.\u00a0<\/p>\n<p class=\"article-content article-content-width !bg-background\">Esimerkiksi kauden seitsem\u00e4nness\u00e4 jaksossa n\u00e4htiin, kun Maria raivostui sri lankalaiselle taksikuskille, kun t\u00e4m\u00e4 oli ollut kahvitauolla. Maria muun muassa syytti kuskia siit\u00e4, ett\u00e4 he tulevat h\u00e4vi\u00e4m\u00e4\u00e4n kisan t\u00e4m\u00e4n vuoksi.<\/p>\n<p>        <a itemprop=\"url\" href=\"https:\/\/www.seiska.fi\/katso\/maria-guzeninalle-tylytysta-amazing-race-podcastissa-aika-rankkaa-tekstia\/2041970\" rel=\"nofollow noopener\" target=\"_blank\"><\/p>\n<p>\nMaria Guzenina\n<\/p>\n<p class=\"section-date\">\n        <strong class=\"article-section\" data-section=\"katso\"><br \/>\n            katso<br \/>\n        <\/strong><br \/>\n        11.1. 07:15\n    <\/p>\n<p>Maria Guzeninalle tylytyst\u00e4 Amazing Race -podcastissa: \u201cAika rankkaa teksti\u00e4\u201d\n    <\/p>\n<p itemprop=\"description\" class=\"subtitle \">\n    Tunteet kuumenivat Amazing Race Suomen tuoreessa jaksossa.\n<\/p>\n<p>        <\/a><\/p>\n<p class=\"article-content article-content-width !bg-background\">Marian k\u00e4yt\u00f6s on puhuttanut tv-katsojia eri sosiaalisen median alustoilla. Anonyymiss\u00e4 viestint\u00e4palvelu Jodelissa on ollut paljon keskustelua asiaan liittyen. H\u00e4nen k\u00e4yt\u00f6st\u00e4\u00e4n on kuvailtu ep\u00e4inhimilliseksi.<\/p>\n<p>Tylytyst\u00e4<\/p>\n<p class=\"article-content article-content-width !bg-background\">My\u00f6s n\u00e4yttelij\u00e4  k\u00e4yt\u00f6s taksikuskeja kohtaan on puhuttanut.<\/p>\n<p class=\"article-content article-content-width !bg-background\"> \u2013 Armi ja Maria kohtelee taksikuskeja ihan kaameasti. Puhuvat ihan kuin olisivat jotenkin heid\u00e4n yl\u00e4puolellaan. Ihan kauheaa my\u00f6t\u00e4h\u00e4pe\u00e4\u00e4, kun noita katsoo. Edes kilpailuhenkisyys ei selit\u00e4 tuota. Voit olla kilpailuhenkinen, mutta ei se oikeuta, ett\u00e4 kohtelee toista kuin roskaa, jodlaaja kirjoittaa.<\/p>\n<p class=\"article-content article-content-width !bg-background\">Yksi jodlaajista toteaa, ett\u00e4 Marian k\u00e4yt\u00f6s on muuttunut jakso jaksolta kamalammaksi.<\/p>\n<p class=\"article-content article-content-width !bg-background\"> \u2013 Mun mielest\u00e4 voisi saada jotain sakkoa k\u00e4yt\u00f6ksest\u00e4, Jodelissa pohditaan.<\/p>\n<p class=\"article-content article-content-width !bg-background\">Yhden tv-katsojan mielest\u00e4 Marian tulisi menn\u00e4 asiakaspalvelut\u00f6ihin, jotta oppisi ymm\u00e4rt\u00e4m\u00e4\u00e4n muita.\u00a0<\/p>\n<p class=\"article-content article-content-width !bg-background\"> \u2013 Olen itse oppinut arvostamaan enemm\u00e4n asiakaspalvelijoita, kun olen tehnyt kaupan kassalla t\u00f6it\u00e4. Osa asiakkaista k\u00e4ytt\u00e4ytyy niin hirve\u00e4sti, aloittaja kommentoi keskusteluunsa.\u00a0<\/p>\n<p>        <a itemprop=\"url\" href=\"https:\/\/www.seiska.fi\/katso\/sara-ja-artturi-sieppi-joutuivat-sairaalaan-amazing-race-tuotanto-kommentoi-hslle\/2039317\" rel=\"nofollow noopener\" target=\"_blank\"><\/p>\n<p>\nTuotanto kommentoi HS:lle\n<\/p>\n<p class=\"section-date\">\n        <strong class=\"article-section\" data-section=\"katso\"><br \/>\n            katso<br \/>\n        <\/strong><br \/>\n        7.1. 14:06\n    <\/p>\n<p>Sara ja Artturi Sieppi joutuivat sairaalaan \u2013 Amazing Race -tuotanto kommentoi HS:lle\n    <\/p>\n<p itemprop=\"description\" class=\"subtitle \">\n    Sara ja Artturi Sieppi saivat pahoja palovammoja Amazing Race Suomen kuvauksissa.\n<\/p>\n<p>        <\/a><\/p>\n<p>N\u00e4in Maria kommentoi<\/p>\n<p class=\"article-content article-content-width !bg-background\"><a href=\"https:\/\/www.instagram.com\/p\/DSfFFedjM5m\/?img_index=1\" target=\"_blank\" rel=\"nofollow noopener\">Ohjelman fanit ovat rient\u00e4neet keskustelemaan aiheesta my\u00f6s Marian viralliselle Instagram-tilille<\/a>. Yksi tv-katsojista ihmettelee, miksi Maria ei antanut taksikuskin pit\u00e4\u00e4 kahvitaukoa.<\/p>\n<p class=\"article-content article-content-width !bg-background\">Maria on vastannut kommenttiin.<\/p>\n<p class=\"article-content article-content-width !bg-background\"> \u2013 Kisassa oli pitkin pitk\u00e4\u00e4 p\u00e4iv\u00e4\u00e4 j\u00e4rjestetty pakollisia ruoka ja kahvitaukoja kaikille tuotannossa mukana olleille, mukaan lukien kuskeille, my\u00f6s meid\u00e4n kuskillemme, Maria vastaa.<\/p>\n<p class=\"article-content article-content-width !bg-background\">Tv-katsoja ei niele vastausta.<\/p>\n<p class=\"article-content article-content-width !bg-background\"> \u2013 Ja tuolla puolustelet j\u00e4rkytt\u00e4v\u00e4\u00e4 k\u00e4yt\u00f6st\u00e4si? Kommentoija ihmettelee.<\/p>\n<p class=\"article-content article-content-width !bg-background\">Marian julkaisemaan kuvaan on virinnyt keskustelu aiheesta.<\/p>\n<p class=\"article-content article-content-width !bg-background\"> \u2013 Kilpailuvietti on ok, mutta ep\u00e4kohtelias k\u00e4yt\u00f6s ei.<\/p>\n<p class=\"italic m-italic article-content article-content-width !bg-background\">Amazing Race Suomi lauantaisin Nelosella ja Ruudussa.\u00a0<\/p>\n<p>        <a itemprop=\"url\" href=\"https:\/\/www.seiska.fi\/katso\/maria-guzenina-raivostuu-tvssa-kiroilee-ja-huutaa\/2035859\" rel=\"nofollow noopener\" target=\"_blank\"><\/p>\n<p>\nMaria Guzenina raivostuu tv:ss\u00e4\n<\/p>\n<p class=\"section-date\">\n        <strong class=\"article-section\" data-section=\"katso\"><br \/>\n            katso<br \/>\n        <\/strong><br \/>\n        3.1. 07:15\n    <\/p>\n<p>Maria Guzenina raivostuu tv:ss\u00e4 \u2013 kiroilee ja huutaa\n    <\/p>\n<p itemprop=\"description\" class=\"subtitle \">\n    Maria Guzenina hiiltyy toden teolla ja tylytt\u00e4\u00e4 paikallista miest\u00e4 Amazing Race Suomessa.\n<\/p>\n<p>        <\/a><\/p>\n<p><script async src=\"\/\/www.instagram.com\/embed.js\"><\/script><\/p>\n","protected":false},"excerpt":{"rendered":"20250502, Helsinki. Amazing Race Suomi 2025 pressi. Kuvassa Maria Guzenina. Timo Korhonen poliitikko Maria Guzeninan on her\u00e4tt\u00e4nyt n\u00e4r\u00e4\u00e4&hellip;\n","protected":false},"author":2,"featured_media":142995,"comment_status":"","ping_status":"","sticky":false,"template":"","format":"standard","meta":{"footnotes":""},"categories":[133],"tags":[3177,24536,137,33,31,30,9635,23815,9685,15286,1758,2158,32,24535,206,1318,156,109,2213],"class_list":{"0":"post-142994","1":"post","2":"type-post","3":"status-publish","4":"format-standard","5":"has-post-thumbnail","7":"category-televisiot","8":"tag-amazing-race-suomi","9":"tag-armi-toivainen","10":"tag-entertainment","11":"tag-fi","12":"tag-finland","13":"tag-finnish","14":"tag-jodel","15":"tag-jodel-viestipalvelu","16":"tag-kommentti","17":"tag-maria-guzenina","18":"tag-nelonen","19":"tag-ruutu","20":"tag-suomi","21":"tag-taksikuskit","22":"tag-televisiot","23":"tag-tv-ohjelma","24":"tag-tv","25":"tag-viihde","26":"tag-viihdeohjelma"},"share_on_mastodon":{"url":"https:\/\/pubeurope.com\/@fi\/115898906228394549","error":""},"_links":{"self":[{"href":"https:\/\/www.europesays.com\/fi\/wp-json\/wp\/v2\/posts\/142994","targetHints":{"allow":["GET"]}}],"collection":[{"href":"https:\/\/www.europesays.com\/fi\/wp-json\/wp\/v2\/posts"}],"about":[{"href":"https:\/\/www.europesays.com\/fi\/wp-json\/wp\/v2\/types\/post"}],"author":[{"embeddable":true,"href":"https:\/\/www.europesays.com\/fi\/wp-json\/wp\/v2\/users\/2"}],"replies":[{"embeddable":true,"href":"https:\/\/www.europesays.com\/fi\/wp-json\/wp\/v2\/comments?post=142994"}],"version-history":[{"count":0,"href":"https:\/\/www.europesays.com\/fi\/wp-json\/wp\/v2\/posts\/142994\/revisions"}],"wp:featuredmedia":[{"embeddable":true,"href":"https:\/\/www.europesays.com\/fi\/wp-json\/wp\/v2\/media\/142995"}],"wp:attachment":[{"href":"https:\/\/www.europesays.com\/fi\/wp-json\/wp\/v2\/media?parent=142994"}],"wp:term":[{"taxonomy":"category","embeddable":true,"href":"https:\/\/www.europesays.com\/fi\/wp-json\/wp\/v2\/categories?post=142994"},{"taxonomy":"post_tag","embeddable":true,"href":"https:\/\/www.europesays.com\/fi\/wp-json\/wp\/v2\/tags?post=142994"}],"curies":[{"name":"wp","href":"https:\/\/api.w.org\/{rel}","templated":true}]}}