{"id":142996,"date":"2026-01-15T11:38:07","date_gmt":"2026-01-15T11:38:07","guid":{"rendered":"https:\/\/www.europesays.com\/fi\/142996\/"},"modified":"2026-01-15T11:38:07","modified_gmt":"2026-01-15T11:38:07","slug":"heliovaara-ja-patten-ponnistelivat-adelaidessa-valieriin-urheilu","status":"publish","type":"post","link":"https:\/\/www.europesays.com\/fi\/142996\/","title":{"rendered":"Heli\u00f6vaara ja Patten ponnistelivat Adelaidessa v\u00e4lieriin | Urheilu"},"content":{"rendered":"<p>Harri Heli\u00f6vaara eteni brittil\u00e4isen nelinpeliparinsa Henry Pattenin kanssa v\u00e4lieriin torstaina Adelaidessa jatkuneessa tenniksen ATP250-turnauksessa. Kaksikko kukisti puoliv\u00e4lieriss\u00e4 Argentiinan Maximo Gonzalezin ja Andres Moltenin kahdessa er\u00e4ss\u00e4 luvuin 7\u20136 (7\u20134), 6\u20134.<\/p>\n<p>Heli\u00f6vaara ja Patten onnistuivat ottelussa varsinkin sy\u00f6t\u00f6npalautuksissaan vastustajia paremmin. Kaksikko oli tehokkaampi my\u00f6s ratkaisupalloissa.<\/p>\n<p>Heli\u00f6vaara ja Patten kohtaavat v\u00e4lieriss\u00e4 Italian Simone Bolellin ja Andrea Vavassorin. Suomalais-brittil\u00e4inen pari on sijoitettu turnauksessa toiseksi, italialaiset kuudenneksi.<\/p>\n<p>Suoraan toiselta kierrokselta turnauksen aloittaneet Heli\u00f6vaara ja Patten voittivat keskiviikon avausottelussaan Saksan Jacob Schnaitterin ja Mark Wallnerin.<\/p>\n","protected":false},"excerpt":{"rendered":"Harri Heli\u00f6vaara eteni brittil\u00e4isen nelinpeliparinsa Henry Pattenin kanssa v\u00e4lieriin torstaina Adelaidessa jatkuneessa tenniksen ATP250-turnauksessa. Kaksikko kukisti puoliv\u00e4lieriss\u00e4 Argentiinan&hellip;\n","protected":false},"author":2,"featured_media":142997,"comment_status":"","ping_status":"","sticky":false,"template":"","format":"standard","meta":{"footnotes":""},"categories":[158],"tags":[3218,33,31,30,41,159,32,160,161],"class_list":{"0":"post-142996","1":"post","2":"type-post","3":"status-publish","4":"format-standard","5":"has-post-thumbnail","7":"category-urheilu","8":"tag-argentiina","9":"tag-fi","10":"tag-finland","11":"tag-finnish","12":"tag-liikunta-ja-urheilu","13":"tag-sports","14":"tag-suomi","15":"tag-urheilu","16":"tag-urheilutapahtumat"},"share_on_mastodon":{"url":"https:\/\/pubeurope.com\/@fi\/115898922087611910","error":""},"_links":{"self":[{"href":"https:\/\/www.europesays.com\/fi\/wp-json\/wp\/v2\/posts\/142996","targetHints":{"allow":["GET"]}}],"collection":[{"href":"https:\/\/www.europesays.com\/fi\/wp-json\/wp\/v2\/posts"}],"about":[{"href":"https:\/\/www.europesays.com\/fi\/wp-json\/wp\/v2\/types\/post"}],"author":[{"embeddable":true,"href":"https:\/\/www.europesays.com\/fi\/wp-json\/wp\/v2\/users\/2"}],"replies":[{"embeddable":true,"href":"https:\/\/www.europesays.com\/fi\/wp-json\/wp\/v2\/comments?post=142996"}],"version-history":[{"count":0,"href":"https:\/\/www.europesays.com\/fi\/wp-json\/wp\/v2\/posts\/142996\/revisions"}],"wp:featuredmedia":[{"embeddable":true,"href":"https:\/\/www.europesays.com\/fi\/wp-json\/wp\/v2\/media\/142997"}],"wp:attachment":[{"href":"https:\/\/www.europesays.com\/fi\/wp-json\/wp\/v2\/media?parent=142996"}],"wp:term":[{"taxonomy":"category","embeddable":true,"href":"https:\/\/www.europesays.com\/fi\/wp-json\/wp\/v2\/categories?post=142996"},{"taxonomy":"post_tag","embeddable":true,"href":"https:\/\/www.europesays.com\/fi\/wp-json\/wp\/v2\/tags?post=142996"}],"curies":[{"name":"wp","href":"https:\/\/api.w.org\/{rel}","templated":true}]}}