{"id":143000,"date":"2026-01-15T11:42:09","date_gmt":"2026-01-15T11:42:09","guid":{"rendered":"https:\/\/www.europesays.com\/fi\/143000\/"},"modified":"2026-01-15T11:42:09","modified_gmt":"2026-01-15T11:42:09","slug":"nyt-on-vuokralaisten-markkinat-ylen-kone-kertoo-laskevatko-vuokrat-sinun-alueellasi-talous","status":"publish","type":"post","link":"https:\/\/www.europesays.com\/fi\/143000\/","title":{"rendered":"Nyt on vuokralaisten markkinat \u2013 Ylen kone kertoo, laskevatko vuokrat sinun alueellasi | Talous"},"content":{"rendered":"<p class=\"aw-1gybjub aw-5vja16 kEtdKx kmuxyA yle__article__paragraph\">Yksityisten vuokra-asuntojen vuokrat k\u00e4\u00e4ntyiv\u00e4t ensi kertaa laskuun koko maassa loppuvuonna. Vuokrissa on silti yh\u00e4 tinkimisvaraa arvioi p\u00e4\u00e4kaupunkiseudulla toimiva vuokranantaja.<\/p>\n<p><img decoding=\"async\" alt=\"Kahden kuvan yhdistelm\u00e4, joista toisessa n\u00e4kyy k\u00e4si, joka pitelee puhelinta, jossa on auki karttan\u00e4kym\u00e4 ja lukuja. Toisessa mies hymyilee ja katsoo kameraan.\" src=\"https:\/\/www.europesays.com\/fi\/wp-content\/uploads\/2026\/01\/39-15817186968ad22ae699.png\" class=\"aw-1l9m598 hKVVvP\"\/><\/p>\n<p>Avaa kuvien katselu<\/p>\n<p>P\u00e4\u00e4kaupunkiseudulla vuokrien alam\u00e4ki jyrkkeni loppuvuonna. Alennusta vuokraan on joutunut antamaan nyt my\u00f6s  yksityinen vuokranantaja Marko Kaarto. Kuva: Esa Syv\u00e4kuru \/ Yle, grafiikka: Samuli Huttunen \/ Yle<\/p>\n<p>13:01\u2022P\u00e4ivitetty 13:12<\/p>\n<p class=\"aw-1gybjub aw-am3gsa kEtdKx ZKIzy yle__accessibilityText\">Osa artikkelin sis\u00e4ll\u00f6st\u00e4 ei ole v\u00e4ltt\u00e4m\u00e4tt\u00e4 saavutettavissa esimerkiksi ruudunlukuohjelmalla.<\/p>\n<ul class=\"aw-1jjocuh iJTSwP yle__article__list yle__article__list--ul\">\n<li class=\"aw-1j7gwms gNYKfi\">Vuokrat k\u00e4\u00e4ntyiv\u00e4t laskuun loppuvuonna koko maassa \u2013 ensi kertaa koko mittaushistoriassa.<\/li>\n<li class=\"aw-1j7gwms gNYKfi\">Vuokralaisella on nyt aiempaa paremmat mahdollisuudet neuvotella vuokran m\u00e4\u00e4r\u00e4st\u00e4 ja ehdoista.<\/li>\n<li class=\"aw-1j7gwms gNYKfi\">Erityisesti suurissa kaupungeissa on runsaasti tarjontaa vuokra-asunnoista, arvioi Suomen Vuokranantajat.<\/li>\n<li class=\"aw-1j7gwms gNYKfi\">T\u00e4m\u00e4 on teko\u00e4lyn tekem\u00e4, mutta toimittajan tarkistama tiivistelm\u00e4.<\/li>\n<\/ul>\n<p class=\"aw-1gybjub aw-1p7kakr kEtdKx cEmitX yle__article__paragraph\">T\u00e4t\u00e4 ei uskoisi kuulevansa yksityisen vuokranantajan suusta. Vuokrista todellakin voi nyt tinki\u00e4. N\u00e4in toteaa yksityinen vuokranantaja <strong class=\"aw-ak79eh KyCXm yle__article__strong\">Marko Kaarto<\/strong>, joka joutui \u00e4skett\u00e4in alentamaan Helsingin Kalliossa sijaitsevan asunnon vuokraa 100 eurolla kuukaudessa.<\/p>\n<p class=\"aw-1gybjub aw-1p7kakr kEtdKx cEmitX yle__article__paragraph\">Aiemmin h\u00e4n oli jo joustanut ehdoissa, kuten vuokravakuuskuukausissa. Vakuudeksi voi riitt\u00e4\u00e4 yhden tai kahden kuukauden vuokra aiemman kolmen kuukauden sijaan.<\/p>\n<p class=\"aw-1gybjub aw-1p7kakr kEtdKx cEmitX yle__article__paragraph\">T\u00e4m\u00e4 ei ole ihme, sill\u00e4 vuokrat laskivat loka-joulukuussa koko maan tasolla ensimm\u00e4ist\u00e4 kertaa vuoteen 2015 ulottuvassa tilaston mittaushistoriassa kerrotaan Tilastokeskuksesta.<\/p>\n<p class=\"aw-1gybjub aw-1p7kakr kEtdKx cEmitX yle__article__paragraph\">Vuokrat nousivat loppuvuonna en\u00e4\u00e4 muutamassa kaupungissa, kuten Rovaniemell\u00e4, mutta siell\u00e4kin nousu jo hidastui. P\u00e4\u00e4kaupunkiseudulla alam\u00e4ki puolestaan jyrkkeni aiemmasta.<\/p>\n<p class=\"aw-1gybjub aw-1p7kakr kEtdKx cEmitX yle__article__paragraph\">Videolla Kaarto kertoo, ett\u00e4 nyt on vuokralaisen markkinat.<\/p>\n<p class=\"aw-1gybjub aw-1p7kakr kEtdKx cEmitX yle__article__paragraph\">Aiempaa edullisemmin voi saada jopa jotakin aivan ainutlaatuista kuten yksi\u00f6n puutalosta idyllisest\u00e4 Kumpulasta. Pikkukodin vuokra on nyt 570 euroa, mik\u00e4 on noin kahdeksan prosenttia aiempaa v\u00e4hemm\u00e4n.<\/p>\n<p class=\"aw-1gybjub aw-1p7kakr kEtdKx cEmitX yle__article__paragraph\">Tilastokeskuksen mukaan vapaarahoitteisten asuntojen vuokrat laskivat vuoden 2025 loka-joulukuussa p\u00e4\u00e4kaupunkiseudulla 1,3 prosenttia ja muualla Suomessa 0,5 prosenttia vuodentakaiseen loka-joulukuuhun verrattuna.<\/p>\n<p class=\"aw-1gybjub aw-1p7kakr kEtdKx cEmitX yle__article__paragraph\">Eniten vapaarahoitteisten vuokra-asuntojen vuokrat nousivat loppuvuonna Rovaniemell\u00e4 eli 0,8 prosenttia, Kotkassa 0,6 prosenttia sek\u00e4 Kouvolassa 0,2 prosenttia.<\/p>\n<p class=\"aw-1gybjub aw-1p7kakr kEtdKx cEmitX yle__article__paragraph\">Vuokrat laskivat vuoden 2025 lopulla vuoden takaiseen loka-joulukuuhun verrattuna eniten Vaasassa \u20132,4 prosenttia, Lappeenrannassa \u20131,7 prosenttia sek\u00e4 Vantaalla \u20131,6 prosenttia.<\/p>\n<p>Vuokra-asuntoja tarjolla runsaasti t\u00e4n\u00e4kin vuonna<\/p>\n<p class=\"aw-1gybjub aw-1p7kakr kEtdKx cEmitX yle__article__paragraph\">Suomen Vuokranantajien toiminnanjohtajan <strong class=\"aw-ak79eh KyCXm yle__article__strong\">Eeva Tammisalon<\/strong> mukaan suurissa kaupungeissa tarjontaa on edelleen hyvin runsaasti. On my\u00f6s mahdollista, ett\u00e4 opiskelijat saattavat ensi kes\u00e4n\u00e4 irtisanoa asuntojaan s\u00e4\u00e4st\u00e4\u00e4kseen vuokrissa. Todenn\u00e4k\u00f6isyys saada asunto syksyll\u00e4 takaisin on yh\u00e4 suuri.<\/p>\n","protected":false},"excerpt":{"rendered":"Yksityisten vuokra-asuntojen vuokrat k\u00e4\u00e4ntyiv\u00e4t ensi kertaa laskuun koko maassa loppuvuonna. Vuokrissa on silti yh\u00e4 tinkimisvaraa arvioi p\u00e4\u00e4kaupunkiseudulla toimiva&hellip;\n","protected":false},"author":2,"featured_media":143001,"comment_status":"","ping_status":"","sticky":false,"template":"","format":"standard","meta":{"footnotes":""},"categories":[76],"tags":[542,79,77,33,31,30,32,78,11002,3935,11872],"class_list":{"0":"post-143000","1":"post","2":"type-post","3":"status-publish","4":"format-standard","5":"has-post-thumbnail","7":"category-talous","8":"tag-asuminen","9":"tag-business","10":"tag-economy","11":"tag-fi","12":"tag-finland","13":"tag-finnish","14":"tag-suomi","15":"tag-talous","16":"tag-tilastokeskus","17":"tag-vuokra-asunnot","18":"tag-vuokrat"},"share_on_mastodon":{"url":"https:\/\/pubeurope.com\/@fi\/115898937836982686","error":""},"_links":{"self":[{"href":"https:\/\/www.europesays.com\/fi\/wp-json\/wp\/v2\/posts\/143000","targetHints":{"allow":["GET"]}}],"collection":[{"href":"https:\/\/www.europesays.com\/fi\/wp-json\/wp\/v2\/posts"}],"about":[{"href":"https:\/\/www.europesays.com\/fi\/wp-json\/wp\/v2\/types\/post"}],"author":[{"embeddable":true,"href":"https:\/\/www.europesays.com\/fi\/wp-json\/wp\/v2\/users\/2"}],"replies":[{"embeddable":true,"href":"https:\/\/www.europesays.com\/fi\/wp-json\/wp\/v2\/comments?post=143000"}],"version-history":[{"count":0,"href":"https:\/\/www.europesays.com\/fi\/wp-json\/wp\/v2\/posts\/143000\/revisions"}],"wp:featuredmedia":[{"embeddable":true,"href":"https:\/\/www.europesays.com\/fi\/wp-json\/wp\/v2\/media\/143001"}],"wp:attachment":[{"href":"https:\/\/www.europesays.com\/fi\/wp-json\/wp\/v2\/media?parent=143000"}],"wp:term":[{"taxonomy":"category","embeddable":true,"href":"https:\/\/www.europesays.com\/fi\/wp-json\/wp\/v2\/categories?post=143000"},{"taxonomy":"post_tag","embeddable":true,"href":"https:\/\/www.europesays.com\/fi\/wp-json\/wp\/v2\/tags?post=143000"}],"curies":[{"name":"wp","href":"https:\/\/api.w.org\/{rel}","templated":true}]}}