{"id":143006,"date":"2026-01-15T11:45:07","date_gmt":"2026-01-15T11:45:07","guid":{"rendered":"https:\/\/www.europesays.com\/fi\/143006\/"},"modified":"2026-01-15T11:45:07","modified_gmt":"2026-01-15T11:45:07","slug":"stt-finnair-keskeytti-lentonsa-irakin-ilmatilassa","status":"publish","type":"post","link":"https:\/\/www.europesays.com\/fi\/143006\/","title":{"rendered":"STT: Finnair keskeytti lentonsa Irakin ilmatilassa"},"content":{"rendered":"<p>Finnair on keskeytt\u00e4nyt lentonsa Irakin ilmatilassa.<\/p>\n<p class=\"article-body mb-nof-24 px-nof-16\">Finnair on keskeytt\u00e4nyt lentonsa Irakin ilmatilan l\u00e4pi L\u00e4hi-id\u00e4n tilanteen vuoksi, Finnairin viestinn\u00e4st\u00e4 kerrotaan <a class=\"underline underline-offset-[0.12em] [text-decoration-thickness:var(--generic-link-underline-thickness)] [text-decoration-color:var(--generic-link-underline-color)] [text-decoration-skip-ink:var(--generic-link-underline-skip-ink)] break-words\" href=\"https:\/\/yle.fi\/a\/74-20204472\" rel=\"nofollow noopener\" target=\"_blank\">STT:lle<\/a>.<\/p>\n<p class=\"article-body mb-nof-24 px-nof-16\">P\u00e4\u00e4t\u00f6s vaikuttaa Dohan ja Dubain lentoaikoihin niin, ett\u00e4 lentoajat pidentyv\u00e4t puolesta tunnista puoleentoista tuntiin, kertoo <a class=\"font-bold underline-offset-[0.12em] [text-decoration:var(--person-link-text-decoration)] ![text-decoration-color:var(--person-link-text-decoration-color)]\" href=\"https:\/\/www.is.fi\/haku\/?query=Pauliina%20Palttala\" rel=\"nofollow noopener\" target=\"_blank\">Pauliina Palttala<\/a> Finnairin viestinn\u00e4st\u00e4.<\/p>\n<p class=\"article-body mb-nof-24 px-nof-16\">P\u00e4\u00e4t\u00f6s on Palttalan mukaan tehty keskiviikkona. Iranin ilmatilaa yhti\u00f6 ei ole k\u00e4ytt\u00e4nyt lentoihinsa en\u00e4\u00e4 pidemp\u00e4\u00e4n aikaan.<\/p>\n<p class=\"article-body mb-nof-24 px-nof-16\">Iranissa 28. joulukuuta alkaneet mielenosoitukset ovat kiihtyneet viime p\u00e4ivin\u00e4 v\u00e4kivaltaisuudeltaan ja laajuudeltaan.<\/p>\n<p class=\"article-body mb-nof-24 px-nof-16\">Protestit alkoivat kaksi viikkoa sitten kansalaisten talousahdingon vuoksi. Mielenilmaukset levisiv\u00e4t nopeasti ymp\u00e4ri Irania ja ne kehittyiv\u00e4t laajemmaksi protestiksi Iranin nykyhallintoa vastaan.<\/p>\n","protected":false},"excerpt":{"rendered":"Finnair on keskeytt\u00e4nyt lentonsa Irakin ilmatilassa. Finnair on keskeytt\u00e4nyt lentonsa Irakin ilmatilan l\u00e4pi L\u00e4hi-id\u00e4n tilanteen vuoksi, Finnairin viestinn\u00e4st\u00e4&hellip;\n","protected":false},"author":2,"featured_media":143007,"comment_status":"","ping_status":"","sticky":false,"template":"","format":"standard","meta":{"footnotes":""},"categories":[5],"tags":[22,23,26,27,33,31,30,17,34,24,25,28,29,15,18,21,32,19,20,16],"class_list":{"0":"post-143006","1":"post","2":"type-post","3":"status-publish","4":"format-standard","5":"has-post-thumbnail","7":"category-otsikot","8":"tag-breaking-news","9":"tag-breakingnews","10":"tag-featured-news","11":"tag-featurednews","12":"tag-fi","13":"tag-finland","14":"tag-finnish","15":"tag-headlines","16":"tag-ilta-sanomat","17":"tag-latest-news","18":"tag-latestnews","19":"tag-main-news","20":"tag-mainnews","21":"tag-news","22":"tag-otsikot","23":"tag-paauutiset","24":"tag-suomi","25":"tag-top-stories","26":"tag-topstories","27":"tag-uutiset"},"share_on_mastodon":{"url":"https:\/\/pubeurope.com\/@fi\/115898949460588926","error":""},"_links":{"self":[{"href":"https:\/\/www.europesays.com\/fi\/wp-json\/wp\/v2\/posts\/143006","targetHints":{"allow":["GET"]}}],"collection":[{"href":"https:\/\/www.europesays.com\/fi\/wp-json\/wp\/v2\/posts"}],"about":[{"href":"https:\/\/www.europesays.com\/fi\/wp-json\/wp\/v2\/types\/post"}],"author":[{"embeddable":true,"href":"https:\/\/www.europesays.com\/fi\/wp-json\/wp\/v2\/users\/2"}],"replies":[{"embeddable":true,"href":"https:\/\/www.europesays.com\/fi\/wp-json\/wp\/v2\/comments?post=143006"}],"version-history":[{"count":0,"href":"https:\/\/www.europesays.com\/fi\/wp-json\/wp\/v2\/posts\/143006\/revisions"}],"wp:featuredmedia":[{"embeddable":true,"href":"https:\/\/www.europesays.com\/fi\/wp-json\/wp\/v2\/media\/143007"}],"wp:attachment":[{"href":"https:\/\/www.europesays.com\/fi\/wp-json\/wp\/v2\/media?parent=143006"}],"wp:term":[{"taxonomy":"category","embeddable":true,"href":"https:\/\/www.europesays.com\/fi\/wp-json\/wp\/v2\/categories?post=143006"},{"taxonomy":"post_tag","embeddable":true,"href":"https:\/\/www.europesays.com\/fi\/wp-json\/wp\/v2\/tags?post=143006"}],"curies":[{"name":"wp","href":"https:\/\/api.w.org\/{rel}","templated":true}]}}