{"id":143008,"date":"2026-01-15T11:49:08","date_gmt":"2026-01-15T11:49:08","guid":{"rendered":"https:\/\/www.europesays.com\/fi\/143008\/"},"modified":"2026-01-15T11:49:08","modified_gmt":"2026-01-15T11:49:08","slug":"historiallinen-evakuointilento-kansainvaliselta-avaruusasemalta-astronautit-palasivat-maahan-uutisia-lyhyesti","status":"publish","type":"post","link":"https:\/\/www.europesays.com\/fi\/143008\/","title":{"rendered":"Historiallinen evakuointilento Kansainv\u00e4liselt\u00e4 avaruusasemalta: astronautit palasivat Maahan | Uutisia lyhyesti"},"content":{"rendered":"<p class=\"aw-1gybjub aw-5vja16 kEtdKx kmuxyA yle__article__paragraph\">Nelj\u00e4 Kansainv\u00e4lisen avaruusaseman astronauttia palasi t\u00e4n\u00e4\u00e4n Maahan etuajassa. Syyn\u00e4 ovat yhden astronautin terveyshuolet.<\/p>\n<p>Nasa lenn\u00e4tti nelj\u00e4 astronauttia takaisin maahan sairastapauksen takia. <\/p>\n<p>10:04\u2022P\u00e4ivitetty 13:05<\/p>\n<p class=\"aw-1gybjub aw-1p7kakr kEtdKx cEmitX yle__article__paragraph\">Nelj\u00e4 Kansainv\u00e4lisen avaruusaseman (ISS) astronauttia palasi t\u00e4n\u00e4\u00e4n Maahan Nasan historian ensimm\u00e4isell\u00e4 evakuointilennolla. Astronauttien komennus kansainv\u00e4lisell\u00e4 avaruusasemalla j\u00e4i kesken, sill\u00e4 yksi astronauteista k\u00e4rsii terveyshuolista.<\/p>\n<p class=\"aw-1gybjub aw-1p7kakr kEtdKx cEmitX yle__article__paragraph\">Astronautteja kuljettava Dragon Endeavour -alus laskeutui mereen Kalifornian rannikolla noin kello 10.45. Merest\u00e4 alus nostettiin erikoislaivalle, jossa miehist\u00f6 p\u00e4\u00e4stettiin ulos aluksesta. Evakuointilento sujui vailla ongelmia ja astronautit n\u00e4yttiv\u00e4t tyytyv\u00e4iselt\u00e4 p\u00e4\u00e4sty\u00e4\u00e4n takaisin kotiin. Kukaan astronauteista ei vaikuttanut silminn\u00e4hden kipe\u00e4lt\u00e4 tai sairaalta.<\/p>\n<p><img decoding=\"async\" alt=\"SpaceX Crew Dragon Endeavour -avaruusalus l\u00e4hd\u00f6ss\u00e4 avaruusasemalta.\" src=\"https:\/\/www.europesays.com\/fi\/wp-content\/uploads\/2026\/01\/39-15816826968a821e44bf.jpeg\" loading=\"lazy\" class=\"aw-1l9m598 hKVVvP\"\/><\/p>\n<p>Avaa kuvien katselu<\/p>\n<p>Astronauttien Dragon Endeavour -alus irtautumassa ISS:lt\u00e4.  Kuva: NASA+ Livestream \/ AFP<\/p>\n<p class=\"aw-1gybjub aw-1p7kakr kEtdKx cEmitX yle__article__paragraph\">Astronautit ehtiv\u00e4t viett\u00e4\u00e4 kansainv\u00e4lisell\u00e4 asemalla viitisen kuukautta, kun yksi astronauteista alkoi k\u00e4rsi\u00e4 terveysongelmista. Nasan mukaan astronautin tilanne ei ole vakava, mutta teht\u00e4v\u00e4turvallisuus vaatii n\u00e4iden komennuksien keskeytt\u00e4mist\u00e4. Avaruudessa terveyspalvelut ovat luonnollisesti hyvin rajalliset, ja Nasan mukaan astronautin on parempi p\u00e4\u00e4st\u00e4 maan kamaralle.<\/p>\n<p class=\"aw-1gybjub aw-1p7kakr kEtdKx cEmitX yle__article__paragraph\">Alun perin astronauttien komennuksen oli m\u00e4\u00e4r\u00e4 kest\u00e4\u00e4 helmikuun puoliv\u00e4liin saakka.<\/p>\n<p><img decoding=\"async\" alt=\"Avaruusalus irtautumassa avaruusasemalta.\" src=\"https:\/\/www.europesays.com\/fi\/wp-content\/uploads\/2026\/01\/39-15816836968a82264ef3.jpeg\" loading=\"lazy\" class=\"aw-1l9m598 hKVVvP\"\/><\/p>\n<p>Avaa kuvien katselu<\/p>\n<p>Astronauttien Dragon Endeavour -alus irtautumassa ISS:lt\u00e4.  Kuva: NASA+ Livestream \/ AFP<\/p>\n<p class=\"aw-1gybjub aw-1p7kakr kEtdKx cEmitX yle__article__paragraph\">Kaksi palaavista astronauteista, <strong class=\"aw-ak79eh KyCXm yle__article__strong\">Mike Fincke<\/strong> ja <strong class=\"aw-ak79eh KyCXm yle__article__strong\">Zena Cardman<\/strong>, ovat amerikkalaisia. <strong class=\"aw-ak79eh KyCXm yle__article__strong\">Oleg Platonov<\/strong> on ven\u00e4l\u00e4inen ja <strong class=\"aw-ak79eh KyCXm yle__article__strong\">Kimiya Yui<\/strong> japanilainen. Nasa ei ole tarkentanut, kuka astronauteista k\u00e4rsii terveysongelmista.<\/p>\n<p class=\"aw-1gybjub aw-1p7kakr kEtdKx cEmitX yle__article__paragraph\">Kyseess\u00e4 on Nasan historian ensimm\u00e4inen terveydellisist\u00e4 syist\u00e4 tehty evakuointilento. Ven\u00e4l\u00e4iset ovat joutuneet evakuoimaan aikaisemmin: vuonna 1985 kosmonautti <strong class=\"aw-ak79eh KyCXm yle__article__strong\">Vladimir Vasjutin<\/strong> evakuoitiin Saljut 7 -avaruusasemalta terveyshuolien takia.<\/p>\n<p class=\"aw-1gybjub aw-1p7kakr kEtdKx cEmitX yle__article__paragraph\">Kansainv\u00e4liselle avaruusasemalle j\u00e4\u00e4 nyt yksi amerikkalaisastronautti ja yksi ven\u00e4l\u00e4iskosmonautti. ISS joutuu rajoittamaan muun muassa avaruusk\u00e4velyiden toteuttamista normaalia pienemm\u00e4n miehist\u00f6n takia.<\/p>\n<p class=\"aw-1gybjub aw-1p7kakr kEtdKx cEmitX yle__article__paragraph\">SpaceX-avaruusyhti\u00f6n on tarkoitus lenn\u00e4tt\u00e4\u00e4 uusi miehist\u00f6 avaruusasemalle ensi vuoden aikana.<\/p>\n","protected":false},"excerpt":{"rendered":"Nelj\u00e4 Kansainv\u00e4lisen avaruusaseman astronauttia palasi t\u00e4n\u00e4\u00e4n Maahan etuajassa. Syyn\u00e4 ovat yhden astronautin terveyshuolet. Nasa lenn\u00e4tti nelj\u00e4 astronauttia takaisin&hellip;\n","protected":false},"author":2,"featured_media":138390,"comment_status":"","ping_status":"","sticky":false,"template":"","format":"standard","meta":{"footnotes":""},"categories":[114],"tags":[1497,453,1323,1205,24537,33,31,30,1327,1324,118,452,32,119,56],"class_list":{"0":"post-143008","1":"post","2":"type-post","3":"status-publish","4":"format-standard","5":"has-post-thumbnail","7":"category-avaruus","8":"tag-astronautit","9":"tag-avaruus","10":"tag-avaruusasemat","11":"tag-avaruusohjelmat","12":"tag-avaruustukikohdat","13":"tag-fi","14":"tag-finland","15":"tag-finnish","16":"tag-kansainvalinen-avaruusasema","17":"tag-nasa","18":"tag-science","19":"tag-space","20":"tag-suomi","21":"tag-tiede","22":"tag-ulkomaat"},"share_on_mastodon":{"url":"https:\/\/pubeurope.com\/@fi\/115898965368608462","error":""},"_links":{"self":[{"href":"https:\/\/www.europesays.com\/fi\/wp-json\/wp\/v2\/posts\/143008","targetHints":{"allow":["GET"]}}],"collection":[{"href":"https:\/\/www.europesays.com\/fi\/wp-json\/wp\/v2\/posts"}],"about":[{"href":"https:\/\/www.europesays.com\/fi\/wp-json\/wp\/v2\/types\/post"}],"author":[{"embeddable":true,"href":"https:\/\/www.europesays.com\/fi\/wp-json\/wp\/v2\/users\/2"}],"replies":[{"embeddable":true,"href":"https:\/\/www.europesays.com\/fi\/wp-json\/wp\/v2\/comments?post=143008"}],"version-history":[{"count":0,"href":"https:\/\/www.europesays.com\/fi\/wp-json\/wp\/v2\/posts\/143008\/revisions"}],"wp:featuredmedia":[{"embeddable":true,"href":"https:\/\/www.europesays.com\/fi\/wp-json\/wp\/v2\/media\/138390"}],"wp:attachment":[{"href":"https:\/\/www.europesays.com\/fi\/wp-json\/wp\/v2\/media?parent=143008"}],"wp:term":[{"taxonomy":"category","embeddable":true,"href":"https:\/\/www.europesays.com\/fi\/wp-json\/wp\/v2\/categories?post=143008"},{"taxonomy":"post_tag","embeddable":true,"href":"https:\/\/www.europesays.com\/fi\/wp-json\/wp\/v2\/tags?post=143008"}],"curies":[{"name":"wp","href":"https:\/\/api.w.org\/{rel}","templated":true}]}}