{"id":143009,"date":"2026-01-15T11:50:09","date_gmt":"2026-01-15T11:50:09","guid":{"rendered":"https:\/\/www.europesays.com\/fi\/143009\/"},"modified":"2026-01-15T11:50:09","modified_gmt":"2026-01-15T11:50:09","slug":"osallistuuko-suomi-sotaharjoitukseen-gronlannissa-ilta-sanomat","status":"publish","type":"post","link":"https:\/\/www.europesays.com\/fi\/143009\/","title":{"rendered":"Osallistuuko Suomi sotaharjoitukseen Gr\u00f6nlannissa? &#8211; Ilta-Sanomat"},"content":{"rendered":"<p>Henri Vanhasen mukaan sotaharjoitus on ennen kaikkea viesti Yhdysvalloille.<\/p>\n<p>Tanskan ulkoministeri: Gr\u00f6nlanti-kokouksen osallistujat yht\u00e4 mielt\u00e4 yhdest\u00e4 asiasta. <\/p>\n<p>Lue tiivistelm\u00e4<\/p>\n<p class=\"article-body mb-nof-24 px-nof-16 sndp-summary-bullet-point-font\">Suomi pohtii osallistumista Tanskan j\u00e4rjest\u00e4m\u00e4\u00e4n Arctic Endurance -sotaharjoitukseen Gr\u00f6nlannissa, joka alkaa torstaina ja p\u00e4\u00e4ttyy lauantaina.<\/p>\n<p class=\"article-body mb-nof-24 px-nof-16 sndp-summary-bullet-point-font\">Ulko- ja turvallisuuspolitiikan asiantuntija Henri Vanhasen mukaan harjoitus on viesti Yhdysvalloille sen j\u00e4lkeen, kun presidentti Donald Trump on vaatinut Gr\u00f6nlantia Yhdysvalloille.<\/p>\n<p class=\"article-body mb-nof-24 px-nof-16 sndp-summary-bullet-point-font\">Suomi voisi l\u00e4hett\u00e4\u00e4 pienen joukon, kuten upseereita, osoittaakseen tukensa arktisen alueen turvaamiselle.<\/p>\n<p class=\"article-body mb-nof-24 px-nof-16 sndp-summary-bullet-point-font\">Ruotsi, Norja, Saksa ja Ranska ovat jo ilmoittaneet osallistuvansa harjoitukseen.<\/p>\n<p class=\"article-body mb-nof-24 px-nof-16\">Suomen valtionjohto pohtii parhaillaan, tulisiko Suomen osallistua Gr\u00f6nlannissa j\u00e4rjestett\u00e4v\u00e4\u00e4n sotaharjoitukseen.<\/p>\n<p class=\"article-body mb-nof-24 px-nof-16\">Ulkoministeri <a class=\"font-bold underline-offset-[0.12em] [text-decoration:var(--person-link-text-decoration)] ![text-decoration-color:var(--person-link-text-decoration-color)]\" href=\"https:\/\/www.is.fi\/haku\/?query=Elina%20Valtonen\" rel=\"nofollow noopener\" target=\"_blank\">Elina Valtonen<\/a> (kok) kertoi keskiviikkona <a class=\"underline underline-offset-[0.12em] [text-decoration-thickness:var(--generic-link-underline-thickness)] [text-decoration-color:var(--generic-link-underline-color)] [text-decoration-skip-ink:var(--generic-link-underline-skip-ink)] break-words\" href=\"https:\/\/yle.fi\/a\/74-20204328\" rel=\"nofollow noopener\" target=\"_blank\">Ylell\u00e4<\/a>, ett\u00e4 Suomi on saanut pyynn\u00f6n osallistua Tanskan j\u00e4rjest\u00e4m\u00e4\u00e4n Arctic Endurance -sotaharjoitukseen Gr\u00f6nlannissa. Valtosen mukaan pyynt\u00f6\u00e4 arvioidaan rauhassa.<\/p>\n<p class=\"article-body mb-nof-24 px-nof-16\">Ulko- ja turvallisuuspolitiikan asiantuntija <a class=\"font-bold underline-offset-[0.12em] [text-decoration:var(--person-link-text-decoration)] ![text-decoration-color:var(--person-link-text-decoration-color)]\" href=\"https:\/\/www.is.fi\/haku\/?query=Henri%20Vanhanen\" rel=\"nofollow noopener\" target=\"_blank\">Henri Vanhanen<\/a> arvioi, ett\u00e4 Suomi voisi osallistua sotaharjoitukseen pienell\u00e4 ja rajatulla panoksella.<\/p>\n<p class=\"article-body mb-nof-24 px-nof-16\">\u2013 En miss\u00e4\u00e4n tapauksessa usko laajempaan joukkojen l\u00e4hett\u00e4miseen.<\/p>\n<p><img decoding=\"async\" src=\"https:\/\/www.europesays.com\/fi\/wp-content\/uploads\/2026\/01\/1768477809_303_468.jpg\" alt=\"Henri Vanhasen mukaan Suomella on painetta osallistua harjoitukseen.\" class=\"_Img_1rerz_1\" style=\"aspect-ratio:1.5\" loading=\"eager\"\/><\/p>\n<p class=\"article-picture-caption\">Henri Vanhasen mukaan Suomella on painetta osallistua harjoitukseen. Kuva:\u00a0Seppo K\u00e4rki \/ IS<\/p>\n<p class=\"article-body mb-nof-24 px-nof-16\">P\u00e4\u00e4t\u00f6kseen osallistumisesta liittyy Vanhasen mukaan monta tekij\u00e4\u00e4. Huomioon tulee ottaa ainakin Suomen rooli arktisella alueella, j\u00e4senyys liittovaltio Natossa sek\u00e4 vallitseva poliittinen tilanne.<\/p>\n<p class=\"article-body mb-nof-24 px-nof-16\">Tilanteesta on tehnyt j\u00e4nnitteisen Yhdysvaltain presidentin <a class=\"font-bold underline-offset-[0.12em] [text-decoration:var(--person-link-text-decoration)] ![text-decoration-color:var(--person-link-text-decoration-color)]\" href=\"https:\/\/www.is.fi\/haku\/?query=Donald%20Trumpin\" rel=\"nofollow noopener\" target=\"_blank\">Donald Trumpin<\/a> toistuvat puheet siit\u00e4, ett\u00e4 Gr\u00f6nlannin tulisi kuulua Yhdysvalloille. Vaikka Yhdysvalloilla on jo sotilaallinen p\u00e4\u00e4sy Gr\u00f6nlantiin, on Trump todennut sen olevan riitt\u00e4m\u00e4t\u00f6n.<\/p>\n<p class=\"article-body mb-nof-24 px-nof-16\">Sotaharjoituksen j\u00e4rjest\u00e4minen nopealla aikataululla onkin Vanhasen mukaan selke\u00e4 viesti Yhdysvalloille. H\u00e4n pit\u00e4\u00e4 Suomen mahdollista osallistumista ennen kaikkea symbolisena eleen\u00e4.<\/p>\n<p class=\"article-body mb-nof-24 px-nof-16\">\u2013 Se on tuen osoitus ja signaali, joka n\u00e4ytt\u00e4\u00e4, ett\u00e4 otetaan tosissaan, mit\u00e4 Yhdysvallat sanoo.<\/p>\n<p class=\"article-body mb-nof-24 px-nof-16\">Toistaiseksi ainakin Ruotsi, Norja, Saksa ja Ranska ovat ilmoittaneet osallistuvansa sotaharjoitukseen l\u00e4hett\u00e4m\u00e4ll\u00e4 Gr\u00f6nlantiin sotilaita. Vanhasen mukaan Suomen osallistuminen olisi t\u00e4ss\u00e4 tilanteessa luontevaa.<\/p>\n<p class=\"article-body mb-nof-24 px-nof-16\">\u2013 Varmasti paineita osallistua on aika paljon.<\/p>\n<p class=\"article-body mb-nof-24 px-nof-16\">Arctic Endurance -harjoitus alkaa torstaina ja p\u00e4\u00e4ttyy lauantaina. <a class=\"underline underline-offset-[0.12em] [text-decoration-thickness:var(--generic-link-underline-thickness)] [text-decoration-color:var(--generic-link-underline-color)] [text-decoration-skip-ink:var(--generic-link-underline-skip-ink)] break-words\" href=\"https:\/\/www.is.fi\/ulkomaat\/art-2000011749986.html\" rel=\"nofollow noopener\" target=\"_blank\">Keskiviikkona <\/a>Gr\u00f6nlantiin saapui Tanskan erikoisjoukkojen sotilaita. Tanskan asevoimat on aloittanut \u201dlaajennetun\u201d sotilaallisen l\u00e4sn\u00e4olon alueella.<\/p>\n<p><img decoding=\"async\" src=\"https:\/\/www.europesays.com\/fi\/wp-content\/uploads\/2026\/01\/1768477809_243_468.jpg\" alt=\"Gr\u00f6nlannissa j\u00e4rjestettiin syyskuussa Arctic Light -niminen sotaharjoitus.\" class=\"_Img_1rerz_1\" style=\"aspect-ratio:1.5\" loading=\"eager\"\/><\/p>\n<p class=\"article-picture-caption\">Gr\u00f6nlannissa j\u00e4rjestettiin syyskuussa Arctic Light -niminen sotaharjoitus. Kuva:\u00a0Guglielmo Mangiapane \/ Reuters<\/p>\n<p class=\"article-body mb-nof-24 px-nof-16\">Vanhasen mukaan Suomen osaaminen ja mahdollinen tuki Gr\u00f6nlannille perustuu ennen kaikkea arktisissa olosuhteissa operoimiseen. H\u00e4nen mukaansa on luontevaa, ett\u00e4 arktinen valtio tukee toista arktista valtiota.<\/p>\n<p class=\"article-body mb-nof-24 px-nof-16\">Vanhanen arvioi, ett\u00e4 Suomen osallistuminen sotaharjoitukseen voisi olla vastaavanlaista kuin Ruotsilla eli Gr\u00f6nlantiin voitaisiin l\u00e4hett\u00e4\u00e4 esimerkiksi pieni m\u00e4\u00e4r\u00e4 upseereita. N\u00e4in nopealla aikataululla Suomi tuskin edes pystyisi l\u00e4hett\u00e4\u00e4 Gr\u00f6nlantiin suurempaa m\u00e4\u00e4r\u00e4\u00e4 joukkoja, sill\u00e4 se vaatisi h\u00e4nen mukaansa pidemp\u00e4\u00e4 suunnittelua ja koordinointia.<\/p>\n<p class=\"article-body mb-nof-24 px-nof-16\">Osallistumisellaan Suomi kuitenkin voisi l\u00e4hett\u00e4\u00e4 viestin niin Yhdysvaltoihin kuin Pohjoismaillekin siit\u00e4, ett\u00e4 arktisen alueen turvaaminen otetaan tosissaan. Osallistuminen on Vanhasen mukaan my\u00f6s Suomen n\u00e4k\u00f6kulmasta relevanttia, sill\u00e4 arktisen alueen turvaaminen parantaa my\u00f6s It\u00e4meren alueen turvallisuutta.<\/p>\n<p class=\"article-body mb-nof-24 px-nof-16\">\u2013 On selv\u00e4\u00e4, ett\u00e4 Suomen n\u00e4k\u00f6kulmasta arktinen turvallisuus ei ole kaukainen asia.<\/p>\n","protected":false},"excerpt":{"rendered":"Henri Vanhasen mukaan sotaharjoitus on ennen kaikkea viesti Yhdysvalloille. Tanskan ulkoministeri: Gr\u00f6nlanti-kokouksen osallistujat yht\u00e4 mielt\u00e4 yhdest\u00e4 asiasta. Lue&hellip;\n","protected":false},"author":2,"featured_media":143010,"comment_status":"","ping_status":"","sticky":false,"template":"","format":"standard","meta":{"footnotes":""},"categories":[113],"tags":[446,33,31,30,34,118,32,119,447],"class_list":{"0":"post-143009","1":"post","2":"type-post","3":"status-publish","4":"format-standard","5":"has-post-thumbnail","7":"category-ymparisto","8":"tag-environment","9":"tag-fi","10":"tag-finland","11":"tag-finnish","12":"tag-ilta-sanomat","13":"tag-science","14":"tag-suomi","15":"tag-tiede","16":"tag-ymparisto"},"share_on_mastodon":{"url":"https:\/\/pubeurope.com\/@fi\/115898969090827729","error":""},"_links":{"self":[{"href":"https:\/\/www.europesays.com\/fi\/wp-json\/wp\/v2\/posts\/143009","targetHints":{"allow":["GET"]}}],"collection":[{"href":"https:\/\/www.europesays.com\/fi\/wp-json\/wp\/v2\/posts"}],"about":[{"href":"https:\/\/www.europesays.com\/fi\/wp-json\/wp\/v2\/types\/post"}],"author":[{"embeddable":true,"href":"https:\/\/www.europesays.com\/fi\/wp-json\/wp\/v2\/users\/2"}],"replies":[{"embeddable":true,"href":"https:\/\/www.europesays.com\/fi\/wp-json\/wp\/v2\/comments?post=143009"}],"version-history":[{"count":0,"href":"https:\/\/www.europesays.com\/fi\/wp-json\/wp\/v2\/posts\/143009\/revisions"}],"wp:featuredmedia":[{"embeddable":true,"href":"https:\/\/www.europesays.com\/fi\/wp-json\/wp\/v2\/media\/143010"}],"wp:attachment":[{"href":"https:\/\/www.europesays.com\/fi\/wp-json\/wp\/v2\/media?parent=143009"}],"wp:term":[{"taxonomy":"category","embeddable":true,"href":"https:\/\/www.europesays.com\/fi\/wp-json\/wp\/v2\/categories?post=143009"},{"taxonomy":"post_tag","embeddable":true,"href":"https:\/\/www.europesays.com\/fi\/wp-json\/wp\/v2\/tags?post=143009"}],"curies":[{"name":"wp","href":"https:\/\/api.w.org\/{rel}","templated":true}]}}