{"id":143011,"date":"2026-01-15T11:54:08","date_gmt":"2026-01-15T11:54:08","guid":{"rendered":"https:\/\/www.europesays.com\/fi\/143011\/"},"modified":"2026-01-15T11:54:08","modified_gmt":"2026-01-15T11:54:08","slug":"ranska-harkitsee-eutelsat-satelliitti-internet-tuen-lahettamista-iranilaisille-maanlaajuisen-sahkokatkon-keskella","status":"publish","type":"post","link":"https:\/\/www.europesays.com\/fi\/143011\/","title":{"rendered":"Ranska harkitsee Eutelsat-satelliitti-internet-tuen l\u00e4hett\u00e4mist\u00e4 iranilaisille maanlaajuisen s\u00e4hk\u00f6katkon keskell\u00e4. &#8211;"},"content":{"rendered":"<p>Ranska tutkii, voisiko se l\u00e4hett\u00e4\u00e4 satelliitti-internetp\u00e4\u00e4tteit\u00e4 Iraniin sen j\u00e4lkeen, kun viranomaiset ovat asettaneet l\u00e4hes t\u00e4ydellisen internetkatkon maan v\u00e4kivaltaisimpien levottomuuksien aikana vuosikymmeniin. N\u00e4in iranilaiset voisivat saada tiedonsaannin takaisin, sill\u00e4 <a href=\"https:\/\/www.gamereactor.fi\/iran-sulkeutuu-mielenosoitukset-leviavat-ja-khamenei-antaa-jyrkan-varoituksen-1529003\/\" title=\"Iran erist\u00e4ytyy maailmasta, mielenosoitukset levi\u00e4v\u00e4t ja Khamenei antaa jyrk\u00e4n varoituksen\" rel=\"nofollow noopener\" target=\"_blank\">mielenosoitukset papistoa vastaan ovat saaneet aikaan tappavia tukahduttamistoimia.<\/a><\/p>\n<p>Ranskan ulkoministeri Jean-No\u00ebl Barrot vahvisti parlamentissa, ett\u00e4 Eutelsatin p\u00e4\u00e4telaitteet olivat yksi harkittavista vaihtoehdoista. Eutelsat, jota Ranska ja Yhdistynyt kuningaskunta tukevat, yll\u00e4pit\u00e4\u00e4 OneWeb-satelliittikonstellaatiota, joka on yksi harvoista vaihtoehdoista Elon Muskin Starlinkille, joka pystyy tarjoamaan internet-yhteyden siell\u00e4, miss\u00e4 maaverkot ovat poikki.<\/p>\n<p><img loading=\"lazy\" decoding=\"async\" id=\"img-1533683-4783963\" data-fullsize=\"\/media\/39\/franceconsiderssending_4783963b.jpg\" data-lazy=\"\" src=\"https:\/\/www.gamereactor.fihttps:\/\/www.gamereactor.fi\/media\/39\/franceconsiderssending_4783963_650x.jpg\" width=\"650\" onclick=\"gallery_openmodal('1533683','4783963',false,'9f13a20090198429dc55bc098d4463e5');\" height=\"434\" alt=\"Ranska harkitsee Eutelsat-satelliitti-internet-tuen l\u00e4hett\u00e4mist\u00e4 iranilaisille maanlaajuisen s\u00e4hk\u00f6katkon keskell\u00e4.\" class=\"rwd_col_content lazy\"\/>Eutelsat \/\/ Shutterstock<\/p>\n<p>Iranin viranomaiset ovat rajoittaneet verkkopalveluja mielenosoitusten kiihtyess\u00e4, joissa on tiett\u00e4v\u00e4sti kuollut tuhansia ihmisi\u00e4. S\u00e4hk\u00f6katkosta huolimatta jotkut ihmiset Iranissa ovat onnistuneet saamaan yhteyden satelliittipalveluihin, mutta seurantaryhmien mukaan jopa n\u00e4m\u00e4kin yhteydet n\u00e4ytt\u00e4v\u00e4t olevan yh\u00e4 rajallisempia.<\/p>\n<p>Starlinkin paljon suurempi satelliittiverkko tarjoaa nopeampia nopeuksia ja halvempia ja helpommin asennettavia p\u00e4\u00e4telaitteita, mutta OneWebi\u00e4 pidet\u00e4\u00e4n mahdollisena Euroopan tukemana vaihtoehtona. Sen laitteet ovat j\u00e4re\u00e4mpi\u00e4 ja alttiimpia h\u00e4iri\u00f6ille, mutta ranskalaiset virkamiehet sanovat, ett\u00e4 kaikkia vaihtoehtoja tutkitaan, kun paine pit\u00e4\u00e4 iranilaiset yhteydess\u00e4 ulkomaailmaan kasvaa.<\/p>\n","protected":false},"excerpt":{"rendered":"Ranska tutkii, voisiko se l\u00e4hett\u00e4\u00e4 satelliitti-internetp\u00e4\u00e4tteit\u00e4 Iraniin sen j\u00e4lkeen, kun viranomaiset ovat asettaneet l\u00e4hes t\u00e4ydellisen internetkatkon maan v\u00e4kivaltaisimpien&hellip;\n","protected":false},"author":2,"featured_media":143012,"comment_status":"","ping_status":"","sticky":false,"template":"","format":"standard","meta":{"footnotes":""},"categories":[87],"tags":[33,31,30,148,32,91,92],"class_list":{"0":"post-143011","1":"post","2":"type-post","3":"status-publish","4":"format-standard","5":"has-post-thumbnail","7":"category-internet","8":"tag-fi","9":"tag-finland","10":"tag-finnish","11":"tag-internet","12":"tag-suomi","13":"tag-technology","14":"tag-teknologia"},"share_on_mastodon":{"url":"https:\/\/pubeurope.com\/@fi\/115898984875919320","error":""},"_links":{"self":[{"href":"https:\/\/www.europesays.com\/fi\/wp-json\/wp\/v2\/posts\/143011","targetHints":{"allow":["GET"]}}],"collection":[{"href":"https:\/\/www.europesays.com\/fi\/wp-json\/wp\/v2\/posts"}],"about":[{"href":"https:\/\/www.europesays.com\/fi\/wp-json\/wp\/v2\/types\/post"}],"author":[{"embeddable":true,"href":"https:\/\/www.europesays.com\/fi\/wp-json\/wp\/v2\/users\/2"}],"replies":[{"embeddable":true,"href":"https:\/\/www.europesays.com\/fi\/wp-json\/wp\/v2\/comments?post=143011"}],"version-history":[{"count":0,"href":"https:\/\/www.europesays.com\/fi\/wp-json\/wp\/v2\/posts\/143011\/revisions"}],"wp:featuredmedia":[{"embeddable":true,"href":"https:\/\/www.europesays.com\/fi\/wp-json\/wp\/v2\/media\/143012"}],"wp:attachment":[{"href":"https:\/\/www.europesays.com\/fi\/wp-json\/wp\/v2\/media?parent=143011"}],"wp:term":[{"taxonomy":"category","embeddable":true,"href":"https:\/\/www.europesays.com\/fi\/wp-json\/wp\/v2\/categories?post=143011"},{"taxonomy":"post_tag","embeddable":true,"href":"https:\/\/www.europesays.com\/fi\/wp-json\/wp\/v2\/tags?post=143011"}],"curies":[{"name":"wp","href":"https:\/\/api.w.org\/{rel}","templated":true}]}}