{"id":143015,"date":"2026-01-15T11:58:09","date_gmt":"2026-01-15T11:58:09","guid":{"rendered":"https:\/\/www.europesays.com\/fi\/143015\/"},"modified":"2026-01-15T11:58:09","modified_gmt":"2026-01-15T11:58:09","slug":"kulttuuri-ajan-henki-ja-toivon-pilkahdus-taideyhdistyksen-vuosinayttely-avautui-nurmijarvella-paikalliset","status":"publish","type":"post","link":"https:\/\/www.europesays.com\/fi\/143015\/","title":{"rendered":"Kulttuuri | Ajan henki ja toivon pilkahdus \u2013 Taideyhdistyksen vuosin\u00e4yttely avautui Nurmij\u00e4rvell\u00e4 | Paikalliset"},"content":{"rendered":"<p>Nurmij\u00e4rven Taideyhdistyksen vuositaiteen n\u00e4yttely on avautunut ja kokoaa yhteen 30 taiteilijan teoksia, tarjoten monipuolisen ja ajankohtaisen katsauksen paikalliseen kuvataiteeseen.<\/p>\n<p><strong class=\"diks-storyline__impact\">N\u00e4yttelyn tuomaroinnista<\/strong> ja teosvalinnoista vastasi ulkopuolinen raati, Taideteollisesta korkeakoulusta taiteen maisteriksi valmistunut keraamikko <strong>Sanna Palmu<\/strong>.<\/p>\n<p>Palmun mukaan teosten valinnoissa painottui t\u00e4m\u00e4n ajan ahdistavuus ja ep\u00e4varmuus, mutta samalla my\u00f6s pienet arkiset asiat, jotka luovat toivoa ja iloa.<\/p>\n<p>\u2013 Valitsin jokaiselta taiteilijalta ty\u00f6n, joka mielest\u00e4ni sopi parhaiten t\u00e4h\u00e4n teemaan. Teoksissa n\u00e4kyy ajan henki, mutta my\u00f6s herkkyys ja lohdullisuus, Palmu kuvaa.<\/p>\n<p><strong class=\"diks-storyline__impact\">N\u00e4yttelyss\u00e4 voi<\/strong> huomata my\u00f6s kiinnostavaa vuoropuhelua maalausten ja veistosten v\u00e4lill\u00e4. Esimerkkin\u00e4 t\u00e4st\u00e4 keskelle tilaa sijoitetut Seitsem\u00e4n pingviiniveljest\u00e4, pronssinen Ahti-kalateos sek\u00e4 taustalla oleva suuri sinis\u00e4vyinen Save Vicks \u2013 Hyinen tarina-maalaus j\u00e4\u00e4karhuineen. N\u00e4m\u00e4 teokset yhdess\u00e4 luovat kokonaisuuteen sek\u00e4 leikkisyytt\u00e4 ett\u00e4 vakavampaa pohdintaa el\u00e4inlajien ja elinymp\u00e4rist\u00f6jen tulevaisuudesta.<\/p>\n<p>Mukana on laaja kirjo erilaisia ilmaisutapoja ja tekniikoita. N\u00e4yttely on esill\u00e4 Galleria Villess\u00e4 Nurmij\u00e4rven p\u00e4\u00e4kirjastossa 9.1.\u20135.2., kirjaston aukioloaikojen puitteissa.<\/p>\n","protected":false},"excerpt":{"rendered":"Nurmij\u00e4rven Taideyhdistyksen vuositaiteen n\u00e4yttely on avautunut ja kokoaa yhteen 30 taiteilijan teoksia, tarjoten monipuolisen ja ajankohtaisen katsauksen paikalliseen&hellip;\n","protected":false},"author":2,"featured_media":143016,"comment_status":"","ping_status":"","sticky":false,"template":"","format":"standard","meta":{"footnotes":""},"categories":[135],"tags":[389,387,388,390,137,33,31,30,763,401,32,394,397,485,484,393,391,392,398,109],"class_list":{"0":"post-143015","1":"post","2":"type-post","3":"status-publish","4":"format-standard","5":"has-post-thumbnail","7":"category-taiteet-ja-suunnittelu","8":"tag-arts","9":"tag-arts-and-design","10":"tag-artsanddesign","11":"tag-design","12":"tag-entertainment","13":"tag-fi","14":"tag-finland","15":"tag-finnish","16":"tag-kulttuuri-ja-viihde","17":"tag-nurmijarvi","18":"tag-suomi","19":"tag-suunnittelu","20":"tag-taide","21":"tag-taide-yleista","22":"tag-taiteellinen-ilmaisu-ja-mediat","23":"tag-taiteet","24":"tag-taiteet-ja-suunnittelu","25":"tag-taiteetsuunnittelu","26":"tag-taiteilija","27":"tag-viihde"},"share_on_mastodon":{"url":"https:\/\/pubeurope.com\/@fi\/115899000560682184","error":""},"_links":{"self":[{"href":"https:\/\/www.europesays.com\/fi\/wp-json\/wp\/v2\/posts\/143015","targetHints":{"allow":["GET"]}}],"collection":[{"href":"https:\/\/www.europesays.com\/fi\/wp-json\/wp\/v2\/posts"}],"about":[{"href":"https:\/\/www.europesays.com\/fi\/wp-json\/wp\/v2\/types\/post"}],"author":[{"embeddable":true,"href":"https:\/\/www.europesays.com\/fi\/wp-json\/wp\/v2\/users\/2"}],"replies":[{"embeddable":true,"href":"https:\/\/www.europesays.com\/fi\/wp-json\/wp\/v2\/comments?post=143015"}],"version-history":[{"count":0,"href":"https:\/\/www.europesays.com\/fi\/wp-json\/wp\/v2\/posts\/143015\/revisions"}],"wp:featuredmedia":[{"embeddable":true,"href":"https:\/\/www.europesays.com\/fi\/wp-json\/wp\/v2\/media\/143016"}],"wp:attachment":[{"href":"https:\/\/www.europesays.com\/fi\/wp-json\/wp\/v2\/media?parent=143015"}],"wp:term":[{"taxonomy":"category","embeddable":true,"href":"https:\/\/www.europesays.com\/fi\/wp-json\/wp\/v2\/categories?post=143015"},{"taxonomy":"post_tag","embeddable":true,"href":"https:\/\/www.europesays.com\/fi\/wp-json\/wp\/v2\/tags?post=143015"}],"curies":[{"name":"wp","href":"https:\/\/api.w.org\/{rel}","templated":true}]}}