{"id":143017,"date":"2026-01-15T12:00:07","date_gmt":"2026-01-15T12:00:07","guid":{"rendered":"https:\/\/www.europesays.com\/fi\/143017\/"},"modified":"2026-01-15T12:00:07","modified_gmt":"2026-01-15T12:00:07","slug":"ykkosaamun-vieraana-hiski-haukkala-mita-haluat-kysya-ulkopoliittisen-instituutin-johtajalta-ulkomaat","status":"publish","type":"post","link":"https:\/\/www.europesays.com\/fi\/143017\/","title":{"rendered":"Ykk\u00f6saamun vieraana Hiski Haukkala \u2013 Mit\u00e4 haluat kysy\u00e4 Ulkopoliittisen instituutin johtajalta? | Ulkomaat"},"content":{"rendered":"<p class=\"aw-1gybjub aw-5vja16 kEtdKx kmuxyA yle__article__paragraph\">Presidentti Donald Trumpin Yhdysvallat ajaa nyt etujaan voimalla kansain\u00adv\u00e4lisess\u00e4 politiikassa. Miten suurvallan valtapolitiikka vaikuttaa Suomeen?<\/p>\n<p><img decoding=\"async\" alt=\"Hiski Haukkala.\" src=\"https:\/\/www.europesays.com\/fi\/wp-content\/uploads\/2026\/01\/39-138470267418f5464c32.jpeg\" class=\"aw-1l9m598 hKVVvP\"\/><\/p>\n<p>Avaa kuvien katselu<\/p>\n<p>Ulkopoliittisen instituutin johtaja Hiski Haukkala. Kuva: Henrietta Hassinen \/ Yle<\/p>\n<p class=\"aw-1gybjub aw-1p7kakr kEtdKx cEmitX yle__article__paragraph\">Yhdysvallat <a class=\"aw-iao6s4 iHOxEa yle__article__link\" href=\"https:\/\/yle.fi\/a\/74-20202413\" role=\"link\" rel=\"nofollow noopener\" target=\"_blank\">kaappasi<\/a> Venezuelan diktaattorin. Se haluaa my\u00f6s <a class=\"aw-iao6s4 iHOxEa yle__article__link\" href=\"https:\/\/yle.fi\/a\/74-20203507\" role=\"link\" rel=\"nofollow noopener\" target=\"_blank\">liitt\u00e4\u00e4 itseens\u00e4<\/a> Nato-liittolaisensa Tanskan itsehallintoalueen Gr\u00f6nlannin ja <a class=\"aw-iao6s4 iHOxEa yle__article__link\" href=\"https:\/\/yle.fi\/a\/74-20204090\" role=\"link\" rel=\"nofollow noopener\" target=\"_blank\">puuttua<\/a> Iranin tilanteeseen.<\/p>\n<p class=\"aw-1gybjub aw-1p7kakr kEtdKx cEmitX yle__article__paragraph\">Mit\u00e4 Yhdysvallat ulkopoliittisilla toimillaan tavoittelee? Voiko Suomi en\u00e4\u00e4 luottaa uudenlaista valtapolitiikkaa toteuttavaan Nato-liittolaiseensa? Miten pieni maa voi p\u00e4rj\u00e4t\u00e4, kun isot n\u00e4ytt\u00e4v\u00e4t valtansa?<\/p>\n<p class=\"aw-1gybjub aw-1p7kakr kEtdKx cEmitX yle__article__paragraph\">Ulkopoliittisen instituutin johtaja <strong class=\"aw-ak79eh KyCXm yle__article__strong\">Hiski Haukkala<\/strong> on Ykk\u00f6saamun vieraana lauantaina. H\u00e4nt\u00e4 haastattelee <strong class=\"aw-ak79eh KyCXm yle__article__strong\">Seija Vaaherkumpu<\/strong>. Suora l\u00e4hetys TV1:ss\u00e4 ja <a class=\"aw-iao6s4 iHOxEa yle__article__link\" href=\"https:\/\/areena.yle.fi\/1-76192169\" role=\"link\" rel=\"nofollow noopener\" target=\"_blank\">Yle Areenassa<\/a> alkaa kello 10.05.<\/p>\n<p class=\"aw-1gybjub aw-1p7kakr kEtdKx cEmitX yle__article__paragraph\">Voit l\u00e4hett\u00e4\u00e4 Hiski Haukkalalle kysymyksi\u00e4 alla olevalla lomakkeella:<\/p>\n","protected":false},"excerpt":{"rendered":"Presidentti Donald Trumpin Yhdysvallat ajaa nyt etujaan voimalla kansain\u00adv\u00e4lisess\u00e4 politiikassa. Miten suurvallan valtapolitiikka vaikuttaa Suomeen? Avaa kuvien katselu&hellip;\n","protected":false},"author":2,"featured_media":143018,"comment_status":"","ping_status":"","sticky":false,"template":"","format":"standard","meta":{"footnotes":""},"categories":[133],"tags":[137,33,31,30,4538,3648,70,32,206,156,56,7605,109,619,18857],"class_list":{"0":"post-143017","1":"post","2":"type-post","3":"status-publish","4":"format-standard","5":"has-post-thumbnail","7":"category-televisiot","8":"tag-entertainment","9":"tag-fi","10":"tag-finland","11":"tag-finnish","12":"tag-gronlanti","13":"tag-iran","14":"tag-kansainvalinen-politiikka","15":"tag-suomi","16":"tag-televisiot","17":"tag-tv","18":"tag-ulkomaat","19":"tag-venezuela","20":"tag-viihde","21":"tag-yhdysvallat","22":"tag-ykkosaamu"},"share_on_mastodon":{"url":"https:\/\/pubeurope.com\/@fi\/115899008446775298","error":""},"_links":{"self":[{"href":"https:\/\/www.europesays.com\/fi\/wp-json\/wp\/v2\/posts\/143017","targetHints":{"allow":["GET"]}}],"collection":[{"href":"https:\/\/www.europesays.com\/fi\/wp-json\/wp\/v2\/posts"}],"about":[{"href":"https:\/\/www.europesays.com\/fi\/wp-json\/wp\/v2\/types\/post"}],"author":[{"embeddable":true,"href":"https:\/\/www.europesays.com\/fi\/wp-json\/wp\/v2\/users\/2"}],"replies":[{"embeddable":true,"href":"https:\/\/www.europesays.com\/fi\/wp-json\/wp\/v2\/comments?post=143017"}],"version-history":[{"count":0,"href":"https:\/\/www.europesays.com\/fi\/wp-json\/wp\/v2\/posts\/143017\/revisions"}],"wp:featuredmedia":[{"embeddable":true,"href":"https:\/\/www.europesays.com\/fi\/wp-json\/wp\/v2\/media\/143018"}],"wp:attachment":[{"href":"https:\/\/www.europesays.com\/fi\/wp-json\/wp\/v2\/media?parent=143017"}],"wp:term":[{"taxonomy":"category","embeddable":true,"href":"https:\/\/www.europesays.com\/fi\/wp-json\/wp\/v2\/categories?post=143017"},{"taxonomy":"post_tag","embeddable":true,"href":"https:\/\/www.europesays.com\/fi\/wp-json\/wp\/v2\/tags?post=143017"}],"curies":[{"name":"wp","href":"https:\/\/api.w.org\/{rel}","templated":true}]}}