{"id":143025,"date":"2026-01-15T12:08:08","date_gmt":"2026-01-15T12:08:08","guid":{"rendered":"https:\/\/www.europesays.com\/fi\/143025\/"},"modified":"2026-01-15T12:08:08","modified_gmt":"2026-01-15T12:08:08","slug":"niko-saarinen-osti-180-eurolla-mysteeripaketteja","status":"publish","type":"post","link":"https:\/\/www.europesays.com\/fi\/143025\/","title":{"rendered":"Niko Saarinen osti 180 eurolla mysteeripaketteja"},"content":{"rendered":"<p>Saarinen esittelee mysteeripakettiensa sis\u00e4ll\u00f6n IS:lle.<\/p>\n<p class=\"article-body mb-nof-24 px-nof-16\">Juontaja <a class=\"font-bold underline-offset-[0.12em] [text-decoration:var(--person-link-text-decoration)] ![text-decoration-color:var(--person-link-text-decoration-color)]\" href=\"https:\/\/www.is.fi\/haku\/?query=Niko%20Saarinen\" rel=\"nofollow noopener\" target=\"_blank\">Niko Saarinen<\/a> kertoo Tiktokissa k\u00e4yneens\u00e4 ostoksilla mysteeripaketteja tarjoavassa helsinkil\u00e4isess\u00e4 pop up -liikkeess\u00e4.<\/p>\n<p class=\"article-body mb-nof-24 px-nof-16\">Saarinen osti mysteeripaketteja per\u00e4ti 180 eurolla ja esitteli ostoksiansa somessa.<\/p>\n<p class=\"article-body mb-nof-24 px-nof-16\">\u2013 Hullaannuin, niit\u00e4 on reippaasti yli kymmenen, Saarinen my\u00f6nt\u00e4\u00e4.<\/p>\n<p class=\"article-body mb-nof-24 px-nof-16\">\u2013 T\u00e4\u00e4ll\u00e4h\u00e4n voi olla mit\u00e4 vaan perseest\u00e4 per\u00e4moottoriin, Saarinen intoili paketteja availlessaan.<\/p>\n<p class=\"article-body mb-nof-24 px-nof-16\">Paketeista paljastui Saarisen mukaan ainakin joitain auton osia sek\u00e4 vaatteita. Saarinen kaivoi paketeista esiin my\u00f6s naisten mustan bodyn ja valkoisen mekon, jonka punainen v\u00e4ritys n\u00e4ytt\u00e4\u00e4 veren tahrimalta.<\/p>\n<p><img decoding=\"async\" src=\"https:\/\/www.europesays.com\/fi\/wp-content\/uploads\/2026\/01\/1768478887_543_468.jpg\" alt=\"Saarinen poseerasi verimekossa.\" class=\"_Img_1rerz_1\" style=\"aspect-ratio:0.75\" loading=\"eager\"\/><\/p>\n<p class=\"article-picture-caption\">Saarinen poseerasi verimekossa. Kuva:\u00a0NIKO SAARINEN<\/p>\n<p class=\"article-body mb-nof-24 px-nof-16\">Videolla Saarinen vet\u00e4\u00e4 mekon p\u00e4\u00e4lleen ja miettii, ett\u00e4 ehk\u00e4 sit\u00e4 voi k\u00e4ytt\u00e4\u00e4 halloweenina.<\/p>\n<p class=\"article-body mb-nof-24 px-nof-16\">\u2013 El\u00e4 ole tosissasi, mik\u00e4 taivaan tosi t\u00e4m\u00e4 on, h\u00e4n h\u00e4mm\u00e4stelee.<\/p>\n<p class=\"article-body mb-nof-24 px-nof-16\">\u2013 En yht\u00e4\u00e4n ihmettele, ett\u00e4 joku tullut katumap\u00e4\u00e4lle ja j\u00e4tt\u00e4nyt t\u00e4m\u00e4n paketin postiin. Ja nyt Saarisen Niko ostaa n\u00e4it\u00e4 180 eurolla.<\/p>\n<p><img decoding=\"async\" src=\"https:\/\/www.europesays.com\/fi\/wp-content\/uploads\/2026\/01\/1768478887_537_468.jpg\" alt=\"Saarinen veti naisten bodyn p\u00e4\u00e4llens\u00e4.\" class=\"_Img_1rerz_1\" style=\"aspect-ratio:0.75\" loading=\"eager\"\/><\/p>\n<p class=\"article-picture-caption\">Saarinen veti naisten bodyn p\u00e4\u00e4llens\u00e4. Kuva:\u00a0NIKO SAARINEN<\/p>\n<p class=\"article-body mb-nof-24 px-nof-16\">Mysteeripakettien sis\u00e4lt\u00f6 on puhuttanut my\u00f6s someseuraajia.<\/p>\n<p class=\"article-body mb-nof-24 px-nof-16\">\u2013 Toi veril\u00f6ylymekko, Tiktokissa h\u00e4mm\u00e4stell\u00e4\u00e4n.<\/p>\n<p class=\"article-body mb-nof-24 px-nof-16\">\u2013 Toi mekko n\u00e4ytt\u00e4\u00e4 oikeesti silt\u00e4, ett\u00e4 joku on yritt\u00e4nyt h\u00e4vitt\u00e4\u00e4 postin kautta murhan aikaan p\u00e4\u00e4ll\u00e4 ollutta vaatetta, er\u00e4s seuraaja kommentoi Tiktokissa.<\/p>\n<p><img decoding=\"async\" src=\"https:\/\/www.europesays.com\/fi\/wp-content\/uploads\/2026\/01\/1768478888_333_468.jpg\" alt=\"Mysteeripaketeista paljastui my\u00f6s v\u00e4rik\u00e4s paita.\" class=\"_Img_1rerz_1\" style=\"aspect-ratio:0.75\" loading=\"eager\"\/><\/p>\n<p class=\"article-picture-caption\">Mysteeripaketeista paljastui my\u00f6s v\u00e4rik\u00e4s paita. Kuva:\u00a0NIKO SAARINEN<\/p>\n<p><img decoding=\"async\" src=\"https:\/\/www.europesays.com\/fi\/wp-content\/uploads\/2026\/01\/1768478888_302_468.jpg\" alt=\"Saarinen sai my\u00f6s varaosia.\" class=\"_Img_1rerz_1\" style=\"aspect-ratio:0.75\" loading=\"eager\"\/><\/p>\n<p class=\"article-picture-caption\">Saarinen sai my\u00f6s varaosia. Kuva:\u00a0NIKO SAARINEN<\/p>\n<p><img decoding=\"async\" src=\"https:\/\/www.europesays.com\/fi\/wp-content\/uploads\/2026\/01\/1768478888_717_468.jpg\" alt=\"Paketeissa oli my\u00f6s leikkuulautoja.\" class=\"_Img_1rerz_1\" style=\"aspect-ratio:0.75\" loading=\"eager\"\/><\/p>\n<p class=\"article-picture-caption\">Paketeissa oli my\u00f6s leikkuulautoja. Kuva:\u00a0NIKO SAARINEN<\/p>\n","protected":false},"excerpt":{"rendered":"Saarinen esittelee mysteeripakettiensa sis\u00e4ll\u00f6n IS:lle. Juontaja Niko Saarinen kertoo Tiktokissa k\u00e4yneens\u00e4 ostoksilla mysteeripaketteja tarjoavassa helsinkil\u00e4isess\u00e4 pop up -liikkeess\u00e4.&hellip;\n","protected":false},"author":2,"featured_media":143026,"comment_status":"","ping_status":"","sticky":false,"template":"","format":"standard","meta":{"footnotes":""},"categories":[76],"tags":[79,77,33,31,30,34,32,78],"class_list":{"0":"post-143025","1":"post","2":"type-post","3":"status-publish","4":"format-standard","5":"has-post-thumbnail","7":"category-talous","8":"tag-business","9":"tag-economy","10":"tag-fi","11":"tag-finland","12":"tag-finnish","13":"tag-ilta-sanomat","14":"tag-suomi","15":"tag-talous"},"share_on_mastodon":{"url":"https:\/\/pubeurope.com\/@fi\/115899040166640863","error":""},"_links":{"self":[{"href":"https:\/\/www.europesays.com\/fi\/wp-json\/wp\/v2\/posts\/143025","targetHints":{"allow":["GET"]}}],"collection":[{"href":"https:\/\/www.europesays.com\/fi\/wp-json\/wp\/v2\/posts"}],"about":[{"href":"https:\/\/www.europesays.com\/fi\/wp-json\/wp\/v2\/types\/post"}],"author":[{"embeddable":true,"href":"https:\/\/www.europesays.com\/fi\/wp-json\/wp\/v2\/users\/2"}],"replies":[{"embeddable":true,"href":"https:\/\/www.europesays.com\/fi\/wp-json\/wp\/v2\/comments?post=143025"}],"version-history":[{"count":0,"href":"https:\/\/www.europesays.com\/fi\/wp-json\/wp\/v2\/posts\/143025\/revisions"}],"wp:featuredmedia":[{"embeddable":true,"href":"https:\/\/www.europesays.com\/fi\/wp-json\/wp\/v2\/media\/143026"}],"wp:attachment":[{"href":"https:\/\/www.europesays.com\/fi\/wp-json\/wp\/v2\/media?parent=143025"}],"wp:term":[{"taxonomy":"category","embeddable":true,"href":"https:\/\/www.europesays.com\/fi\/wp-json\/wp\/v2\/categories?post=143025"},{"taxonomy":"post_tag","embeddable":true,"href":"https:\/\/www.europesays.com\/fi\/wp-json\/wp\/v2\/tags?post=143025"}],"curies":[{"name":"wp","href":"https:\/\/api.w.org\/{rel}","templated":true}]}}