{"id":143039,"date":"2026-01-15T12:28:05","date_gmt":"2026-01-15T12:28:05","guid":{"rendered":"https:\/\/www.europesays.com\/fi\/143039\/"},"modified":"2026-01-15T12:28:05","modified_gmt":"2026-01-15T12:28:05","slug":"arvostelu-aivan-liian-pitkan-kalevala-kullervon-tarinan-sankari-on-kitiseva-polvasti-eivatka-ongelmat-siihen-jaa-muropaketti-com","status":"publish","type":"post","link":"https:\/\/www.europesays.com\/fi\/143039\/","title":{"rendered":"Arvostelu Aivan liian pitk\u00e4n Kalevala: Kullervon tarinan sankari on kitisev\u00e4 p\u00f6lv\u00e4sti, eiv\u00e4tk\u00e4 ongelmat siihen j\u00e4\u00e4 &#8211; Muropaketti.com"},"content":{"rendered":"<ol>\n<li><a href=\"https:\/\/news.google.com\/rss\/articles\/CBMi-AFBVV95cUxOMlNQUHBjTTdwM1V6eUUyVFdfczNkVkxKMEpJNTdraFk4SE16ZGZzWjNyd05pZXcxQk1Gel9nUTZoT0M5WWJ4cEsyRTZMbzJyQS1HQWFEZnVLV1JIVF9wc1RTY05QUmdhVkJubmo2LVA0ck5qNjVlR0RTM0U0M29lVDgwWGNMT29YVzBSUWVWUWMtQnkxeklTbUpzcG82bmNZN1BnMXRVT1NrWm02WDlQb25Yand1QmIxMHlpYlpQV0taWTJYZlpfWU1jSWRWM09lVFhIcVZDQklDNF8xMGFDakkxYks2U0dIVG5IRy1xQ2Z1azJLdDk2Wg?oc=5\" target=\"_blank\" rel=\"nofollow noopener\">Arvostelu Aivan liian pitk\u00e4n Kalevala: Kullervon tarinan sankari on kitisev\u00e4 p\u00f6lv\u00e4sti, eiv\u00e4tk\u00e4 ongelmat siihen j\u00e4\u00e4<\/a>&nbsp;&nbsp;Muropaketti.com<\/li>\n<li><a href=\"https:\/\/news.google.com\/rss\/articles\/CBMi3wFBVV95cUxOa0g4UTZBNzU2N290Zk9hOU1tXzg1R3JlNi03SHpPSVN3WGhBVTR3RUcxdWlMdWtDNC1OMWY4VFlTbEFZYjB5VE1uX0NVWUhIU0ZrYXNTU0VxMW5WNEVCYkVQUWdBMEtzLS02NHV2cXlkX3hNV01QMTZEN3dqZ1dTcGx4WHFFM3BBZkxNc0dDd1FLMm5yVGM5X2ZkSjJYNlRoaDJnM1VrSlRVNnFPRnN3UDBxd0pXY2dSa19Vb1JWV09NYkRJSzhUeHdqS3I5S1hQMWZNNklYOTAtWS1Ba3c0?oc=5\" target=\"_blank\" rel=\"nofollow noopener\">Elokuva-arvio: Kullervon kohtalo ei kosketa Antti J. Jokisen suurelokuvassa \u2012 Kalevala-sovitus j\u00e4\u00e4 ontoksi<\/a>&nbsp;&nbsp;Keskipohjanmaa<\/li>\n<li><a href=\"https:\/\/news.google.com\/rss\/articles\/CBMiS0FVX3lxTFBiZkhybXJQeGRZekU5OEdlU0JTdnFSY3NjVmZQMVozcDU0SmVZanRNQkxweEFKSTBrankyVHRUQndDdHc2ajJvM3JESQ?oc=5\" target=\"_blank\" rel=\"nofollow noopener\">Elokuva-arvostelu | Perustelemattoman pitk\u00e4ksi venytetty Kalevalan inspiroima kostotarina j\u00e4\u00e4 py\u00f6rim\u00e4\u00e4n paikalleen<\/a>&nbsp;&nbsp;ts.fi<\/li>\n<li><a href=\"https:\/\/news.google.com\/rss\/articles\/CBMiXEFVX3lxTE9qSjFBVEV4SnAwMHNSMmxrRWczZGVDS0M4QXRXSkwyTUJYTUJJTmltUE1sOFRybUM3c3N5S0V4T3N2MWpGek1mZWZpT2V5ZlBjRzhtZDMyeDk3Yi1x?oc=5\" target=\"_blank\" rel=\"nofollow noopener\">Eero Aho on tottunut naisfaneihin, mutta Kullervon tarina vetoaa vanhempiin miehiin \u2013 &#8221;Ihminen on pahin peto&#8221;, sanoo ohjaaja<\/a>&nbsp;&nbsp;H\u00e4meen Sanomat<\/li>\n<li><a href=\"https:\/\/news.google.com\/rss\/articles\/CBMijAFBVV95cUxOS3NWU2RSbUFKT3RsaFNNNUZMbEcxLWJ4QTlJdFVobFlNWUdDdWZSNjFaN1FkOTBhYVczZk9MNFhQYmNVbTRLT2didUVxUk5BVFdKV3FnVV9uWWhRcUxFTlFqVmFVVGhkNUdKYTN1OFZONWl6QnJBcWl5c0pYZWtxcWNFR0ptOG1VbnpHdQ?oc=5\" target=\"_blank\" rel=\"nofollow noopener\">Kullervo-elokuva esitt\u00e4\u00e4 \u201cv\u00e4kivallan olevan meill\u00e4 veriss\u00e4\u201d, sanoo elokuvatutkija Anu Koivunen<\/a>&nbsp;&nbsp;Lapin Kansa<\/li>\n<\/ol>\n","protected":false},"excerpt":{"rendered":"Arvostelu Aivan liian pitk\u00e4n Kalevala: Kullervon tarinan sankari on kitisev\u00e4 p\u00f6lv\u00e4sti, eiv\u00e4tk\u00e4 ongelmat siihen j\u00e4\u00e4&nbsp;&nbsp;Muropaketti.com Elokuva-arvio: Kullervon kohtalo&hellip;\n","protected":false},"author":2,"featured_media":194,"comment_status":"","ping_status":"","sticky":false,"template":"","format":"standard","meta":{"footnotes":""},"categories":[131],"tags":[155,137,33,173,31,30,172,32,109],"class_list":{"0":"post-143039","1":"post","2":"type-post","3":"status-publish","4":"format-standard","5":"has-post-thumbnail","7":"category-elokuvat","8":"tag-elokuvat","9":"tag-entertainment","10":"tag-fi","11":"tag-film","12":"tag-finland","13":"tag-finnish","14":"tag-movies","15":"tag-suomi","16":"tag-viihde"},"share_on_mastodon":{"url":"https:\/\/pubeurope.com\/@fi\/115899118533963503","error":""},"_links":{"self":[{"href":"https:\/\/www.europesays.com\/fi\/wp-json\/wp\/v2\/posts\/143039","targetHints":{"allow":["GET"]}}],"collection":[{"href":"https:\/\/www.europesays.com\/fi\/wp-json\/wp\/v2\/posts"}],"about":[{"href":"https:\/\/www.europesays.com\/fi\/wp-json\/wp\/v2\/types\/post"}],"author":[{"embeddable":true,"href":"https:\/\/www.europesays.com\/fi\/wp-json\/wp\/v2\/users\/2"}],"replies":[{"embeddable":true,"href":"https:\/\/www.europesays.com\/fi\/wp-json\/wp\/v2\/comments?post=143039"}],"version-history":[{"count":0,"href":"https:\/\/www.europesays.com\/fi\/wp-json\/wp\/v2\/posts\/143039\/revisions"}],"wp:featuredmedia":[{"embeddable":true,"href":"https:\/\/www.europesays.com\/fi\/wp-json\/wp\/v2\/media\/194"}],"wp:attachment":[{"href":"https:\/\/www.europesays.com\/fi\/wp-json\/wp\/v2\/media?parent=143039"}],"wp:term":[{"taxonomy":"category","embeddable":true,"href":"https:\/\/www.europesays.com\/fi\/wp-json\/wp\/v2\/categories?post=143039"},{"taxonomy":"post_tag","embeddable":true,"href":"https:\/\/www.europesays.com\/fi\/wp-json\/wp\/v2\/tags?post=143039"}],"curies":[{"name":"wp","href":"https:\/\/api.w.org\/{rel}","templated":true}]}}