{"id":143042,"date":"2026-01-15T12:31:07","date_gmt":"2026-01-15T12:31:07","guid":{"rendered":"https:\/\/www.europesays.com\/fi\/143042\/"},"modified":"2026-01-15T12:31:07","modified_gmt":"2026-01-15T12:31:07","slug":"tyoote-toimintamalli-vauhdittaa-taysin-tuki-ja-liikuntaelinkeskuksen-potilaiden-tyohon-paluuta","status":"publish","type":"post","link":"https:\/\/www.europesays.com\/fi\/143042\/","title":{"rendered":"TY\u00d6OTE-toimintamalli vauhdittaa Taysin tuki- ja liikuntaelinkeskuksen potilaiden ty\u00f6h\u00f6n paluuta"},"content":{"rendered":"<p>TY\u00d6OTE-toimintamallin mukaan ty\u00f6ik\u00e4iselle potilaalle kirjoitetaan sairaalassa p\u00e4\u00e4s\u00e4\u00e4nt\u00f6isesti vain lyhyt sairauspoissaolo. Potilas ohjataan l\u00e4hetteell\u00e4 ty\u00f6terveyshuoltoon, joka vastaa ty\u00f6kyvyn arvioinnista ja tuen koordinoinnista yhdess\u00e4 ty\u00f6nantajan kanssa.\u00a0Ty\u00f6nantaja ja ty\u00f6terveyshuolto etsiv\u00e4t yhteisty\u00f6ss\u00e4 potilaan kanssa yksil\u00f6llisi\u00e4 ratkaisuja, jotka lyhent\u00e4v\u00e4t sairauspoissaoloa.<\/p>\n<p>Ty\u00f6ntekij\u00e4 ei v\u00e4ltt\u00e4m\u00e4tt\u00e4 pysty tekem\u00e4\u00e4n ty\u00f6t\u00e4\u00e4n kokop\u00e4iv\u00e4isesti heti sairauspoissaolon j\u00e4lkeen tai ty\u00f6teht\u00e4vi\u00e4 saatetaan joutua hetkellisesti muuttamaan, jotta ty\u00f6ntekij\u00e4 voi ty\u00f6skennell\u00e4 my\u00f6s toipilasaikana.<\/p>\n<p>Tuki- ja liikuntaelinkeskuksessa TY\u00d6OTE on jo tuttu juttu<\/p>\n<p>Taysin tuki- ja liikuntaelinkeskuksessa TY\u00d6OTE-toimintamalli on ollut k\u00e4yt\u00f6ss\u00e4 noin puolitoista vuotta. Mallista on saatu p\u00e4\u00e4osin hyv\u00e4\u00e4 palautetta \u2013 positiivisia kokemuksia on tullut sek\u00e4 potilailta ett\u00e4 henkil\u00f6kunnalta.<\/p>\n<p>\u2013 Malli on tuonut selkeytt\u00e4 ja tehokkuutta erityisesti elektiivisten ei-kiireellisten leikkauspotilaiden hoitopolkuun, kertoo vastuualuejohtaja <strong>Piia Suomalainen<\/strong>.<\/p>\n<p>\u2013 Olemme nyt laajentaneet mallin k\u00e4ytt\u00f6\u00e4 my\u00f6s p\u00e4ivystyksellisiin tapaturmapotilaisiin, Suomalainen jatkaa.<\/p>\n<p>Aiemmin potilaiden sairauspoissaolotodistukset ja hoidon jatkoarviot tehtiin erikoissairaanhoidossa. Nyky\u00e4\u00e4n potilaalle kirjoitetaan tuki- ja liikuntaelinkeskuksessa leikkauksen j\u00e4lkeen vain lyhyt kahden viikon sairauspoissaolo, ja samalla tehd\u00e4\u00e4n l\u00e4hete ty\u00f6terveyshuoltoon.<\/p>\n<p>\u2013 Ty\u00f6terveyshuolto ottaa sen j\u00e4lkeen vastuun ty\u00f6kyvyn arvioinnista ja ty\u00f6h\u00f6n paluun suunnittelusta yhdess\u00e4 ty\u00f6nantajan kanssa, Suomalainen kertoo.<\/p>\n<p>Erikoissairaanhoidon l\u00e4\u00e4k\u00e4reiden ei tarvitse yritt\u00e4\u00e4 arvioida ty\u00f6teht\u00e4vien soveltuvuutta, kun sen hoitaa ty\u00f6terveyshuolto, joka tuntee paremmin potilaan ty\u00f6n vaatimukset.<\/p>\n<p>\u2013 Roolijako menee nyt niin, ett\u00e4 ty\u00f6terveyshuolto arvioi ty\u00f6n ja siihen liittyv\u00e4t tekij\u00e4t, erikoissairaanhoito puolestaan keskittyy toimenpiteen onnistumiseen ja siihen liittyv\u00e4\u00e4n hoitoon, Suomalainen kiteytt\u00e4\u00e4.<\/p>\n<p>Ty\u00f6 on osa kuntoutusta<\/p>\n<p>Uuden k\u00e4yt\u00e4nn\u00f6n ansiosta potilaat palaavat ty\u00f6h\u00f6n nopeammin. Piia Suomalainen painottaa t\u00e4m\u00e4n tukevan sek\u00e4 fyysist\u00e4 ett\u00e4 psyykkist\u00e4 kuntoutumista:<\/p>\n<p>\u2013 Ty\u00f6 on osa kuntoutusta. Mit\u00e4 nopeammin ihminen p\u00e4\u00e4see takaisin kiinni arkeen ja ty\u00f6yhteis\u00f6n pariin, sit\u00e4 parempi on lopputulos. Ty\u00f6 tuo arkeen struktuuria ja on mentaaliterveyden kannalta oleellinen asia.<\/p>\n<p>\u2013 Pitk\u00e4t sairauspoissaolot vaikeuttavat ty\u00f6h\u00f6n paluuta ja voivat heikent\u00e4\u00e4 kuntoutumista merkitt\u00e4v\u00e4sti, Suomalainen sanoo.<\/p>\n<p>Kehitt\u00e4misty\u00f6t\u00e4 riitt\u00e4\u00e4 viel\u00e4<\/p>\n<p>Kaikki tuki- ja liikuntaelinkeskuksen ty\u00f6ik\u00e4iset potilaat eiv\u00e4t ole ty\u00f6el\u00e4m\u00e4ss\u00e4, mik\u00e4 rajoittaa TY\u00d6OTE-toimintamallin k\u00e4ytt\u00f6\u00e4. T\u00e4m\u00e4 aiheuttaa haasteita erityisesti tapaturmapotilaiden kohdalla.<\/p>\n<p>\u2013 Tulevaisuuden tavoitteenamme onkin, ett\u00e4 voisimme laajentaa mallin k\u00e4ytt\u00f6\u00e4 entisest\u00e4\u00e4n ja kehitt\u00e4\u00e4 ratkaisuja my\u00f6s niille ty\u00f6ik\u00e4isille, jotka eiv\u00e4t ole ty\u00f6el\u00e4m\u00e4ss\u00e4, Suomalainen kertoo.<\/p>\n<p>Joitakin teknisi\u00e4 haasteita, liittyen esimerkiksi s\u00e4hk\u00f6isten l\u00e4hetteiden kulkuun ja ajanvarauksiin, on tullut vastaan, mutta niit\u00e4 on ratkottu yhdess\u00e4 ty\u00f6terveyshuollon toimijoiden kanssa.<\/p>\n<p>\u2013 Yhteisty\u00f6 ty\u00f6terveyshuoltojen kanssa sujuu eritt\u00e4in hyvin, Suomalainen kiittelee.<\/p>\n","protected":false},"excerpt":{"rendered":"TY\u00d6OTE-toimintamallin mukaan ty\u00f6ik\u00e4iselle potilaalle kirjoitetaan sairaalassa p\u00e4\u00e4s\u00e4\u00e4nt\u00f6isesti vain lyhyt sairauspoissaolo. Potilas ohjataan l\u00e4hetteell\u00e4 ty\u00f6terveyshuoltoon, joka vastaa ty\u00f6kyvyn arvioinnista&hellip;\n","protected":false},"author":2,"featured_media":130478,"comment_status":"","ping_status":"","sticky":false,"template":"","format":"standard","meta":{"footnotes":""},"categories":[130],"tags":[137,33,31,30,32,109],"class_list":{"0":"post-143042","1":"post","2":"type-post","3":"status-publish","4":"format-standard","5":"has-post-thumbnail","7":"category-viihde","8":"tag-entertainment","9":"tag-fi","10":"tag-finland","11":"tag-finnish","12":"tag-suomi","13":"tag-viihde"},"share_on_mastodon":{"url":"https:\/\/pubeurope.com\/@fi\/115899130324253736","error":""},"_links":{"self":[{"href":"https:\/\/www.europesays.com\/fi\/wp-json\/wp\/v2\/posts\/143042","targetHints":{"allow":["GET"]}}],"collection":[{"href":"https:\/\/www.europesays.com\/fi\/wp-json\/wp\/v2\/posts"}],"about":[{"href":"https:\/\/www.europesays.com\/fi\/wp-json\/wp\/v2\/types\/post"}],"author":[{"embeddable":true,"href":"https:\/\/www.europesays.com\/fi\/wp-json\/wp\/v2\/users\/2"}],"replies":[{"embeddable":true,"href":"https:\/\/www.europesays.com\/fi\/wp-json\/wp\/v2\/comments?post=143042"}],"version-history":[{"count":0,"href":"https:\/\/www.europesays.com\/fi\/wp-json\/wp\/v2\/posts\/143042\/revisions"}],"wp:featuredmedia":[{"embeddable":true,"href":"https:\/\/www.europesays.com\/fi\/wp-json\/wp\/v2\/media\/130478"}],"wp:attachment":[{"href":"https:\/\/www.europesays.com\/fi\/wp-json\/wp\/v2\/media?parent=143042"}],"wp:term":[{"taxonomy":"category","embeddable":true,"href":"https:\/\/www.europesays.com\/fi\/wp-json\/wp\/v2\/categories?post=143042"},{"taxonomy":"post_tag","embeddable":true,"href":"https:\/\/www.europesays.com\/fi\/wp-json\/wp\/v2\/tags?post=143042"}],"curies":[{"name":"wp","href":"https:\/\/api.w.org\/{rel}","templated":true}]}}