{"id":143047,"date":"2026-01-15T12:36:08","date_gmt":"2026-01-15T12:36:08","guid":{"rendered":"https:\/\/www.europesays.com\/fi\/143047\/"},"modified":"2026-01-15T12:36:08","modified_gmt":"2026-01-15T12:36:08","slug":"puistoruokailuun-etsitaan-yhteistyotahoja-tampereen-kaupunki","status":"publish","type":"post","link":"https:\/\/www.europesays.com\/fi\/143047\/","title":{"rendered":"Puistoruokailuun etsit\u00e4\u00e4n yhteisty\u00f6tahoja [Tampereen kaupunki"},"content":{"rendered":"<p>Puistoruokailu j\u00e4rjestet\u00e4\u00e4n kes\u00e4ll\u00e4 2026 tutuilla alueilla: Linnainmaalla, Peltolammilla, Hervannassa, Kaukaj\u00e4rvell\u00e4, Tesomalla, Lielahdessa ja Nekalassa. Puistoruokailu j\u00e4rjestet\u00e4\u00e4n 1.6.\u201316.7. nelj\u00e4n\u00e4 arkip\u00e4iv\u00e4n\u00e4 viikossa maanantaista torstaihin kello 11\u201314. Ruokailu on suunnattu alle 18-vuotiaille. P\u00e4iv\u00e4n ohjelma alkaa ohjatulla toiminnalla, kello 12 tarjolla on l\u00e4mmint\u00e4 ruokaa ja kello 13 alkaen lapset ja nuoret p\u00e4\u00e4sev\u00e4t tutustumaan ja kokeilemaan erilaisia harrastuksia uudessa Tutustu harrastuksiin -kokonaisuudessa.<\/p>\n<p>Haussa yhteisty\u00f6tahoja, vapaaehtoisia ja ohjelmantarjoajia<\/p>\n<p>Puistoruokailu toteutetaan kaupungin ja alueen toimijoiden yhteisty\u00f6n\u00e4. Eri puolilla kaupunkia toimivat yhdistykset, seurat, seurakunnat, j\u00e4rjest\u00f6t ja yritykset voivat hakeutua puistoruokailun yhteisty\u00f6kumppaniksi ja tarjota ty\u00f6panosta, tuotteita ja palveluita.<\/p>\n<p>T\u00e4ll\u00e4 hetkell\u00e4 haussa on ensisijaisesti puistojen vastuutahot. Vastuutahona toimiessaan kyseinen taho ottaa vastattavakseen yhden alueen ja yhden puiston. Koko puistoruokailua koordinoi Tampereen kaupungin nuorisopalvelut, ja taloudelliset resurssit ja puitteet puistoruokailun toteutumiseen tulevat kaupungilta. Vastuutahot ottavat vastuun k\u00e4yt\u00e4nn\u00f6n toimista puistoissa, ja ottavat t\u00e4ll\u00e4 tavoin toiminnan osaksi oman yhteis\u00f6ns\u00e4 toimintaa.<\/p>\n<p>Puistoruokailussa voi my\u00f6s toimia apuna ruokajakelussa tai niihin voi tuottaa ohjelmaa. Toimijat voivat itse valita, kuinka monena p\u00e4iv\u00e4n\u00e4 heill\u00e4 on mahdollisuus auttaa. My\u00f6s lyhytkestoinen apu yhten\u00e4 tai kahtena p\u00e4iv\u00e4n\u00e4 on arvokasta. My\u00f6s yksityishenkil\u00f6t voivat ilmoittautua vapaaehtoiseksi avuksi ruoanjakeluun ja siihen liittyviin teht\u00e4viin. Vapaaehtoisilta ei edellytet\u00e4\u00e4n mit\u00e4\u00e4n erityisosaamista. Ensiaputaidot ja hygieniapassi tai muu hygieniakoulutus ovat ruokajakelussa eduksi mutta niit\u00e4 ei vaadita. Mukaan voi ilmoittautua s\u00e4hk\u00f6isell\u00e4 lomakkeella.<\/p>\n","protected":false},"excerpt":{"rendered":"Puistoruokailu j\u00e4rjestet\u00e4\u00e4n kes\u00e4ll\u00e4 2026 tutuilla alueilla: Linnainmaalla, Peltolammilla, Hervannassa, Kaukaj\u00e4rvell\u00e4, Tesomalla, Lielahdessa ja Nekalassa. Puistoruokailu j\u00e4rjestet\u00e4\u00e4n 1.6.\u201316.7. nelj\u00e4n\u00e4&hellip;\n","protected":false},"author":2,"featured_media":143048,"comment_status":"","ping_status":"","sticky":false,"template":"","format":"standard","meta":{"footnotes":""},"categories":[12],"tags":[22,23,26,27,33,31,30,17,24,25,28,29,15,18,21,32,19,20,16],"class_list":{"0":"post-143047","1":"post","2":"type-post","3":"status-publish","4":"format-standard","5":"has-post-thumbnail","7":"category-suomi","8":"tag-breaking-news","9":"tag-breakingnews","10":"tag-featured-news","11":"tag-featurednews","12":"tag-fi","13":"tag-finland","14":"tag-finnish","15":"tag-headlines","16":"tag-latest-news","17":"tag-latestnews","18":"tag-main-news","19":"tag-mainnews","20":"tag-news","21":"tag-otsikot","22":"tag-paauutiset","23":"tag-suomi","24":"tag-top-stories","25":"tag-topstories","26":"tag-uutiset"},"share_on_mastodon":{"url":"https:\/\/pubeurope.com\/@fi\/115899150079033999","error":""},"_links":{"self":[{"href":"https:\/\/www.europesays.com\/fi\/wp-json\/wp\/v2\/posts\/143047","targetHints":{"allow":["GET"]}}],"collection":[{"href":"https:\/\/www.europesays.com\/fi\/wp-json\/wp\/v2\/posts"}],"about":[{"href":"https:\/\/www.europesays.com\/fi\/wp-json\/wp\/v2\/types\/post"}],"author":[{"embeddable":true,"href":"https:\/\/www.europesays.com\/fi\/wp-json\/wp\/v2\/users\/2"}],"replies":[{"embeddable":true,"href":"https:\/\/www.europesays.com\/fi\/wp-json\/wp\/v2\/comments?post=143047"}],"version-history":[{"count":0,"href":"https:\/\/www.europesays.com\/fi\/wp-json\/wp\/v2\/posts\/143047\/revisions"}],"wp:featuredmedia":[{"embeddable":true,"href":"https:\/\/www.europesays.com\/fi\/wp-json\/wp\/v2\/media\/143048"}],"wp:attachment":[{"href":"https:\/\/www.europesays.com\/fi\/wp-json\/wp\/v2\/media?parent=143047"}],"wp:term":[{"taxonomy":"category","embeddable":true,"href":"https:\/\/www.europesays.com\/fi\/wp-json\/wp\/v2\/categories?post=143047"},{"taxonomy":"post_tag","embeddable":true,"href":"https:\/\/www.europesays.com\/fi\/wp-json\/wp\/v2\/tags?post=143047"}],"curies":[{"name":"wp","href":"https:\/\/api.w.org\/{rel}","templated":true}]}}