{"id":143055,"date":"2026-01-15T12:53:07","date_gmt":"2026-01-15T12:53:07","guid":{"rendered":"https:\/\/www.europesays.com\/fi\/143055\/"},"modified":"2026-01-15T12:53:07","modified_gmt":"2026-01-15T12:53:07","slug":"kommentti-yle-kielsi-artisteja-kommentoimasta-osallistumista-euroviisuihin-jotta-he-voisivat-keskittya-umkhon","status":"publish","type":"post","link":"https:\/\/www.europesays.com\/fi\/143055\/","title":{"rendered":"Kommentti: Yle kielsi artisteja kommentoimasta osallistumista Euroviisuihin, jotta he voisivat keskitty\u00e4 UMK:hon"},"content":{"rendered":"<p>Kommentti|Uuden musiikin kilpailun p\u00e4\u00e4tuottaja Anssi Autio sanoo, ett\u00e4 Yle ei tietenk\u00e4\u00e4n pakota UMK:n voittajaa osallistumaan Euroviisuihin.<\/p>\n<p>Lue tiivistelm\u00e4<\/p>\n<p class=\"article-body mb-nof-24 px-nof-16 sndp-summary-bullet-point-font\">UMK:n artistit keskittyv\u00e4t kilpailuun, eiv\u00e4tk\u00e4 kommentoi Euroviisujen boikottia, kirjoittaa toimittaja Juuso M\u00e4\u00e4tt\u00e4nen.<\/p>\n<p class=\"article-body mb-nof-24 px-nof-16 sndp-summary-bullet-point-font\">Yle pyysi mediaa v\u00e4ltt\u00e4m\u00e4\u00e4n poliittisia kysymyksi\u00e4 artistien julkistustilaisuudessa.<\/p>\n<p class=\"article-body mb-nof-24 px-nof-16 sndp-summary-bullet-point-font\">UMK:n voittaja voi kielt\u00e4yty\u00e4 edustamasta Suomea Euroviisuissa.<\/p>\n<p class=\"article-body mb-nof-24 px-nof-16 sndp-summary-bullet-point-font\">Yle haluaa, ett\u00e4 suomalaiset voivat keskitty\u00e4 kotimaiseen musiikkikilpailuun, M\u00e4\u00e4tt\u00e4nen kirjoittaa.<\/p>\n<p class=\"article-body mb-nof-24 px-nof-16\">Kun tiukassa paikassa on yritett\u00e4v\u00e4 k\u00e4\u00e4nt\u00e4\u00e4 huomio ep\u00e4mieluisasta asiasta toisaalle, kannattaa valita etuk\u00e4teen selv\u00e4 sanoma, jonka toistaa kommentteja kysyv\u00e4lle medialle.<\/p>\n<p class=\"article-body mb-nof-24 px-nof-16\">Parhaimmillaan strategia toimii hyvin, mutta jos sama sanoma toistuu liki sanasta sanaan monta kertaa, alkaa se vaikuttaa hupaisalta.<\/p>\n<p class=\"article-body mb-nof-24 px-nof-16\">Siksi monet suomalaiset muistavat edelleen, miten Sdp:n silloinen puheenjohtaja <a class=\"font-bold underline-offset-[0.12em] [text-decoration:var(--person-link-text-decoration)] ![text-decoration-color:var(--person-link-text-decoration-color)]\" href=\"https:\/\/www.hs.fi\/haku\/?query=Jutta%20Urpilainen\" rel=\"nofollow noopener\" target=\"_blank\">Jutta Urpilainen<\/a> toisti vuoden 2008 kuntavaaleissa huonon vaalituloksen keskell\u00e4 <a class=\"underline underline-offset-[0.12em] [text-decoration-thickness:var(--generic-link-underline-thickness)] [text-decoration-color:var(--generic-link-underline-color)] [text-decoration-skip-ink:var(--generic-link-underline-skip-ink)] break-words\" href=\"https:\/\/www.is.fi\/kotimaa\/art-2000000269703.html\" rel=\"nofollow noopener\" target=\"_blank\">ainakin yhdeks\u00e4n kertaa<\/a>, miten \u201daivan aluksi h\u00e4n haluaa kiitt\u00e4\u00e4 kaikkia Sdp:t\u00e4 \u00e4\u00e4nest\u00e4neit\u00e4\u201d.<\/p>\n<p class=\"article-body mb-nof-24 px-nof-16\">Tapaus tuli mieleen, kun katsoin esimerkiksi Ylen<a class=\"underline underline-offset-[0.12em] [text-decoration-thickness:var(--generic-link-underline-thickness)] [text-decoration-color:var(--generic-link-underline-color)] [text-decoration-skip-ink:var(--generic-link-underline-skip-ink)] break-words\" href=\"https:\/\/www.instagram.com\/p\/DTgBiPelZOV\/\" rel=\"nofollow noopener\" target=\"_blank\"> Instagramissa julkaisemia<\/a> haastatteluita t\u00e4m\u00e4n vuoden Uuden musiikin kilpailuun osallistuvien artistien kanssa.<\/p>\n<p class=\"article-body mb-nof-24 px-nof-16\">Toimittaja <a class=\"font-bold underline-offset-[0.12em] [text-decoration:var(--person-link-text-decoration)] ![text-decoration-color:var(--person-link-text-decoration-color)]\" href=\"https:\/\/www.hs.fi\/haku\/?query=Sara%20Salmi\" rel=\"nofollow noopener\" target=\"_blank\">Sara Salmi<\/a> kysyi kultakin esiintyj\u00e4lt\u00e4, ovatko he UMK:n mahdollisesti voittaessaan \u201djotenkin valmistautuneet siihen, ett\u00e4 Israelin osallistuminen Euroviisuihin ja sit\u00e4 vastaan protestoiminen tulee olemaan iso juttu t\u00e4n\u00e4kin vuonna\u201d.<\/p>\n<p class=\"article-body mb-nof-24 px-nof-16\">Monet vastaukset olivat liki identtisi\u00e4. T\u00e4h\u00e4n tyyliin:<\/p>\n<p class=\"article-body mb-nof-24 px-nof-16\">\u201dKyll\u00e4 olemme paljon keskustelleet asiasta, mutta t\u00e4ll\u00e4 hetkell\u00e4 me keskitymme Uuden musiin kilpailuun\u201d, kommentoi Komiat-yhtye.<\/p>\n<p class=\"article-body mb-nof-24 px-nof-16\">\u201dSe mit\u00e4 tuolla maailmalla tapahtuu j\u00e4rkytt\u00e4\u00e4 minua tosi syv\u00e4sti. Min\u00e4 olen nyt vain halunnut keskitt\u00e4\u00e4 energiani t\u00e4h\u00e4n UMK:hon\u201d, totesi <a class=\"font-bold underline-offset-[0.12em] [text-decoration:var(--person-link-text-decoration)] ![text-decoration-color:var(--person-link-text-decoration-color)]\" href=\"https:\/\/www.hs.fi\/haku\/?query=Etta\" rel=\"nofollow noopener\" target=\"_blank\">Etta<\/a>.<\/p>\n<p class=\"article-body mb-nof-24 px-nof-16\">\u201dMinusta tuntuu, ett\u00e4 t\u00e4ss\u00e4 vaiheessa en ole varma \u2013 tai en voi vastata tuohon kysymykseen, koska olen niin keskittynyt UMK:hon\u201d, sanoi <a class=\"font-bold underline-offset-[0.12em] [text-decoration:var(--person-link-text-decoration)] ![text-decoration-color:var(--person-link-text-decoration-color)]\" href=\"https:\/\/www.hs.fi\/haku\/?query=Sinikka%20Monte\" rel=\"nofollow noopener\" target=\"_blank\">Sinikka Monte<\/a>.<\/p>\n<p class=\"article-body mb-nof-24 px-nof-16\">\u201dTied\u00e4n, ett\u00e4 se tulee olemaan massiivinen aihe kohdattavaksi. Juuri nyt aion vain keskitty\u00e4 tekem\u00e4\u00e4n mahtavan show\u2019n UMK:hon\u201d, kertoi <a class=\"font-bold underline-offset-[0.12em] [text-decoration:var(--person-link-text-decoration)] ![text-decoration-color:var(--person-link-text-decoration-color)]\" href=\"https:\/\/www.hs.fi\/haku\/?query=Chachi%20Hild%C3%A9n\" rel=\"nofollow noopener\" target=\"_blank\">Chachi Hild\u00e9n<\/a>.<\/p>\n<p class=\"article-body mb-nof-24 px-nof-16\">Selv\u00e4ksi k\u00e4vi.<\/p>\n<p class=\"article-body mb-nof-24 px-nof-16\">Gazan sodan syttymisest\u00e4 ja <a class=\"underline underline-offset-[0.12em] [text-decoration-thickness:var(--generic-link-underline-thickness)] [text-decoration-color:var(--generic-link-underline-color)] [text-decoration-skip-ink:var(--generic-link-underline-skip-ink)] break-words\" href=\"https:\/\/www.hs.fi\/kulttuuri\/art-2000011586270.html\" rel=\"nofollow noopener\" target=\"_blank\">Israel-protestien voimistumisesta<\/a> l\u00e4htien Yle on halunnut korostaa UMK:n asemaa erilliskilpailuna, joka j\u00e4rjestett\u00e4isiin Euroviisuista huolimatta.<\/p>\n<p class=\"article-body mb-nof-24 px-nof-16\">N\u00e4in varmasti olisikin, koska UMK:sta on 2020-luvulla kasvanut yksi suomalaisen musiikki- ja televisiovuoden kohokohdista.<\/p>\n<p class=\"article-body mb-nof-24 px-nof-16\">Mutta faktat faktoina: Uuden musiikin kilpailua ei olisi syntynyt ilman tarvetta l\u00f6yt\u00e4\u00e4 Suomelle vuotuinen euroviisuedustaja. Kilpailu on jo s\u00e4\u00e4nn\u00f6iss\u00e4\u00e4n kytketty suoraan Euroviisuihin. Voittaja sitoutuu edustamaan Suomea t\u00e4n\u00e4 kev\u00e4\u00e4n\u00e4 Wieniss\u00e4.<\/p>\n<p class=\"article-body mb-nof-24 px-nof-16\">Siksi on t\u00e4ysin loogista kysy\u00e4 UMK:hon osallistuvilta artisteilta, mit\u00e4 mielt\u00e4 he ovat useiden maiden p\u00e4\u00e4t\u00f6ksest\u00e4 boikotoida t\u00e4n\u00e4 vuonna Euroviisuja ja aikovatko he l\u00e4hte\u00e4 edustamaan Suomea Wieniin voittaessaan UMK:n.<\/p>\n<p class=\"article-body mb-nof-24 px-nof-16\">Juuri t\u00e4m\u00e4n Yle halusi t\u00e4n\u00e4 vuonna artistien julkistustilaisuudessa est\u00e4\u00e4. UMK:n viestinn\u00e4st\u00e4 vastaava <a class=\"font-bold underline-offset-[0.12em] [text-decoration:var(--person-link-text-decoration)] ![text-decoration-color:var(--person-link-text-decoration-color)]\" href=\"https:\/\/www.hs.fi\/haku\/?query=Juhani%20Lassila\" rel=\"nofollow noopener\" target=\"_blank\">Juhani Lassila<\/a> <a class=\"underline underline-offset-[0.12em] [text-decoration-thickness:var(--generic-link-underline-thickness)] [text-decoration-color:var(--generic-link-underline-color)] [text-decoration-skip-ink:var(--generic-link-underline-skip-ink)] break-words\" href=\"https:\/\/www.hs.fi\/kulttuuri\/art-2000011705018.html\" rel=\"nofollow noopener\" target=\"_blank\">pyysi medialta<\/a>, ett\u00e4 Euroviisuihin osallistumisesta kysytt\u00e4isiin vasta, kun voittaja on selvill\u00e4.<\/p>\n<p class=\"article-body mb-nof-24 px-nof-16\">\u201dJ\u00e4tet\u00e4\u00e4n se politiikka v\u00e4h\u00e4n v\u00e4hemm\u00e4lle, jos mahdollista\u201d, Lassila sanoi.<\/p>\n<blockquote class=\"p-[var(--citation-padding)] m-[var(--citation-margin)] border-y-[length:var(--citation-border-width)] border-y-[color:var(--citation-border-color)]\">\n<p>\u201dJos ei halua menn\u00e4 Euroviisuihin, Yle ei pakota.\u201d<\/p>\n<\/blockquote>\n<p class=\"article-body mb-nof-24 px-nof-16\">Samanlainen pyynt\u00f6 oli esitetty <a class=\"underline underline-offset-[0.12em] [text-decoration-thickness:var(--generic-link-underline-thickness)] [text-decoration-color:var(--generic-link-underline-color)] [text-decoration-skip-ink:var(--generic-link-underline-skip-ink)] break-words\" href=\"https:\/\/www.hs.fi\/kulttuuri\/art-2000008645046.html\" rel=\"nofollow noopener\" target=\"_blank\">jo vuonna 2022 UMK-finaalissa<\/a>, joka k\u00e4ytiin juuri Ukrainan sodan syttymisen j\u00e4lkeen. Ven\u00e4j\u00e4n sulkeminen Euroviisuista ei ollut viel\u00e4 varmistunut, ja toimittajia pyydettiin lehdist\u00f6tilaisuudessa \u201dj\u00e4tt\u00e4m\u00e4\u00e4n poliittiset kysymykset ulkopuolelle\u201d.<\/p>\n<p class=\"article-body mb-nof-24 px-nof-16\">Keskiviikkoiltana <a class=\"underline underline-offset-[0.12em] [text-decoration-thickness:var(--generic-link-underline-thickness)] [text-decoration-color:var(--generic-link-underline-color)] [text-decoration-skip-ink:var(--generic-link-underline-skip-ink)] break-words\" href=\"https:\/\/www.iltalehti.fi\/musiikki\/a\/dc112791-bf6b-4b7e-bb62-bfb0c350467f\" rel=\"nofollow noopener\" target=\"_blank\">Iltalehti h\u00e4mm\u00e4steli<\/a> jutussaan UMK:n p\u00e4\u00e4tuottajan <a class=\"font-bold underline-offset-[0.12em] [text-decoration:var(--person-link-text-decoration)] ![text-decoration-color:var(--person-link-text-decoration-color)]\" href=\"https:\/\/www.hs.fi\/haku\/?query=Anssi%20Aution\" rel=\"nofollow noopener\" target=\"_blank\">Anssi Aution<\/a> kommentteja: Autio oli sanonut Iltalehdelle, ett\u00e4 UMK-voittaja p\u00e4\u00e4tyy tietenkin Euroviisuihin, kuten s\u00e4\u00e4nn\u00f6iss\u00e4 lukee. Ilta-Sanomille h\u00e4n oli sen sijaan sanonut, ett\u00e4 voittajalla on mahdollisuus kielt\u00e4yty\u00e4 edustuksesta.<\/p>\n<p class=\"article-body mb-nof-24 px-nof-16\">HS:lle Autio selvent\u00e4\u00e4 n\u00e4kemyst\u00e4\u00e4n.<\/p>\n<p class=\"article-body mb-nof-24 px-nof-16\">\u201dJos ajattelee mahdollista tilannetta yksityiskohtaisemmin, emme me tietenk\u00e4\u00e4n ket\u00e4\u00e4n pakota esiintym\u00e4\u00e4n miss\u00e4\u00e4n. Se on inhimillinen puoli sopimukseen sitoutumisen vastakohtana. Jos ei halua menn\u00e4 Euroviisuihin, Yle ei pakota.\u201d<\/p>\n<p class=\"article-body mb-nof-24 px-nof-16\">Autio sanoo, ett\u00e4 Yle on pyrkinyt ottamaan silt\u00e4 <a class=\"underline underline-offset-[0.12em] [text-decoration-thickness:var(--generic-link-underline-thickness)] [text-decoration-color:var(--generic-link-underline-color)] [text-decoration-skip-ink:var(--generic-link-underline-skip-ink)] break-words\" href=\"https:\/\/www.hs.fi\/kulttuuri\/art-2000010240752.html\" rel=\"nofollow noopener\" target=\"_blank\">per\u00e4\u00e4nkuulutettua vastuuta<\/a> artistien tilanteesta huolehtimisesta sill\u00e4, ett\u00e4 se poistaa artisteilta t\u00e4ss\u00e4 kohtaa velvoitteen kommentoida aikomustaan osallistua Euroviisuihin.<\/p>\n<p class=\"article-body mb-nof-24 px-nof-16\">\u201dArtistit voivat nyt vedota siihen, ett\u00e4 Yle on kielt\u00e4nyt heit\u00e4 kommentoimasta sit\u00e4, aikovatko kilpailun voittaessaan osallistua Euroviisuihin. N\u00e4in he voivat t\u00e4ll\u00e4 hetkell\u00e4 keskitty\u00e4 puhtaasti Uuden musiikin kilpailuun. Voittaja voi voittonsa j\u00e4lkeen sanoa, miten aikoo jatkaa eteenp\u00e4in.\u201d<\/p>\n<p class=\"article-body mb-nof-24 px-nof-16\">Se on yhdenlainen viestint\u00e4strategia. Ylen toiveena on se, ett\u00e4 helmikuun loppuun asti suomalaiset voivat keskitty\u00e4 kivaan kotimaiseen musiikkikilpailuun, jolla ei ole tekemist\u00e4 esimerkiksi <a class=\"underline underline-offset-[0.12em] [text-decoration-thickness:var(--generic-link-underline-thickness)] [text-decoration-color:var(--generic-link-underline-color)] [text-decoration-skip-ink:var(--generic-link-underline-skip-ink)] break-words\" href=\"https:\/\/www.hs.fi\/kulttuuri\/art-2000011247396.html\" rel=\"nofollow noopener\" target=\"_blank\">hallitusvetoisen \u00e4\u00e4ntenkalastelun<\/a> kanssa.<\/p>\n<p class=\"article-body mb-nof-24 px-nof-16\">Tilanne on kinkkinen my\u00f6s monille artisteille. UMK on todistetusti ollut loistava paikka saada nostetta kotimaiselle uralle. Siksi se houkuttelee satoja hakijoita. Mutta samalla saa niskaansa kovan somevy\u00f6rytyksen siit\u00e4, miksi l\u00e4htee mukaan euroviisukarsintaan.<\/p>\n<p class=\"article-body mb-nof-24 px-nof-16\">Toisaalta tukijoitakin riitt\u00e4\u00e4. Tilanne on erityisen kiusallinen <a class=\"font-bold underline-offset-[0.12em] [text-decoration:var(--person-link-text-decoration)] ![text-decoration-color:var(--person-link-text-decoration-color)]\" href=\"https:\/\/www.hs.fi\/haku\/?query=Antti%20Paalaselle\" rel=\"nofollow noopener\" target=\"_blank\">Antti Paalaselle<\/a>, joka on aiemmin itse allekirjoittanut vetoomuksen Suomen euroviisuboikotista.<\/p>\n<p class=\"article-body mb-nof-24 px-nof-16\">Kuusi seitsem\u00e4st\u00e4 voi UMK:n j\u00e4lkeen nauttia biisins\u00e4 mahdollisesti saamasta radiosoitosta ja lis\u00e4\u00e4ntyv\u00e4st\u00e4 keikkakysynn\u00e4st\u00e4. Yksi p\u00e4\u00e4tyy vastaamaan niihin kysymyksiin, joihin ei t\u00e4ll\u00e4 hetkell\u00e4 saada vastausta.<\/p>\n<p><script async src=\"\/\/www.instagram.com\/embed.js\"><\/script><\/p>\n","protected":false},"excerpt":{"rendered":"Kommentti|Uuden musiikin kilpailun p\u00e4\u00e4tuottaja Anssi Autio sanoo, ett\u00e4 Yle ei tietenk\u00e4\u00e4n pakota UMK:n voittajaa osallistumaan Euroviisuihin. Lue tiivistelm\u00e4&hellip;\n","protected":false},"author":2,"featured_media":143056,"comment_status":"","ping_status":"","sticky":false,"template":"","format":"standard","meta":{"footnotes":""},"categories":[132],"tags":[137,33,31,30,46,195,47,32,109],"class_list":{"0":"post-143055","1":"post","2":"type-post","3":"status-publish","4":"format-standard","5":"has-post-thumbnail","7":"category-musiikki","8":"tag-entertainment","9":"tag-fi","10":"tag-finland","11":"tag-finnish","12":"tag-helsingin-sanomat","13":"tag-music","14":"tag-musiikki","15":"tag-suomi","16":"tag-viihde"},"share_on_mastodon":{"url":"https:\/\/pubeurope.com\/@fi\/115899216923314612","error":""},"_links":{"self":[{"href":"https:\/\/www.europesays.com\/fi\/wp-json\/wp\/v2\/posts\/143055","targetHints":{"allow":["GET"]}}],"collection":[{"href":"https:\/\/www.europesays.com\/fi\/wp-json\/wp\/v2\/posts"}],"about":[{"href":"https:\/\/www.europesays.com\/fi\/wp-json\/wp\/v2\/types\/post"}],"author":[{"embeddable":true,"href":"https:\/\/www.europesays.com\/fi\/wp-json\/wp\/v2\/users\/2"}],"replies":[{"embeddable":true,"href":"https:\/\/www.europesays.com\/fi\/wp-json\/wp\/v2\/comments?post=143055"}],"version-history":[{"count":0,"href":"https:\/\/www.europesays.com\/fi\/wp-json\/wp\/v2\/posts\/143055\/revisions"}],"wp:featuredmedia":[{"embeddable":true,"href":"https:\/\/www.europesays.com\/fi\/wp-json\/wp\/v2\/media\/143056"}],"wp:attachment":[{"href":"https:\/\/www.europesays.com\/fi\/wp-json\/wp\/v2\/media?parent=143055"}],"wp:term":[{"taxonomy":"category","embeddable":true,"href":"https:\/\/www.europesays.com\/fi\/wp-json\/wp\/v2\/categories?post=143055"},{"taxonomy":"post_tag","embeddable":true,"href":"https:\/\/www.europesays.com\/fi\/wp-json\/wp\/v2\/tags?post=143055"}],"curies":[{"name":"wp","href":"https:\/\/api.w.org\/{rel}","templated":true}]}}