{"id":143057,"date":"2026-01-15T12:54:08","date_gmt":"2026-01-15T12:54:08","guid":{"rendered":"https:\/\/www.europesays.com\/fi\/143057\/"},"modified":"2026-01-15T12:54:08","modified_gmt":"2026-01-15T12:54:08","slug":"plazassa-ilmainen-elokuvanaytos-lapsille-sss-fi","status":"publish","type":"post","link":"https:\/\/www.europesays.com\/fi\/143057\/","title":{"rendered":"Plazassa ilmainen elokuvan\u00e4yt\u00f6s lapsille &#8211; SSS.fi"},"content":{"rendered":"<p>Kauppakeskus Plazan toisessa kerroksessa j\u00e4rjestet\u00e4\u00e4n lauantaina 17. tammikuuta lasten elokuvatapahtuma.<\/p>\n<p>Tapahtuma on tarkoitettu kaikenik\u00e4isille lapsille, ja sinne on vapaa p\u00e4\u00e4sy. Elokuvana esitet\u00e4\u00e4n Risto R\u00e4pp\u00e4\u00e4j\u00e4 ja Sevillan Saituri, jonka kesto on 73 minuuttia.<\/p>\n<p>Hyv\u00e4ntekev\u00e4isyystapahtuman j\u00e4rjest\u00e4\u00e4 Lions Club Salo Birgitat ry yhteisty\u00f6ss\u00e4 Kauppakeskus Plazan ja Bio Salon kanssa. Kauppakeskus Plaza tarjoaa tilat ja Bio Salo popcornit. Tapahtumassa on Leijona-kioski, josta voi ostaa poppareita ja mehua.<\/p>\n<p>Viime vuonna j\u00e4rjestetty elokuvatapahtuma ker\u00e4si mukavasti yleis\u00f6\u00e4, ja samaa Birgitat toivovat my\u00f6s t\u00e4n\u00e4 vuonna.<\/p>\n<p>Lasten elokuvatapahtuma Kauppakeskus Plazan 2. kerroksessa Salossa 17. tammikuuta kello 14. Vapaa p\u00e4\u00e4sy.<\/p>\n","protected":false},"excerpt":{"rendered":"Kauppakeskus Plazan toisessa kerroksessa j\u00e4rjestet\u00e4\u00e4n lauantaina 17. tammikuuta lasten elokuvatapahtuma. Tapahtuma on tarkoitettu kaikenik\u00e4isille lapsille, ja sinne on&hellip;\n","protected":false},"author":2,"featured_media":143058,"comment_status":"","ping_status":"","sticky":false,"template":"","format":"standard","meta":{"footnotes":""},"categories":[131],"tags":[623,155,137,33,173,31,30,24542,99,172,11644,32,1667,109],"class_list":{"0":"post-143057","1":"post","2":"type-post","3":"status-publish","4":"format-standard","5":"has-post-thumbnail","7":"category-elokuvat","8":"tag-elokuva","9":"tag-elokuvat","10":"tag-entertainment","11":"tag-fi","12":"tag-film","13":"tag-finland","14":"tag-finnish","15":"tag-kauppakeskus-plaza","16":"tag-lapset","17":"tag-movies","18":"tag-salon-keskusta","19":"tag-suomi","20":"tag-tapahtumat","21":"tag-viihde"},"share_on_mastodon":{"url":"https:\/\/pubeurope.com\/@fi\/115899220783456482","error":""},"_links":{"self":[{"href":"https:\/\/www.europesays.com\/fi\/wp-json\/wp\/v2\/posts\/143057","targetHints":{"allow":["GET"]}}],"collection":[{"href":"https:\/\/www.europesays.com\/fi\/wp-json\/wp\/v2\/posts"}],"about":[{"href":"https:\/\/www.europesays.com\/fi\/wp-json\/wp\/v2\/types\/post"}],"author":[{"embeddable":true,"href":"https:\/\/www.europesays.com\/fi\/wp-json\/wp\/v2\/users\/2"}],"replies":[{"embeddable":true,"href":"https:\/\/www.europesays.com\/fi\/wp-json\/wp\/v2\/comments?post=143057"}],"version-history":[{"count":0,"href":"https:\/\/www.europesays.com\/fi\/wp-json\/wp\/v2\/posts\/143057\/revisions"}],"wp:featuredmedia":[{"embeddable":true,"href":"https:\/\/www.europesays.com\/fi\/wp-json\/wp\/v2\/media\/143058"}],"wp:attachment":[{"href":"https:\/\/www.europesays.com\/fi\/wp-json\/wp\/v2\/media?parent=143057"}],"wp:term":[{"taxonomy":"category","embeddable":true,"href":"https:\/\/www.europesays.com\/fi\/wp-json\/wp\/v2\/categories?post=143057"},{"taxonomy":"post_tag","embeddable":true,"href":"https:\/\/www.europesays.com\/fi\/wp-json\/wp\/v2\/tags?post=143057"}],"curies":[{"name":"wp","href":"https:\/\/api.w.org\/{rel}","templated":true}]}}