{"id":143059,"date":"2026-01-15T12:56:07","date_gmt":"2026-01-15T12:56:07","guid":{"rendered":"https:\/\/www.europesays.com\/fi\/143059\/"},"modified":"2026-01-15T12:56:07","modified_gmt":"2026-01-15T12:56:07","slug":"makihyppy-norja-manipuloi-hyppypukuja-vastuullisille-kovat-rangaistukset-hs-fi","status":"publish","type":"post","link":"https:\/\/www.europesays.com\/fi\/143059\/","title":{"rendered":"M\u00e4kihyppy | Norja manipuloi hyppypukuja, vastuullisille kovat rangaistukset &#8211; HS.fi"},"content":{"rendered":"<ol>\n<li><a href=\"https:\/\/news.google.com\/rss\/articles\/CBMiXEFVX3lxTE9faHgyeHVnU1hLQTh3YXZSRmVtSk56cjRwR0lybGNtZTk0MEV1NmxlVkdSeEhhOHdEZDF1VkloeGF5cUhzNlBQMGZPVzRMQ3ZLUUtKbUEwM0RzS1lU?oc=5\" target=\"_blank\" rel=\"nofollow noopener\">M\u00e4kihyppy | Norja manipuloi hyppypukuja, vastuullisille kovat rangaistukset<\/a>&nbsp;&nbsp;HS.fi<\/li>\n<li><a href=\"https:\/\/news.google.com\/rss\/articles\/CBMiX0FVX3lxTE50ZFF4TktSX0JSVU4tWTdERXI4RW9lYkpkQW5Qb0FLT2VkaGtFVEFCQmI3TXh3LXBYc3AzZXgwWFhXMnd6QndqVzRVRXlNSWVza2JoNmFTeVlqUzc5VjUw?oc=5\" target=\"_blank\" rel=\"nofollow noopener\">Norjan skandaalille loppu \u2013 t\u00e4ss\u00e4 tuomiot<\/a>&nbsp;&nbsp;Ilta-Sanomat<\/li>\n<li><a href=\"https:\/\/news.google.com\/rss\/articles\/CBMiQkFVX3lxTE9ZN09wdlFkRWdzem00dlFyYjZCLVduX1ZMOHowbm8tR1NyRzVGZWE3UklFa1hfbnVaUTJVX1F2eDRZUQ?oc=5\" target=\"_blank\" rel=\"nofollow noopener\">Norjan entinen m\u00e4kivalmentaja sai toimintakieltoa \u2013 FIS:n eettinen komitea m\u00e4\u00e4r\u00e4si rangaistukset pukumanipulaatiosta<\/a>&nbsp;&nbsp;Yle<\/li>\n<li><a href=\"https:\/\/news.google.com\/rss\/articles\/CBMiggFBVV95cUxNa1c3MjhrNEZ1Z1M1R3d1c2JsQ1JrdnFlVUYwcjhLUWE5eWxfaWx6LWlEczM0ZzVQWWxSaHFMRkE1N1JXd3JVY3R3N2hEOV8tckxWaWlfaXF6SHFrNkZja2c0Um40QnZpb2dQY2lvTzg3MTVTS2wtYkZfM1gwcHl6T3d3?oc=5\" target=\"_blank\" rel=\"nofollow noopener\">Norjan huijareille kovat rangaistukset<\/a>&nbsp;&nbsp;Iltalehti<\/li>\n<li><a href=\"https:\/\/news.google.com\/rss\/articles\/CBMijAFBVV95cUxOS2RyV0JYQTVQVC1qdjR3MnJ6UE11Wm1MeExFejB5eUJIamF5RnM5aWQwdEF1bm1Tbk1JWXR6TWsyX19OeTZzM1VKTG4xY3RlWWNZbV9vUWtfU2xmbUYxNUtoWndaamhCbkF2VkRfa1Y2elpuMXZ1SVdxdlkycEIzRkktVEt3MkhzSzVNbw?oc=5\" target=\"_blank\" rel=\"nofollow noopener\">Norjan m\u00e4kihyppyhuijareille rajut rangaistukset<\/a>&nbsp;&nbsp;Sportti.com<\/li>\n<\/ol>\n","protected":false},"excerpt":{"rendered":"M\u00e4kihyppy | Norja manipuloi hyppypukuja, vastuullisille kovat rangaistukset&nbsp;&nbsp;HS.fi Norjan skandaalille loppu \u2013 t\u00e4ss\u00e4 tuomiot&nbsp;&nbsp;Ilta-Sanomat Norjan entinen m\u00e4kivalmentaja sai&hellip;\n","protected":false},"author":2,"featured_media":143060,"comment_status":"","ping_status":"","sticky":false,"template":"","format":"standard","meta":{"footnotes":""},"categories":[158],"tags":[33,31,30,46,159,32,160],"class_list":{"0":"post-143059","1":"post","2":"type-post","3":"status-publish","4":"format-standard","5":"has-post-thumbnail","7":"category-urheilu","8":"tag-fi","9":"tag-finland","10":"tag-finnish","11":"tag-helsingin-sanomat","12":"tag-sports","13":"tag-suomi","14":"tag-urheilu"},"share_on_mastodon":{"url":"https:\/\/pubeurope.com\/@fi\/115899228722511194","error":""},"_links":{"self":[{"href":"https:\/\/www.europesays.com\/fi\/wp-json\/wp\/v2\/posts\/143059","targetHints":{"allow":["GET"]}}],"collection":[{"href":"https:\/\/www.europesays.com\/fi\/wp-json\/wp\/v2\/posts"}],"about":[{"href":"https:\/\/www.europesays.com\/fi\/wp-json\/wp\/v2\/types\/post"}],"author":[{"embeddable":true,"href":"https:\/\/www.europesays.com\/fi\/wp-json\/wp\/v2\/users\/2"}],"replies":[{"embeddable":true,"href":"https:\/\/www.europesays.com\/fi\/wp-json\/wp\/v2\/comments?post=143059"}],"version-history":[{"count":0,"href":"https:\/\/www.europesays.com\/fi\/wp-json\/wp\/v2\/posts\/143059\/revisions"}],"wp:featuredmedia":[{"embeddable":true,"href":"https:\/\/www.europesays.com\/fi\/wp-json\/wp\/v2\/media\/143060"}],"wp:attachment":[{"href":"https:\/\/www.europesays.com\/fi\/wp-json\/wp\/v2\/media?parent=143059"}],"wp:term":[{"taxonomy":"category","embeddable":true,"href":"https:\/\/www.europesays.com\/fi\/wp-json\/wp\/v2\/categories?post=143059"},{"taxonomy":"post_tag","embeddable":true,"href":"https:\/\/www.europesays.com\/fi\/wp-json\/wp\/v2\/tags?post=143059"}],"curies":[{"name":"wp","href":"https:\/\/api.w.org\/{rel}","templated":true}]}}