{"id":143071,"date":"2026-01-15T13:15:07","date_gmt":"2026-01-15T13:15:07","guid":{"rendered":"https:\/\/www.europesays.com\/fi\/143071\/"},"modified":"2026-01-15T13:15:07","modified_gmt":"2026-01-15T13:15:07","slug":"maria-ylipaalta-kuvia-18-vuotiaasta-tyttaresta-on-kuin-aitinsa","status":"publish","type":"post","link":"https:\/\/www.europesays.com\/fi\/143071\/","title":{"rendered":"Maria Ylip\u00e4\u00e4lt\u00e4 kuvia 18-vuotiaasta tytt\u00e4rest\u00e4 \u2013 on kuin \u00e4itins\u00e4"},"content":{"rendered":"<p>N\u00e4yttelij\u00e4 <strong>Maria Ylip\u00e4\u00e4n<\/strong> vanhin lapsi t\u00e4ytti eilen 18 vuotta. Maria on tehnyt sen kunniaksi julkaisun, jossa nyt t\u00e4ysi-ik\u00e4inen tyt\u00e4r poseeraa useammassa kuvassa.<\/p>\n<p>\u2013 Esikoisemme. Inari. Kahdeksantoista. Uskomatonta. Olen niin ylpe\u00e4, lukee Ylip\u00e4\u00e4n julkaisussa.<\/p>\n<p>Lue my\u00f6s: <a href=\"https:\/\/www.voice.fi\/viihde\/han-on-jenni-kokanderin-harvoin-nahty-puoliso-katso-kuva\" title=\"H\u00e4n on Jenni Kokanderin harvoin n\u00e4hty puoliso \u2013 katso kuva\" class=\"underline-custom !font-montserrat !font-bold !underline-offset-4 !decoration-4 !decoration-tilt-light !text-md\" rel=\"nofollow noopener\" target=\"_blank\">H\u00e4n on Jenni Kokanderin harvoin n\u00e4hty puoliso \u2013 katso kuva<\/a><\/p>\n<p>Kuvien perusteella Inarin ulkon\u00e4\u00f6ss\u00e4 on paljon samaa kuin Maria-\u00e4idiss\u00e4. \u00c4iti ja tyt\u00e4r vaikuttavat tulevan hyvin toimeen kesken\u00e4\u00e4n. Yhdess\u00e4 kuvissa he ovat moiskauttamassa toisillensa suukon.<\/p>\n<p>Juhlissa n\u00e4kyy olleen herkulliset tarjoiltavat ja useampi pullo kuohuvaa.<\/p>\n<p>Maria sai Inarin ollessaan 26-vuotias. Toisen lapsensa h\u00e4n sai ollessaan 32-vuotias. Kuopus syntyi, kun Maria oli 41-vuotias. Nyt h\u00e4n on 44-vuotias.<\/p>\n<p>Kuvia Inarin syntym\u00e4p\u00e4ivist\u00e4 l\u00f6ytyy <a href=\"https:\/\/www.instagram.com\/p\/DTdZ-pyjSl4\/?utm_source=ig_web_copy_link&amp;igsh=MzRlODBiNWFlZA==\" target=\"_blank\" rel=\"noreferrer noopener nofollow\">t\u00e4\u00e4lt\u00e4<\/a> ja t\u00e4st\u00e4 alta.<\/p>\n<p>\t\t\t\t\t<script async src=\"\/\/www.instagram.com\/embed.js\"><\/script><\/p>\n","protected":false},"excerpt":{"rendered":"N\u00e4yttelij\u00e4 Maria Ylip\u00e4\u00e4n vanhin lapsi t\u00e4ytti eilen 18 vuotta. Maria on tehnyt sen kunniaksi julkaisun, jossa nyt t\u00e4ysi-ik\u00e4inen&hellip;\n","protected":false},"author":2,"featured_media":143072,"comment_status":"","ping_status":"","sticky":false,"template":"","format":"standard","meta":{"footnotes":""},"categories":[136],"tags":[407,137,33,31,30,408,24479,32,109],"class_list":{"0":"post-143071","1":"post","2":"type-post","3":"status-publish","4":"format-standard","5":"has-post-thumbnail","7":"category-julkkikset","8":"tag-celebrities","9":"tag-entertainment","10":"tag-fi","11":"tag-finland","12":"tag-finnish","13":"tag-julkkikset","14":"tag-maria-ylipu00e4u00e4","15":"tag-suomi","16":"tag-viihde"},"share_on_mastodon":{"url":"https:\/\/pubeurope.com\/@fi\/115899303397313570","error":""},"_links":{"self":[{"href":"https:\/\/www.europesays.com\/fi\/wp-json\/wp\/v2\/posts\/143071","targetHints":{"allow":["GET"]}}],"collection":[{"href":"https:\/\/www.europesays.com\/fi\/wp-json\/wp\/v2\/posts"}],"about":[{"href":"https:\/\/www.europesays.com\/fi\/wp-json\/wp\/v2\/types\/post"}],"author":[{"embeddable":true,"href":"https:\/\/www.europesays.com\/fi\/wp-json\/wp\/v2\/users\/2"}],"replies":[{"embeddable":true,"href":"https:\/\/www.europesays.com\/fi\/wp-json\/wp\/v2\/comments?post=143071"}],"version-history":[{"count":0,"href":"https:\/\/www.europesays.com\/fi\/wp-json\/wp\/v2\/posts\/143071\/revisions"}],"wp:featuredmedia":[{"embeddable":true,"href":"https:\/\/www.europesays.com\/fi\/wp-json\/wp\/v2\/media\/143072"}],"wp:attachment":[{"href":"https:\/\/www.europesays.com\/fi\/wp-json\/wp\/v2\/media?parent=143071"}],"wp:term":[{"taxonomy":"category","embeddable":true,"href":"https:\/\/www.europesays.com\/fi\/wp-json\/wp\/v2\/categories?post=143071"},{"taxonomy":"post_tag","embeddable":true,"href":"https:\/\/www.europesays.com\/fi\/wp-json\/wp\/v2\/tags?post=143071"}],"curies":[{"name":"wp","href":"https:\/\/api.w.org\/{rel}","templated":true}]}}