{"id":143080,"date":"2026-01-15T13:23:10","date_gmt":"2026-01-15T13:23:10","guid":{"rendered":"https:\/\/www.europesays.com\/fi\/143080\/"},"modified":"2026-01-15T13:23:10","modified_gmt":"2026-01-15T13:23:10","slug":"markku-aro-pitaa-dannyn-keikkoja-surullisina-ja-falskeina-nain-vastaa-musiikkineuvos","status":"publish","type":"post","link":"https:\/\/www.europesays.com\/fi\/143080\/","title":{"rendered":"Markku Aro pit\u00e4\u00e4 Dannyn keikkoja \u201dsurullisina ja falskeina\u201d \u2013 N\u00e4in vastaa musiikkineuvos"},"content":{"rendered":"<p>Markku Aro, 75, pit\u00e4\u00e4 kantansa ja suomii edelleen Dannya taustanauhojen k\u00e4ytt\u00e4misest\u00e4 keikoilla. Danny, 83, vastaa saamaansa kritiikkiin ja osoittaa sanansa Arolle. <\/p>\n<p><img decoding=\"async\" class=\"image image-show image-preview\" src=\"https:\/\/www.europesays.com\/fi\/wp-content\/uploads\/2026\/01\/e0c174cf94cc1bf4dba8b83ad83493e4eff8976ecc3b382df01f7010113d7f3d.jpg\" alt=\"\"\/><img decoding=\"async\" class=\"image image-show\" src=\"https:\/\/www.europesays.com\/fi\/wp-content\/uploads\/2026\/01\/1768483390_916_e0c174cf94cc1bf4dba8b83ad83493e4eff8976ecc3b382df01f7010113d7f3d.jpg\" alt=\"\"\/><\/p>\n<p>Danny vastaa kollegansa esitt\u00e4m\u00e4\u00e4n kritiikkiin. PASI LIESIMAA<\/p>\n<p class=\"paragraph\">Iskelm\u00e4laulaja <strong>Markku Aro<\/strong>, 75, kohautti t\u00e4ll\u00e4 viikolla puheillaan, joissa h\u00e4n suomi <a href=\"https:\/\/www.apu.fi\/artikkelit\/markku-aro-ei-tee-kuin-danny-itsekunnioitus-pitaisi-sailyttaa\" rel=\"noopener nofollow\" target=\"_blank\">Apu<\/a>-lehdess\u00e4 kollegansa <strong>Dannyn<\/strong>, 83, keikkoja. H\u00e4n pen\u00e4si, ett\u00e4 artistin pit\u00e4isi osata lopettaa ajoissa, ja kertoi musiikkineuvoksen esiintyneen viime aikoina istuen ja taustanauhan varassa.<\/p>\n<p class=\"paragraph\">\u2013 Se on niin surullista ja falskia. Ei t\u00e4m\u00e4 niin iso huume t\u00e4m\u00e4 esiintyminen ole, ett\u00e4 sinne lavalle pit\u00e4isi v\u00e4kisin kavuta. Jokin itsekunnioitus pit\u00e4isi s\u00e4ilytt\u00e4\u00e4, Aro ihmetteli Apu-lehdelle.<\/p>\n<p class=\"paragraph\">Iltalehti tavoitti Dannyn kommentoimaan Markku Aron puheita.<\/p>\n<p class=\"paragraph\">\u2013 Loukkasin polveni vuonna 2003, kun taksi-auto ajoi Kanarialla polveni s\u00e4p\u00e4leiksi. Siihen loppui sitten mahdollisuuteni tehd\u00e4 vauhdikkaita show-ohjelmia yleis\u00f6lleni, Danny viestitt\u00e4\u00e4 Iltalehdelle.<\/p>\n<p class=\"paragraph\">\u2013 Kolmen polvileikkaukseni j\u00e4lkeen olen taas p\u00e4\u00e4ssyt jaloilleni, mutten siihen kuntoon, jossa haluaisin palvella yleis\u00f6\u00e4ni. Nyt viel\u00e4 on syyt\u00e4 istua, kun laulan laulujani sit\u00e4 pyyt\u00e4neille.<\/p>\n<p class=\"paragraph\">Danny sanoo saaneensa luojalta laulun lahjan, eik\u00e4 se v\u00e4ltt\u00e4m\u00e4tt\u00e4 edellyt\u00e4 seisomista.<\/p>\n<p class=\"paragraph\">\u2013 Sain nuoruusvuosina tehd\u00e4 paljon upeita lauluja parhaiden tekij\u00f6iden kanssa, kuten <strong>Jaakko Salon<\/strong>, <strong>Juha Vainion<\/strong> ja esimerkiksi <strong>Pertsa Reposen<\/strong>. Niit\u00e4 lauluja ihmiset haluavat kuulla viel\u00e4kin, musiikkineuvos sanoo.<\/p>\n<p class=\"paragraph\">H\u00e4n muistuttaa omien esikuviensa <strong>Tom Jonesin<\/strong> ja The Beatles -t\u00e4htien jatkavan uraansa h\u00e4nt\u00e4 itse\u00e4\u00e4nkin vanhempina ik\u00e4miehin\u00e4.<\/p>\n<p class=\"paragraph\">\u2013 Eiv\u00e4t he todenn\u00e4k\u00f6isesti jatka rahasta, vaan siksi, ett\u00e4 yleis\u00f6 haluaa heilt\u00e4 sit\u00e4. Laulut el\u00e4v\u00e4t viel\u00e4kin.<\/p>\n<p>\u201dHyvi\u00e4 keikkoja sinulle, Markku!\u201d<\/p>\n<p class=\"paragraph\">Seuraavat lauseet laulaja osoittaa suoraan Markku Arolle.<\/p>\n<p class=\"paragraph\">\u2013 Markulle sanoisin, ett\u00e4 ole itse se muutos, jonka haluat maailmassa n\u00e4hd\u00e4. \u00c4l\u00e4 rakenna el\u00e4m\u00e4\u00e4 pelk\u00e4n omaisuuden varaan, jos voit ty\u00f6n kautta palvella muita. Itsekunnioitukseni toimii viel\u00e4, koska yhteisty\u00f6kumppanini tekiv\u00e4t minusta riitt\u00e4v\u00e4n hyv\u00e4n. Markku voisit siis my\u00f6s neuvoa kansainv\u00e4lisi\u00e4 kollegoitamme lopettamaan, jos haluat. Mutta tied\u00e4n, ett\u00e4 todellinen voima henkil\u00f6iss\u00e4 ei ole varallisuudessa vaan henkisiss\u00e4 voimavaroissa, Danny viestitt\u00e4\u00e4 h\u00e4nt\u00e4 kritisoineelle Arolle.<\/p>\n<p class=\"paragraph\">\u2013 T\u00e4rkeint\u00e4 oman urani alussa oli aitous ja rohkeus. En v\u00e4ltt\u00e4m\u00e4tt\u00e4 ole viime aikoina pyrkinyt tulemaan menestyv\u00e4ksi vaan itse\u00e4ni kunnioittavaksi, arvokkaaksi. Ihmisen tarkoitus on palvella muita ja teen sit\u00e4 niin kauan kuin jaksan. Hyvi\u00e4 keikkoja sinulle, Markku!<\/p>\n<p>Markku Aro IL:lle: \u201dSe minua kismitt\u00e4\u00e4 eniten\u201d<\/p>\n<p class=\"paragraph\">Iltalehti soitti torstaina Markku Arolle, joka kertoo pysyv\u00e4ns\u00e4 edelleen kannassaan.<\/p>\n<p class=\"paragraph\">\u2013 En min\u00e4 mit\u00e4\u00e4n pahaa tarkoita h\u00e4nelle, enk\u00e4 arvostele, mutta ihmettelen. H\u00e4n voisi ottaa iisimm\u00e4n kannan ja v\u00e4h\u00e4n arvokkaammin hoitaa hommaa. Kaikkea hyv\u00e4\u00e4 vaan Dannylle, mutta ei kaikkia keikkoja kannata tehd\u00e4. Toivoisin, ett\u00e4 h\u00e4n n\u00e4ytt\u00e4isi meille muille vanhoille esimerkki\u00e4, Aro sanoo Iltalehdelle.<\/p>\n<p class=\"paragraph\">H\u00e4n sanoo n\u00e4hneens\u00e4 Dannyn keikkapaikoilla ja pohjustavansa n\u00e4kemyksens\u00e4 siihen. Aro sanoo, ett\u00e4 h\u00e4nen mielest\u00e4\u00e4n arvokkuus l\u00e4htee, jos k\u00e4ytt\u00e4\u00e4 esiintymisess\u00e4 taustanauhoja.<\/p>\n<p class=\"paragraph\">\u2013 Se minua kismitt\u00e4\u00e4 kaikista eniten. Jos t\u00e4t\u00e4 ammattia tehd\u00e4\u00e4n, niin lauletaan suoraan, h\u00e4n sanoo.<\/p>\n<p class=\"paragraph\">Aro aprikoi, ett\u00e4 nauhat voisivat menn\u00e4 l\u00e4pi soulspektaakkelin kaltaisessa esityksess\u00e4, ei kuitenkaan iskelm\u00e4keikoilla.<\/p>\n<p class=\"paragraph\">\u2013 Jos ei jaksa laulaa, niin pit\u00e4\u00e4 olla kotona. Nauhojen k\u00e4ytt\u00f6 ei edist\u00e4 muusikkojen leip\u00e4ty\u00f6t\u00e4, h\u00e4n sanoo.<\/p>\n<p>Aron mielest\u00e4 taustanauhojen k\u00e4ytt\u00f6 esiintymisess\u00e4 ei kuulu iskelm\u00e4keikkoihin. Jussi Eskola<\/p>\n","protected":false},"excerpt":{"rendered":"Markku Aro, 75, pit\u00e4\u00e4 kantansa ja suomii edelleen Dannya taustanauhojen k\u00e4ytt\u00e4misest\u00e4 keikoilla. Danny, 83, vastaa saamaansa kritiikkiin ja&hellip;\n","protected":false},"author":2,"featured_media":143081,"comment_status":"","ping_status":"","sticky":false,"template":"","format":"standard","meta":{"footnotes":""},"categories":[130],"tags":[35,138,137,33,31,30,47,141,742,32,484,109],"class_list":{"0":"post-143080","1":"post","2":"type-post","3":"status-publish","4":"format-standard","5":"has-post-thumbnail","7":"category-viihde","8":"tag-24h","9":"tag-audio","10":"tag-entertainment","11":"tag-fi","12":"tag-finland","13":"tag-finnish","14":"tag-musiikki","15":"tag-muusikot-bandit","16":"tag-suomalainen-musiikki","17":"tag-suomi","18":"tag-taiteellinen-ilmaisu-ja-mediat","19":"tag-viihde"},"share_on_mastodon":{"url":"https:\/\/pubeurope.com\/@fi\/115899334870922138","error":""},"_links":{"self":[{"href":"https:\/\/www.europesays.com\/fi\/wp-json\/wp\/v2\/posts\/143080","targetHints":{"allow":["GET"]}}],"collection":[{"href":"https:\/\/www.europesays.com\/fi\/wp-json\/wp\/v2\/posts"}],"about":[{"href":"https:\/\/www.europesays.com\/fi\/wp-json\/wp\/v2\/types\/post"}],"author":[{"embeddable":true,"href":"https:\/\/www.europesays.com\/fi\/wp-json\/wp\/v2\/users\/2"}],"replies":[{"embeddable":true,"href":"https:\/\/www.europesays.com\/fi\/wp-json\/wp\/v2\/comments?post=143080"}],"version-history":[{"count":0,"href":"https:\/\/www.europesays.com\/fi\/wp-json\/wp\/v2\/posts\/143080\/revisions"}],"wp:featuredmedia":[{"embeddable":true,"href":"https:\/\/www.europesays.com\/fi\/wp-json\/wp\/v2\/media\/143081"}],"wp:attachment":[{"href":"https:\/\/www.europesays.com\/fi\/wp-json\/wp\/v2\/media?parent=143080"}],"wp:term":[{"taxonomy":"category","embeddable":true,"href":"https:\/\/www.europesays.com\/fi\/wp-json\/wp\/v2\/categories?post=143080"},{"taxonomy":"post_tag","embeddable":true,"href":"https:\/\/www.europesays.com\/fi\/wp-json\/wp\/v2\/tags?post=143080"}],"curies":[{"name":"wp","href":"https:\/\/api.w.org\/{rel}","templated":true}]}}