{"id":143104,"date":"2026-01-15T13:55:10","date_gmt":"2026-01-15T13:55:10","guid":{"rendered":"https:\/\/www.europesays.com\/fi\/143104\/"},"modified":"2026-01-15T13:55:10","modified_gmt":"2026-01-15T13:55:10","slug":"vihreiden-puheenjohtaja-sofia-virta-jyrahtaa-eduskunnassa-esiintyvasta-hairinnasta","status":"publish","type":"post","link":"https:\/\/www.europesays.com\/fi\/143104\/","title":{"rendered":"Vihreiden puheenjohtaja Sofia Virta jyr\u00e4ht\u00e4\u00e4 eduskunnassa esiintyv\u00e4st\u00e4 h\u00e4irinn\u00e4st\u00e4"},"content":{"rendered":"<p>Vihreiden puheenjohtaja kiitt\u00e4\u00e4 kansanedustaja Ville Merist\u00e4 (sd) keskustelun avaamisesta.<\/p>\n<p>Lue tiivistelm\u00e4<\/p>\n<p class=\"article-body mb-nof-24 px-nof-16 sndp-summary-bullet-point-font\">Vihreiden puheenjohtaja Sofia Virta paheksuu voimakkaasti eduskunnassa esiintyv\u00e4\u00e4 h\u00e4irint\u00e4\u00e4.<\/p>\n<p class=\"article-body mb-nof-24 px-nof-16 sndp-summary-bullet-point-font\">Virta kiitt\u00e4\u00e4 kansanedustaja Ville Merist\u00e4 (sd) keskustelun avaamisesta.<\/p>\n<p class=\"article-body mb-nof-24 px-nof-16 sndp-summary-bullet-point-font\">Vihreiden kansanedustaja Saara Hyrkk\u00f6 kertoo kohdanneensa itsekin ep\u00e4asiallista k\u00e4yt\u00f6st\u00e4 toimiessaan avustajana.<\/p>\n<p class=\"article-body mb-nof-24 px-nof-16 sndp-summary-bullet-point-font\">Hyrkk\u00f6 tuomitsee kaikenlaisen h\u00e4irinn\u00e4n ja ep\u00e4asiallisen k\u00e4yt\u00f6ksen.<\/p>\n<p class=\"article-body mb-nof-24 px-nof-16\">Vihreiden puheenjohtaja <a class=\"font-bold underline-offset-[0.12em] [text-decoration:var(--person-link-text-decoration)] ![text-decoration-color:var(--person-link-text-decoration-color)]\" href=\"https:\/\/www.is.fi\/haku\/?query=Sofia%20Virta\" rel=\"nofollow noopener\" target=\"_blank\">Sofia Virta <\/a>paheksuu voimakkaasti eduskunnassa esiintyv\u00e4\u00e4 h\u00e4irint\u00e4\u00e4.<\/p>\n<p class=\"article-body mb-nof-24 px-nof-16\">\u2013 Aivan helvet*n turhauttavaa, etteiv\u00e4t edelleenk\u00e4\u00e4n edes eduskunnassa kaikki aikuiset miehet osaa olla l\u00e4\u00e4ppim\u00e4tt\u00e4, ahdistelematta, vonkaamatta seksi\u00e4 tai h\u00e4iritsem\u00e4tt\u00e4 nais\u00adty\u00f6ntekij\u00f6it\u00e4, Virta kirjoittaa julkaisussaan <a class=\"underline underline-offset-[0.12em] [text-decoration-thickness:var(--generic-link-underline-thickness)] [text-decoration-color:var(--generic-link-underline-color)] [text-decoration-skip-ink:var(--generic-link-underline-skip-ink)] break-words\" href=\"https:\/\/www.instagram.com\/p\/DThlSeyCERj\/?igsh=aTZkOGRrdWRxbXR2\" rel=\"nofollow noopener\" target=\"_blank\">Instagramissa<\/a>.<\/p>\n<p class=\"article-body mb-nof-24 px-nof-16\">Virta viittaa p\u00e4ivityksess\u00e4\u00e4n muun muassa IS:n keskiviikkoiseen <a class=\"underline underline-offset-[0.12em] [text-decoration-thickness:var(--generic-link-underline-thickness)] [text-decoration-color:var(--generic-link-underline-color)] [text-decoration-skip-ink:var(--generic-link-underline-skip-ink)] break-words\" href=\"https:\/\/www.is.fi\/politiikka\/art-2000011749874.html\" rel=\"nofollow noopener\" target=\"_blank\">paljastusjuttuun<\/a>, jossa kerrottiin useista Sdp:hen kytkeytyv\u00e4st\u00e4 h\u00e4irint\u00e4tapauksesta, joista tuorein on viime vuoden lopulta eduskunnan pikkujoulujen jatkoilta.<\/p>\n<p class=\"article-body mb-nof-24 px-nof-16\">\u2013 Oon tosi pahoillani jokaisen h\u00e4irinn\u00e4n kohteeksi joutuneen puolesta. On my\u00f6s oksettavaa lukea, millaista kommentointia esimerkiksi seksuaaliv\u00e4hemmist\u00f6ihin kuuluvia kohtaan on esitetty \u2013 tai miten asiattomasti osaa henkil\u00f6st\u00f6st\u00e4 on kansanedustajien toimesta kohdeltu, Virta kirjoittaa.<\/p>\n<p class=\"article-body mb-nof-24 px-nof-16\">Lue lis\u00e4\u00e4: <a class=\"underline underline-offset-[0.12em] [text-decoration-thickness:var(--generic-link-underline-thickness)] [text-decoration-color:var(--generic-link-underline-color)] [text-decoration-skip-ink:var(--generic-link-underline-skip-ink)] break-words\" href=\"https:\/\/www.is.fi\/politiikka\/art-2000011749874.html\" rel=\"nofollow noopener\" target=\"_blank\">Silminn\u00e4kij\u00e4t kertovat IS:lle yksityiskohtaisesti Sdp:n useista vaietuista h\u00e4irint\u00e4\u00adtapauksista<\/a><\/p>\n<p><img decoding=\"async\" src=\"https:\/\/www.europesays.com\/fi\/wp-content\/uploads\/2026\/01\/1768485309_351_468.jpg\" alt=\"Sofia Virta ottaa tiukasti kantaa eduskunnan h\u00e4irint\u00e4ilmi\u00f6\u00f6n.\" class=\"_Img_1rerz_1\" style=\"aspect-ratio:1.5\" loading=\"eager\"\/><\/p>\n<p class=\"article-picture-caption\">Sofia Virta ottaa tiukasti kantaa eduskunnan h\u00e4irint\u00e4ilmi\u00f6\u00f6n. Kuva:\u00a0Petteri Tuohinen \/ HS<\/p>\n<p class=\"article-body mb-nof-24 px-nof-16\">Virran mukaan eduskunnan olisi ty\u00f6yhteis\u00f6n\u00e4 kyett\u00e4v\u00e4 n\u00e4ytt\u00e4m\u00e4\u00e4n esimerkki\u00e4 siit\u00e4, \u201dmillaista yhteiskuntaa halutaan rakentaa\u201d.<\/p>\n<p class=\"article-body mb-nof-24 px-nof-16\">\u2013 Ja miten jokaisen pit\u00e4isi saada olla rauhassa ty\u00f6paikallaan ja miss\u00e4 tahansa, vailla pelkoa ep\u00e4asiallisesta kohtelusta, seksuaalisesta h\u00e4irinn\u00e4st\u00e4 tai valta-aseman v\u00e4\u00e4rink\u00e4yt\u00f6st\u00e4, Virta jatkaa.<\/p>\n<blockquote class=\"p-[var(--citation-padding)] m-[var(--citation-margin)] border-y-[length:var(--citation-border-width)] border-y-[color:var(--citation-border-color)]\">\n<p>Niiden, jotka eiv\u00e4t osaa kohdella toisia kunnioittavasti, pit\u00e4\u00e4 katsoa peiliin ja lopettaa.<\/p>\n<\/blockquote>\n<p class=\"article-body mb-nof-24 px-nof-16\">Virta sanoo tiet\u00e4v\u00e4ns\u00e4, ett\u00e4 naiset ovat \u201di\u00e4t ja ajat\u201d joutuneet tottumaan seksistisiin heittoihin, l\u00e4\u00e4ppimiseen ja ahdisteluun. N\u00e4in asian ei kuitenkaan pit\u00e4isi olla, Virta lis\u00e4\u00e4.<\/p>\n<p class=\"article-body mb-nof-24 px-nof-16\">\u2013 Niiden, jotka eiv\u00e4t osaa kohdella toisia kunnioittavasti, pit\u00e4\u00e4 katsoa peiliin ja lopettaa. Aika yksinkertaista \u2013 ja silti ei, kuten esiin nousseet tapaukset osoittavat, Virta lis\u00e4\u00e4.<\/p>\n<p class=\"article-body mb-nof-24 px-nof-16\">Virran mukaan jokaiseen h\u00e4irint\u00e4tapaukseen on puututtava tiukasti ja h\u00e4irinn\u00e4n kohteiksi joutuneille on taattava realistinen mahdollisuus kertoa tapahtuneista ilman pelkoa hiljent\u00e4misest\u00e4, h\u00e4p\u00e4isemisest\u00e4, naurunalaiseksi joutumisesta tai ty\u00f6paikkansa menett\u00e4misest\u00e4.<\/p>\n<p class=\"article-body mb-nof-24 px-nof-16\">Kirjoituksena lopuksi Virta kiitt\u00e4\u00e4 keskustelun avaamisesta kansanedustaja <a class=\"font-bold underline-offset-[0.12em] [text-decoration:var(--person-link-text-decoration)] ![text-decoration-color:var(--person-link-text-decoration-color)]\" href=\"https:\/\/www.is.fi\/haku\/?query=Ville%20Merist%C3%A4\" rel=\"nofollow noopener\" target=\"_blank\">Ville Merist\u00e4<\/a> (sd). Merinen <a class=\"underline underline-offset-[0.12em] [text-decoration-thickness:var(--generic-link-underline-thickness)] [text-decoration-color:var(--generic-link-underline-color)] [text-decoration-skip-ink:var(--generic-link-underline-skip-ink)] break-words\" href=\"https:\/\/www.is.fi\/politiikka\/art-2000011746280.html\" rel=\"nofollow noopener\" target=\"_blank\">nosti asian esiin<\/a> Ylen Vallan algoritmi -sarjassa.<\/p>\n<p><img decoding=\"async\" src=\"https:\/\/www.europesays.com\/fi\/wp-content\/uploads\/2026\/01\/1768485310_164_468.jpg\" alt=\"Vihreiden kansanedustaja Saara Hyrkk\u00f6 kertoo kohdanneensa itse ep\u00e4asiallista k\u00e4yt\u00f6st\u00e4 toimiessaan eduskunta-avustajana.\" class=\"_Img_1rerz_1\" style=\"aspect-ratio:1.5\" loading=\"eager\"\/><\/p>\n<p class=\"article-picture-caption\">Vihreiden kansanedustaja Saara Hyrkk\u00f6 kertoo kohdanneensa itse ep\u00e4asiallista k\u00e4yt\u00f6st\u00e4 toimiessaan eduskunta-avustajana. Kuva:\u00a0Rio Gandara \/ HS<\/p>\n<p class=\"article-body mb-nof-24 px-nof-16\">Vihreiden kansanedustaja <a class=\"font-bold underline-offset-[0.12em] [text-decoration:var(--person-link-text-decoration)] ![text-decoration-color:var(--person-link-text-decoration-color)]\" href=\"https:\/\/www.is.fi\/haku\/?query=Saara%20Hyrkk%C3%B6\" rel=\"nofollow noopener\" target=\"_blank\">Saara Hyrkk\u00f6<\/a> ottaa niin ik\u00e4\u00e4n asiaan kantaa <a class=\"underline underline-offset-[0.12em] [text-decoration-thickness:var(--generic-link-underline-thickness)] [text-decoration-color:var(--generic-link-underline-color)] [text-decoration-skip-ink:var(--generic-link-underline-skip-ink)] break-words\" href=\"https:\/\/www.instagram.com\/p\/DTgZ3ZVDc5F\/?igsh=Nzl3emVwOG5jdWQ4\" rel=\"nofollow noopener\" target=\"_blank\">Instagram-p\u00e4ivityksess\u00e4\u00e4n<\/a>.<\/p>\n<p class=\"article-body mb-nof-24 px-nof-16\">Ennen kansanedustajaksi valintaansa itsekin eduskunta-avustajana toiminut Hyrkk\u00f6 kertoo kokeneensa avustajana toimiessaan ep\u00e4asiallista k\u00e4yt\u00f6st\u00e4 toisen puolueen varttuneemmalta kansanedustajalta.<\/p>\n<p class=\"article-body mb-nof-24 px-nof-16\">\u2013 Oma kokemukseni on, ett\u00e4 h\u00e4irinn\u00e4n tunnistamiseen ja siihen puuttumiseen liittyv\u00e4t k\u00e4yt\u00e4nn\u00f6t ovat kehittyneet rutkasti, mutta valmista ei ole viel\u00e4k\u00e4\u00e4n, Hyrkk\u00f6 vertailee kymmenen vuoden takaiseen.<\/p>\n<blockquote class=\"p-[var(--citation-padding)] m-[var(--citation-margin)] border-y-[length:var(--citation-border-width)] border-y-[color:var(--citation-border-color)]\">\n<p>Puheet nollatoleranssista eiv\u00e4t auta, jos kokemuksia v\u00e4h\u00e4tell\u00e4\u00e4n tai koko ilmi\u00f6n olemassaolo kyseenalaistetaan.<\/p>\n<\/blockquote>\n<p class=\"article-body mb-nof-24 px-nof-16\">Hyrk\u00f6n mukaan nyt esiin nousseet h\u00e4irint\u00e4tapaukset ovat t\u00e4ysin tuomittavia, mutta eiv\u00e4t h\u00e4nen mukaansa t\u00e4ysin yll\u00e4tt\u00e4vi\u00e4.<\/p>\n<p class=\"article-body mb-nof-24 px-nof-16\">Hyrk\u00f6n mukaan h\u00e4irinn\u00e4lle ja ep\u00e4asialliselle k\u00e4yt\u00f6kselle ei ole sijaa eduskunnassa eik\u00e4 miss\u00e4\u00e4n muussakaan ty\u00f6paikassa.<\/p>\n<p class=\"article-body mb-nof-24 px-nof-16\">\u2013 Puheet nollatoleranssista eiv\u00e4t auta, jos kokemuksia v\u00e4h\u00e4tell\u00e4\u00e4n tai koko ilmi\u00f6n olemassaolo kyseenalaistetaan, Hyrkk\u00f6 kirjoittaa.<\/p>\n<p class=\"article-body mb-nof-24 px-nof-16\">Hyrkk\u00f6 haluaa rohkaista jokaista h\u00e4irint\u00e4\u00e4 tai v\u00e4kivaltaa kokenutta viem\u00e4\u00e4n asiaa eteenp\u00e4in virallisia reittej\u00e4 pitkin, jotta ep\u00e4asiallinen k\u00e4yt\u00f6s saadaan kitketty\u00e4 niin eduskunnasta kuin muiltakin ty\u00f6paikoilta.<\/p>\n<p><script async src=\"\/\/www.instagram.com\/embed.js\"><\/script><\/p>\n","protected":false},"excerpt":{"rendered":"Vihreiden puheenjohtaja kiitt\u00e4\u00e4 kansanedustaja Ville Merist\u00e4 (sd) keskustelun avaamisesta. Lue tiivistelm\u00e4 Vihreiden puheenjohtaja Sofia Virta paheksuu voimakkaasti eduskunnassa&hellip;\n","protected":false},"author":2,"featured_media":143105,"comment_status":"","ping_status":"","sticky":false,"template":"","format":"standard","meta":{"footnotes":""},"categories":[5],"tags":[22,23,26,27,33,31,30,17,34,24,25,28,29,15,18,21,32,19,20,16],"class_list":{"0":"post-143104","1":"post","2":"type-post","3":"status-publish","4":"format-standard","5":"has-post-thumbnail","7":"category-otsikot","8":"tag-breaking-news","9":"tag-breakingnews","10":"tag-featured-news","11":"tag-featurednews","12":"tag-fi","13":"tag-finland","14":"tag-finnish","15":"tag-headlines","16":"tag-ilta-sanomat","17":"tag-latest-news","18":"tag-latestnews","19":"tag-main-news","20":"tag-mainnews","21":"tag-news","22":"tag-otsikot","23":"tag-paauutiset","24":"tag-suomi","25":"tag-top-stories","26":"tag-topstories","27":"tag-uutiset"},"share_on_mastodon":{"url":"https:\/\/pubeurope.com\/@fi\/115899460649779876","error":""},"_links":{"self":[{"href":"https:\/\/www.europesays.com\/fi\/wp-json\/wp\/v2\/posts\/143104","targetHints":{"allow":["GET"]}}],"collection":[{"href":"https:\/\/www.europesays.com\/fi\/wp-json\/wp\/v2\/posts"}],"about":[{"href":"https:\/\/www.europesays.com\/fi\/wp-json\/wp\/v2\/types\/post"}],"author":[{"embeddable":true,"href":"https:\/\/www.europesays.com\/fi\/wp-json\/wp\/v2\/users\/2"}],"replies":[{"embeddable":true,"href":"https:\/\/www.europesays.com\/fi\/wp-json\/wp\/v2\/comments?post=143104"}],"version-history":[{"count":0,"href":"https:\/\/www.europesays.com\/fi\/wp-json\/wp\/v2\/posts\/143104\/revisions"}],"wp:featuredmedia":[{"embeddable":true,"href":"https:\/\/www.europesays.com\/fi\/wp-json\/wp\/v2\/media\/143105"}],"wp:attachment":[{"href":"https:\/\/www.europesays.com\/fi\/wp-json\/wp\/v2\/media?parent=143104"}],"wp:term":[{"taxonomy":"category","embeddable":true,"href":"https:\/\/www.europesays.com\/fi\/wp-json\/wp\/v2\/categories?post=143104"},{"taxonomy":"post_tag","embeddable":true,"href":"https:\/\/www.europesays.com\/fi\/wp-json\/wp\/v2\/tags?post=143104"}],"curies":[{"name":"wp","href":"https:\/\/api.w.org\/{rel}","templated":true}]}}