{"id":143106,"date":"2026-01-15T14:07:10","date_gmt":"2026-01-15T14:07:10","guid":{"rendered":"https:\/\/www.europesays.com\/fi\/143106\/"},"modified":"2026-01-15T14:07:10","modified_gmt":"2026-01-15T14:07:10","slug":"fuengirola-fi-miljonaari-henry-aflecht-ajautui-vaikeuksiin-pankin-kanssa-tili-suljettu","status":"publish","type":"post","link":"https:\/\/www.europesays.com\/fi\/143106\/","title":{"rendered":"fuengirola.fi: Miljon\u00e4\u00e4ri Henry Aflecht ajautui vaikeuksiin pankin kanssa &#8211; tili suljettu!"},"content":{"rendered":"<p>            ATTE KAJOVA\n        <\/p>\n<p class=\"subtitle \">Leip\u00e4jonoissakin kansalaisille k\u00e4teist\u00e4 jakanut miljon\u00e4\u00e4ri ajautui k\u00e4rh\u00e4m\u00e4\u00e4n pankin kanssa.<\/p>\n<p class=\"article-content article-content-width !bg-background\">, 53, on suomalaisittain poikkeuksellinen miljon\u00e4\u00e4ri, sill\u00e4 h\u00e4n ei ole peitellyt varakkuuttaan lainkaan.\u00a0<\/p>\n<p class=\"font-weight-bold m-font-weight-bold article-content article-content-width !bg-background\">Video: Henri Aflecht jakoi rahaa ruokajonossa 2024:<\/p>\n<p class=\"article-content article-content-width !bg-background\">Henkka on tunnettu paitsi televisiosta my\u00f6s laajasta hyv\u00e4ntekev\u00e4isyysty\u00f6st\u00e4\u00e4n. Tavanomaisten auttamiskeinojen sijaan Henry on ottanut tavakseen jakaa apua tarvitseville kansalaisille riihikuivaa k\u00e4teist\u00e4.<\/p>\n<p>        <a itemprop=\"url\" href=\"https:\/\/www.seiska.fi\/rikos\/henry-aflechtin-rikossyytteesta-uutta-tietoa\/1657449\" rel=\"nofollow noopener\" target=\"_blank\"><\/p>\n<p>\nHenry Aflecht\n<\/p>\n<p class=\"section-date\">\n        <strong class=\"article-section\" data-section=\"rikos\"><br \/>\n            rikos<br \/>\n        <\/strong><br \/>\n        27.3.2025 16:30\n    <\/p>\n<p>Henry Aflechtin rikossyytteest\u00e4 uutta tietoa\n    <\/p>\n<p itemprop=\"description\" class=\"subtitle \">\n    Suomalaismiljon\u00e4\u00e4ri\u00e4 ja er\u00e4st\u00e4 miest\u00e4 syytettiin kunnianloukkauksesta Oulun k\u00e4r\u00e4j\u00e4oikeudessa.\n<\/p>\n<p>        <\/a><\/p>\n<p class=\"article-content article-content-width !bg-background\">Henkka on jakanut rahaa useiden vuosien ajan Suora Tuki -nimisen yhdistyksens\u00e4 kautta. <a href=\"https:\/\/fuengirola.fi\/henry-aflecht-joutui-lopettamaan-vahavaraisten-auttamisen-pankki-irtisanoi-tanaan-tilin\/\" target=\"_blank\" rel=\"nofollow noopener\">Nyt hommalle on kuitenkin tullut stoppi<\/a>, kirjoittaa .<\/p>\n<p>                <img decoding=\"async\" src=\"https:\/\/www.europesays.com\/fi\/wp-content\/uploads\/2026\/01\/2047141.webp.jpeg\" width=\"576\" height=\"360\" alt=\"Henkalla on p\u00e4t\u00e4kk\u00e4\u00e4, jota jakaa. Pankki ei massimiehen touhuista kuitenkaan vaikuttunut.\" loading=\"lazy\" \/>            <\/p>\n<p>\n            Henkalla on p\u00e4t\u00e4kk\u00e4\u00e4, jota jakaa. Pankki ei massimiehen touhuista kuitenkaan vaikuttunut.<br \/>\n            JARI PELTOM\u00c4KI\n        <\/p>\n<p class=\"article-content article-content-width !bg-background\">Saaga sai alkunsa viime joulukuussa, kun Oma S\u00e4\u00e4st\u00f6pankkki rajoitti yhdistyksen tilin k\u00e4ytt\u00f6\u00e4. Muutoksen my\u00f6t\u00e4 tililt\u00e4 ei en\u00e4\u00e4 voinut nostaa k\u00e4teist\u00e4, mink\u00e4 seurauksena seteleit\u00e4 ei siis ole jaettavissa. Henkka totesi tuolloin, ettei yhdistys voi jatkaa toimintaansa.\u00a0<\/p>\n<p>Tili suljettiin<\/p>\n<p class=\"article-content article-content-width !bg-background\">13. tammikuuta ly\u00f6tiin viimeinen naula arkkuun. Sivusto kertoo pankin nyt sulkeneen tilin kokonaan.\u00a0<\/p>\n<p class=\"article-content article-content-width !bg-background\">\u2013\u00a0Poliisin laajassa pitk\u00e4\u00e4n ollut OmaSp irtisanoi t\u00e4n\u00e4\u00e4n yhdistyksen tilin, Henkan kerrotaan todenneen.\u00a0<\/p>\n<p>                <img decoding=\"async\" src=\"https:\/\/www.europesays.com\/fi\/wp-content\/uploads\/2026\/01\/2047144.webp.jpeg\" width=\"576\" height=\"562\" alt=\"Henkalla on ollut tapana jakaa jouluisin v\u00e4h\u00e4varaisille rahaa leip\u00e4jonossa. En\u00e4\u00e4 se ei onnistu.\" loading=\"lazy\" \/>            <\/p>\n<p>\n            Henkalla on ollut tapana jakaa jouluisin v\u00e4h\u00e4varaisille rahaa leip\u00e4jonossa. En\u00e4\u00e4 se ei onnistu.<br \/>\n            PANU H\u00d6RKK\u00d6\n        <\/p>\n<p class=\"article-content article-content-width !bg-background\">Henkka huomauttaa, ettei yhdistykselle kannata en\u00e4\u00e4 tehd\u00e4 tilisiirtoja. Niin ik\u00e4\u00e4n sen MobilePayn h\u00e4n aikoo lakkauttaa.<\/p>\n<p class=\"article-content article-content-width !bg-background\">\u2013\u00a0Pankki j\u00e4i joulun aikaan kiinni useista valheista medialle, paljastettuani heid\u00e4n tekemiset ja kerrottuani mm. KRP:n tutkinnasta. T\u00e4m\u00e4n johdosta he irtisanoivat t\u00e4n\u00e4\u00e4n tilin \u201dkokonaisarvioon perustuen\u201d, miljon\u00e4\u00e4ri laukoo.\u00a0<\/p>\n<p>        <a itemprop=\"url\" href=\"https:\/\/www.seiska.fi\/kotimaa\/suomalainen-julkkismiljonaari-mullisti-hyvantekevaisyyden-huikea-joululahja-vahavaraisille\/1516123\" rel=\"nofollow noopener\" target=\"_blank\"><\/p>\n<p class=\"section-date\">\n        <strong class=\"article-section\" data-section=\"kotimaa\"><br \/>\n            kotimaa<br \/>\n        <\/strong><br \/>\n        11.11.2024 18:00\n    <\/p>\n<p>Suomalainen julkkismiljon\u00e4\u00e4ri mullisti hyv\u00e4ntekev\u00e4isyyden \u2013 huikea joululahja v\u00e4h\u00e4varaisille\n    <\/p>\n<p itemprop=\"description\" class=\"subtitle \">\n    Henkka Aflecht jakaa 100 prosenttia ker\u00e4ysvaroista v\u00e4h\u00e4varaisille.\n<\/p>\n<p>        <\/a><\/p>\n<p class=\"article-content article-content-width !bg-background\">Henkka p\u00e4\u00e4stelee totuttuun tapaansa suorat sanat pankin toiminnasta. H\u00e4nen mukaansa suomalaispankkeja ei kiinnosta muu kuin oma bisnes, hyv\u00e4ntekev\u00e4isyydest\u00e4 viis. OmaSp:n imagoa h\u00e4n taasen luonnehtii &#8221;kusetukseksi&#8221;.\u00a0<\/p>\n<p>Suoran puheen mies<\/p>\n<p class=\"article-content article-content-width !bg-background\">Miljon\u00e4\u00e4ri ei ole ennenk\u00e4\u00e4n peitellyt mielipiteit\u00e4\u00e4n. H\u00e4n on esimerkiksi ottanut suorasukaisesti kantaa joulukuisia Linnan juhlia seuranneeseen k\u00e4ttelykohuun. Somalitaustainen  ei k\u00e4tellyt tasavallan presidentti  juhliin saapuessaan.\u00a0<\/p>\n<p>                <img decoding=\"async\" src=\"https:\/\/www.europesays.com\/fi\/wp-content\/uploads\/2026\/01\/2047152.webp.jpeg\" width=\"576\" height=\"360\" alt=\"Heli Palsanm\u00e4ki intoutui ottamaan poikkeuksellisen poliittisesti kantaa Henkan vanavedess\u00e4.\" loading=\"lazy\" \/>            <\/p>\n<p>\n            Heli Palsanm\u00e4ki intoutui ottamaan poikkeuksellisen poliittisesti kantaa Henkan vanavedess\u00e4.<br \/>\n            JARI PELTOM\u00c4KI\n        <\/p>\n<p class=\"article-content article-content-width !bg-background\">\u2013\u00a0Min\u00e4h\u00e4n en mit\u00e4\u00e4n ymm\u00e4rr\u00e4 n\u00e4ist\u00e4k\u00e4\u00e4n, mutta onko siis k\u00e4ttelyhommissakin niin, ett\u00e4 maassa EI menn\u00e4 maan tavalla, PAITSI jos suomalainen menee Somaliaan? Silloin kuitenkin menn\u00e4\u00e4n maan tavalla? Miksi? Henkka pauhasi tuolloin Facebookissa.\u00a0<\/p>\n<p class=\"article-content article-content-width !bg-background\">Henkan mielipiteit\u00e4 jakava <a href=\"https:\/\/www.seiska.fi\/kotimaa\/heli-palsanmaen-vakeva-avautuminen-enka-ole-rasisti\/2017915\" target=\"_blank\" rel=\"nofollow noopener\">julkaisu sai yll\u00e4tt\u00e4v\u00e4n tukijan<\/a>, kun Suomen Huutokauppakeisarista tuttu  yhtyi somessa t\u00e4m\u00e4n kommentteihin.\u00a0<\/p>\n<p class=\"article-content article-content-width !bg-background\">\u2013\u00a0Maassa maan tavalla tai maasta pois, Heli julisti.<\/p>\n<p>        <a itemprop=\"url\" href=\"https:\/\/www.seiska.fi\/kotimaa\/heli-palsanmaen-vakeva-avautuminen-enka-ole-rasisti\/2017915\" rel=\"nofollow noopener\" target=\"_blank\"><\/p>\n<p>\nV\u00e4kev\u00e4 avautuminen\n<\/p>\n<p class=\"section-date\">\n        <strong class=\"article-section\" data-section=\"kotimaa\"><br \/>\n            kotimaa<br \/>\n        <\/strong><br \/>\n        10.12.2025 16:00\n    <\/p>\n<p>Heli Palsanm\u00e4en v\u00e4kev\u00e4 avautuminen: \u201cEnk\u00e4 ole rasisti\u201d\n    <\/p>\n<p itemprop=\"description\" class=\"subtitle \">\n    Helin ulostulo on poikkeuksellinen.\n<\/p>\n<p>        <\/a><\/p>\n","protected":false},"excerpt":{"rendered":"ATTE KAJOVA Leip\u00e4jonoissakin kansalaisille k\u00e4teist\u00e4 jakanut miljon\u00e4\u00e4ri ajautui k\u00e4rh\u00e4m\u00e4\u00e4n pankin kanssa. , 53, on suomalaisittain poikkeuksellinen miljon\u00e4\u00e4ri, sill\u00e4&hellip;\n","protected":false},"author":2,"featured_media":143107,"comment_status":"","ping_status":"","sticky":false,"template":"","format":"standard","meta":{"footnotes":""},"categories":[136],"tags":[407,137,33,31,30,4676,24549,5630,408,24548,24550,5869,20945,14930,1240,32,109],"class_list":{"0":"post-143106","1":"post","2":"type-post","3":"status-publish","4":"format-standard","5":"has-post-thumbnail","7":"category-julkkikset","8":"tag-celebrities","9":"tag-entertainment","10":"tag-fi","11":"tag-finland","12":"tag-finnish","13":"tag-fuengirola","14":"tag-henry-aflecht","15":"tag-hyvantekevaisyys","16":"tag-julkkikset","17":"tag-kateinen","18":"tag-leipajono","19":"tag-miljonaari","20":"tag-oma-saastopankki","21":"tag-pankkikriisi","22":"tag-raha","23":"tag-suomi","24":"tag-viihde"},"share_on_mastodon":{"url":"https:\/\/pubeurope.com\/@fi\/115899507899212095","error":""},"_links":{"self":[{"href":"https:\/\/www.europesays.com\/fi\/wp-json\/wp\/v2\/posts\/143106","targetHints":{"allow":["GET"]}}],"collection":[{"href":"https:\/\/www.europesays.com\/fi\/wp-json\/wp\/v2\/posts"}],"about":[{"href":"https:\/\/www.europesays.com\/fi\/wp-json\/wp\/v2\/types\/post"}],"author":[{"embeddable":true,"href":"https:\/\/www.europesays.com\/fi\/wp-json\/wp\/v2\/users\/2"}],"replies":[{"embeddable":true,"href":"https:\/\/www.europesays.com\/fi\/wp-json\/wp\/v2\/comments?post=143106"}],"version-history":[{"count":0,"href":"https:\/\/www.europesays.com\/fi\/wp-json\/wp\/v2\/posts\/143106\/revisions"}],"wp:featuredmedia":[{"embeddable":true,"href":"https:\/\/www.europesays.com\/fi\/wp-json\/wp\/v2\/media\/143107"}],"wp:attachment":[{"href":"https:\/\/www.europesays.com\/fi\/wp-json\/wp\/v2\/media?parent=143106"}],"wp:term":[{"taxonomy":"category","embeddable":true,"href":"https:\/\/www.europesays.com\/fi\/wp-json\/wp\/v2\/categories?post=143106"},{"taxonomy":"post_tag","embeddable":true,"href":"https:\/\/www.europesays.com\/fi\/wp-json\/wp\/v2\/tags?post=143106"}],"curies":[{"name":"wp","href":"https:\/\/api.w.org\/{rel}","templated":true}]}}