{"id":14311,"date":"2025-08-23T18:32:09","date_gmt":"2025-08-23T18:32:09","guid":{"rendered":"https:\/\/www.europesays.com\/fi\/14311\/"},"modified":"2025-08-23T18:32:09","modified_gmt":"2025-08-23T18:32:09","slug":"posti-teki-valtavan-mokan-nyt-kalevin-yritys-on-kriisissa-taysi-katastrofi","status":"publish","type":"post","link":"https:\/\/www.europesays.com\/fi\/14311\/","title":{"rendered":"Posti teki valtavan mokan \u2013 Nyt Kalevin yritys on kriisiss\u00e4: \u201dT\u00e4ysi katastrofi\u201d"},"content":{"rendered":"<p>Erikoinen tilanne kesti useiden kuukausien ajan. Posti my\u00f6nt\u00e4\u00e4 virheens\u00e4 ja pahoittelee asiakkaalle koitunutta harmia.<\/p>\n<p><img decoding=\"async\" class=\"image image-show image-preview\" src=\"https:\/\/www.europesays.com\/fi\/wp-content\/uploads\/2025\/08\/88c6e3a536b3f9bfcbee5a594078ba255c84d3346e4d66aa0b66f809dd30fe25.jpg\" alt=\"\"\/><img decoding=\"async\" class=\"image image-show\" src=\"https:\/\/www.europesays.com\/fi\/wp-content\/uploads\/2025\/08\/1755973929_238_88c6e3a536b3f9bfcbee5a594078ba255c84d3346e4d66aa0b66f809dd30fe25.jpg\" alt=\"\"\/><\/p>\n<p>Sekaannus postinjakelussa on vaikuttanut suoraan Kalevi Tantun liiketoimintaan. Kalevi Tantun oma albumi<\/p>\n<ul>\n<li>Kalevi Tanttu ei saanut yritykselleen suunnattuja laskukirjeit\u00e4 kuukausiin.<\/li>\n<li>Erikoisen tilanteen selvittely on vienyt Tantulta useita p\u00e4ivi\u00e4. Ylim\u00e4\u00e4r\u00e4isi\u00e4 kulujakin on kertynyt tuhansien eurojen edest\u00e4.<\/li>\n<li>Posti kertoo olevansa pahoillaan asiakkaalle aiheutuneesta harmista.<\/li>\n<\/ul>\n<p class=\"paragraph\"><strong>Kalevi Tanttu<\/strong> on turhautunut Postin toimintaan.<\/p>\n<p class=\"paragraph\">Tanttu omistaa veljens\u00e4 kanssa yrityksen nimelt\u00e4 Keski-Suomen Rakennus-Purku Oy. Yrityksen liikevaihto on vuosittain satoja tuhansia euroja.<\/p>\n<p class=\"paragraph\">Tanttu huomasi yll\u00e4tyksekseen maaliskuussa, ett\u00e4 yrityksen postilaatikko humisi tyhjyytt\u00e4\u00e4n. Suurin osa yritykselle osoitetuista laskuista l\u00e4hetet\u00e4\u00e4n s\u00e4hk\u00f6postitse, mutta osa edelleen perinteisesti kirjeitse.<\/p>\n<p class=\"paragraph\">Paperilaskuja ei kuitenkaan n\u00e4kynyt eik\u00e4 kuulunut aikoihin.<\/p>\n<p class=\"paragraph\">Tanttu tajusi, ett\u00e4 jokin on todella vialla, kun yrityksen k\u00e4ytt\u00e4m\u00e4 Nesteen maksukortti suljettiin.<\/p>\n<p class=\"paragraph\">\u2013 Soitin Nesteelle ja he kertoivat, ett\u00e4 t\u00e4llainen ja t\u00e4llainen firma on laittanut jonkin laskun perint\u00e4\u00e4n, Tanttu kertoo.<\/p>\n<p class=\"paragraph\">Tanttu ep\u00e4ili, ett\u00e4 lasku oli p\u00e4\u00e4tynyt v\u00e4\u00e4r\u00e4\u00e4n osoitteeseen.<\/p>\n<p>Kymmeni\u00e4 kirjeit\u00e4<\/p>\n<p class=\"paragraph\">Elokuussa tilanne muuttui kertarys\u00e4yksell\u00e4.<\/p>\n<p class=\"paragraph\">Yht\u00e4kki\u00e4 yrityksen postilaatikkoon ilmestyi kaikkiaan 69 kirjett\u00e4. K\u00e4vi ilmi, ett\u00e4 kirjeet olivat todella p\u00e4\u00e4tyneet kuukausien ajan v\u00e4\u00e4r\u00e4\u00e4n osoitteeseen.<\/p>\n<p class=\"paragraph\">Saapuneiden kirjeiden joukossa oli muun muassa useita maksukehotuksia eri tahoilta. Suuri osa yritykselle osoitetuista laskuista oli ehtinyt er\u00e4\u00e4ntym\u00e4\u00e4n.<\/p>\n<p>Kirjeit\u00e4 ilmestyi kerralla kymmeni\u00e4. Kuvituskuva. Adobe Stock \/ AOP<\/p>\n<p class=\"paragraph\">Iltalehti on n\u00e4hnyt kirjeen, jonka p\u00e4\u00e4lle on kirjoitettu, ett\u00e4 kirje on jaettu v\u00e4\u00e4r\u00e4\u00e4n laatikkoon tai osoitteeseen.<\/p>\n<p class=\"paragraph\">Sekaannus on tullut Tantun yritykselle kalliiksi, sill\u00e4 perinn\u00e4st\u00e4 ja ulosotosta on tullut lis\u00e4\u00e4 kuluja alkuper\u00e4isten laskujen lis\u00e4ksi. Tantun mukaan ylim\u00e4\u00e4r\u00e4iset kulut ovat useita tuhansia euroja.<\/p>\n<p class=\"paragraph\">Prosessi on sy\u00f6nyt my\u00f6s yritt\u00e4j\u00e4n aikaa.<\/p>\n<p class=\"paragraph\">\u2013 On vienyt minulta p\u00e4ivi\u00e4 aikaa selvitt\u00e4\u00e4 n\u00e4it\u00e4 asioita. Se aika on taas ty\u00f6nteosta pois, Tanttu huokaa.<\/p>\n<p>Suurin haaste<\/p>\n<p class=\"paragraph\">Kirjeiden p\u00e4\u00e4tyminen v\u00e4\u00e4r\u00e4\u00e4n osoitteeseen h\u00e4mm\u00e4stytt\u00e4\u00e4 Tanttua, koska yritys on toiminut samoissa tiloissa vuodesta 2008 asti.<\/p>\n<p class=\"paragraph\">Posti on aiemmin kulkenut moitteetta, h\u00e4n sanoo.<\/p>\n<p class=\"paragraph\">\u2013 Ihan t\u00e4ysi katastrofi. Aina pystyn laskut maksamaan, kun ne tulevat, mutta niit\u00e4 on aika vaikea maksaa, kun ne eiv\u00e4t koskaan meille asti saavu.<\/p>\n<p>Postin kanssa ei aiemmin ole ollut ongelmia, Tanttu sanoo. Kuvituskuva. Mikko K\u00e4kel\u00e4 \/ Posti<\/p>\n<p class=\"paragraph\">Tanttu kuvailee tapahtunutta yrityksen historian suurimmaksi haasteeksi.<\/p>\n<p class=\"paragraph\">H\u00e4n on ollut asian tiimoilta yhteydess\u00e4 Postiin kes\u00e4n aikana moneen kertaan. Viimeksi h\u00e4n soitti Postin asiakaspalveluun edellisen\u00e4 viikonloppuna.<\/p>\n<p class=\"paragraph\">\u2013 He lupasivat selvitt\u00e4\u00e4 asiaa ja olla yhteydess\u00e4 viimeist\u00e4\u00e4n tiistaina, mutta eih\u00e4n sielt\u00e4 kuulunut mit\u00e4\u00e4n.<\/p>\n<p>Harmillinen sekaannus<\/p>\n<p class=\"paragraph\">Iltalehti haastatteli Tanttua asian tiimoilta torstai-iltap\u00e4iv\u00e4n\u00e4. Posti oli yhteydess\u00e4 Tanttuun perjantaiaamuna.<\/p>\n<p class=\"paragraph\">Iltalehden n\u00e4kem\u00e4ss\u00e4 viestiss\u00e4 sanotaan, ett\u00e4 tilanteessa on k\u00e4ynyt harmillinen sekaannus. Postin mukaan Tantun yrityksen osoitteen nimi on muuttunut, vaikka Tantulla ei ole t\u00e4st\u00e4 kertomansa mukaan mit\u00e4\u00e4n tietoa.<\/p>\n<p class=\"paragraph\">Yrityksen osoite ei siis olekaan en\u00e4\u00e4 Valtatie 1682 B, vaan nyky\u00e4\u00e4n muodossa Myllym\u00e4entie 414 B.<\/p>\n<p class=\"paragraph\">\u2013 Postia oli kertynyt, sill\u00e4 jakaja, jolle reitti ei ollut tuttu, oli l\u00f6yt\u00e4nyt jonkun vanhan postilaatikon, joka on merkitty numerolla 1682 ja jakanut l\u00e4hetykset sinne alun perin, koska on luullut kyseess\u00e4 olevan eri osoite kuin Myllym\u00e4entie, Postin viestiss\u00e4 sanotaan.<\/p>\n<p class=\"paragraph\">Posti pyysi, ett\u00e4 Tanttu ilmoittaisi l\u00e4hett\u00e4jille uuden osoitteen, ja ett\u00e4 h\u00e4n merkitsisi postilaatikkoon v\u00e4hint\u00e4\u00e4n talon numeron. Viestiss\u00e4 on my\u00f6s linkki lomakkeeseen, jonka avulla voi hakea vahingonkorvauksia.<\/p>\n<p>Postinjakaja toimitti kirjeet v\u00e4\u00e4r\u00e4\u00e4n laatikkoon. Kuvituskuva Postin tiloista. Petteri Paalasmaa<\/p>\n<p>\u201dKannamme aina vastuun\u201d<\/p>\n<p class=\"paragraph\">Posti vastasi Iltalehden kysymyksiin my\u00f6hemmin perjantaina s\u00e4hk\u00f6postitse. Yksitt\u00e4isi\u00e4 tapauksia Posti ei voi k\u00e4sitell\u00e4 julkisesti.<\/p>\n<p class=\"paragraph\">Posti kertoo olevansa pahoillaan asiakkaalle aiheutuneesta harmista.<\/p>\n<p class=\"paragraph\">\u2013 Meille jokainen asiakas on t\u00e4rke\u00e4, ja kannamme aina vastuun omista virheist\u00e4mme. Kun saamme palautetta nopeasti, voimme selvitt\u00e4\u00e4 l\u00e4hetyksen kulun ja korjata mahdolliset virheet heti, viestint\u00e4johtaja <strong>Jenni Mattson<\/strong> kertoo viestiss\u00e4\u00e4n.<\/p>\n<p class=\"paragraph\">Mattsonin mukaan Postille saapuvien valituksien m\u00e4\u00e4r\u00e4 on pieni verrattuna Postin kautta kulkevien l\u00e4hetysten kokonaism\u00e4\u00e4r\u00e4\u00e4n.<\/p>\n<p class=\"paragraph\">\u2013 K\u00e4ymme noin kolmella miljoonalla kotiovella ja 200 000 yrityksess\u00e4 ymp\u00e4ri vuoden. Vaikka suurin osa l\u00e4hetyksist\u00e4 kulkee sujuvasti, joskus voi ilmet\u00e4 viiv\u00e4styksi\u00e4 tai h\u00e4iri\u00f6it\u00e4, ja ymm\u00e4rr\u00e4mme, ett\u00e4 se voi olla turhauttavaa.<\/p>\n<p> Posti pahoittelee tapahtunutta. Mikko Huisko<\/p>\n","protected":false},"excerpt":{"rendered":"Erikoinen tilanne kesti useiden kuukausien ajan. Posti my\u00f6nt\u00e4\u00e4 virheens\u00e4 ja pahoittelee asiakkaalle koitunutta harmia. Sekaannus postinjakelussa on vaikuttanut&hellip;\n","protected":false},"author":2,"featured_media":14312,"comment_status":"","ping_status":"","sticky":false,"template":"","format":"standard","meta":{"footnotes":""},"categories":[12],"tags":[35,22,23,26,27,33,31,30,17,24,25,121,734,951,28,29,1616,15,18,21,950,32,19,20,16],"class_list":{"0":"post-14311","1":"post","2":"type-post","3":"status-publish","4":"format-standard","5":"has-post-thumbnail","7":"category-suomi","8":"tag-24h","9":"tag-breaking-news","10":"tag-breakingnews","11":"tag-featured-news","12":"tag-featurednews","13":"tag-fi","14":"tag-finland","15":"tag-finnish","16":"tag-headlines","17":"tag-latest-news","18":"tag-latestnews","19":"tag-liikenne-ja-kuljetus","20":"tag-maaliikenne","21":"tag-maaliikenne-putkijohtokuljetus","22":"tag-main-news","23":"tag-mainnews","24":"tag-media-viestinta","25":"tag-news","26":"tag-otsikot","27":"tag-paauutiset","28":"tag-raskas-liikenne","29":"tag-suomi","30":"tag-top-stories","31":"tag-topstories","32":"tag-uutiset"},"share_on_mastodon":{"url":"","error":""},"_links":{"self":[{"href":"https:\/\/www.europesays.com\/fi\/wp-json\/wp\/v2\/posts\/14311","targetHints":{"allow":["GET"]}}],"collection":[{"href":"https:\/\/www.europesays.com\/fi\/wp-json\/wp\/v2\/posts"}],"about":[{"href":"https:\/\/www.europesays.com\/fi\/wp-json\/wp\/v2\/types\/post"}],"author":[{"embeddable":true,"href":"https:\/\/www.europesays.com\/fi\/wp-json\/wp\/v2\/users\/2"}],"replies":[{"embeddable":true,"href":"https:\/\/www.europesays.com\/fi\/wp-json\/wp\/v2\/comments?post=14311"}],"version-history":[{"count":0,"href":"https:\/\/www.europesays.com\/fi\/wp-json\/wp\/v2\/posts\/14311\/revisions"}],"wp:featuredmedia":[{"embeddable":true,"href":"https:\/\/www.europesays.com\/fi\/wp-json\/wp\/v2\/media\/14312"}],"wp:attachment":[{"href":"https:\/\/www.europesays.com\/fi\/wp-json\/wp\/v2\/media?parent=14311"}],"wp:term":[{"taxonomy":"category","embeddable":true,"href":"https:\/\/www.europesays.com\/fi\/wp-json\/wp\/v2\/categories?post=14311"},{"taxonomy":"post_tag","embeddable":true,"href":"https:\/\/www.europesays.com\/fi\/wp-json\/wp\/v2\/tags?post=14311"}],"curies":[{"name":"wp","href":"https:\/\/api.w.org\/{rel}","templated":true}]}}