{"id":143112,"date":"2026-01-15T14:14:07","date_gmt":"2026-01-15T14:14:07","guid":{"rendered":"https:\/\/www.europesays.com\/fi\/143112\/"},"modified":"2026-01-15T14:14:07","modified_gmt":"2026-01-15T14:14:07","slug":"valtteri-lipiainen-ja-aleksi-anttalainen-jatkavat-porin-assissa","status":"publish","type":"post","link":"https:\/\/www.europesays.com\/fi\/143112\/","title":{"rendered":"Valtteri Lipi\u00e4inen ja Aleksi Anttalainen jatkavat Porin \u00c4ssiss\u00e4"},"content":{"rendered":"<p>Sopimukset ovat kaksivuotisia.<\/p>\n<p class=\"article-body mb-nof-24 px-nof-16\">Hy\u00f6kk\u00e4\u00e4j\u00e4 <a class=\"font-bold underline-offset-[0.12em] [text-decoration:var(--person-link-text-decoration)] ![text-decoration-color:var(--person-link-text-decoration-color)]\" href=\"https:\/\/www.is.fi\/haku\/?query=Valtteri%20Lipi%C3%A4inen\" rel=\"nofollow noopener\" target=\"_blank\">Valtteri Lipi\u00e4inen<\/a> jatkaa Porin \u00c4ssiss\u00e4. Seura tiedotti kaksivuotisesta jatkosopimuksesta torstaina.<\/p>\n<p class=\"article-body mb-nof-24 px-nof-16\">27-vuotias Lipi\u00e4inen pelaa \u00c4ssiss\u00e4 toista kauttaan. H\u00e4n l\u00f6i l\u00e4pi SaiPan paidassa aiemmin.<\/p>\n<p class=\"article-body mb-nof-24 px-nof-16\">Kuluvalla kaudella 38:ssa SM-liigan ottelussa on syntynyt 15 (7+8) tehopistett\u00e4.<\/p>\n<p class=\"article-body mb-nof-24 px-nof-16\">\u2013 Todella mielell\u00e4ni jatkan t\u00e4\u00e4ll\u00e4. Pori on tosi hyv\u00e4 paikka pelata l\u00e4tk\u00e4\u00e4. Jengi\u00e4 kiinnostaa, hallissa k\u00e4y paljon v\u00e4ke\u00e4 ja peleiss\u00e4 on hyv\u00e4 tunnelma, Lipi\u00e4inen sanoo tiedotteessa.<\/p>\n<p class=\"article-body mb-nof-24 px-nof-16\">\u2013 Tulevaisuudessa tavoitteenani on olla joukkueen k\u00e4rkipelaajia.<\/p>\n<p class=\"article-body mb-nof-24 px-nof-16\">Urheilujohtaja <a class=\"font-bold underline-offset-[0.12em] [text-decoration:var(--person-link-text-decoration)] ![text-decoration-color:var(--person-link-text-decoration-color)]\" href=\"https:\/\/www.is.fi\/haku\/?query=Jarno%20Kultasen\" rel=\"nofollow noopener\" target=\"_blank\">Jarno Kultasen<\/a> mukaan Lipi\u00e4inen on vahva luistelija, joka kuuluu \u00c4ssien runkopelaajiin.<\/p>\n<p class=\"article-body mb-nof-24 px-nof-16\">\u00c4ssien ensi kauden joukkue sai toisenkin kiinnityksen t\u00e4ll\u00e4 viikolla. My\u00f6s <a class=\"font-bold underline-offset-[0.12em] [text-decoration:var(--person-link-text-decoration)] ![text-decoration-color:var(--person-link-text-decoration-color)]\" href=\"https:\/\/www.is.fi\/haku\/?query=Aleksi%20Anttalainen\" rel=\"nofollow noopener\" target=\"_blank\">Aleksi Anttalainen<\/a> solmi kahden vuoden jatkosopimuksen.<\/p>\n<p class=\"article-body mb-nof-24 px-nof-16\">J\u00e4m\u00e4kk\u00e4 puolustaja on pelannut t\u00e4ll\u00e4 kaudella 16 ottelua tehoin 3+4.<\/p>\n<p class=\"article-body mb-nof-24 px-nof-16\">H\u00e4n siirtyi \u00c4ssiin koeajan kautta edelliskaudella.<\/p>\n<p class=\"article-body mb-nof-24 px-nof-16\">\u2013 Muistan kun saavuin t\u00e4nne, niin ainoa tavoitteeni oli saada pelipaikka \u00c4ssist\u00e4. Olen pystynyt ottamaan t\u00e4\u00e4ll\u00e4 askeleita eteenp\u00e4in ja olen saanut tasaisuutta pelaamiseen.<\/p>\n<p class=\"article-body mb-nof-24 px-nof-16\">\u2013 Maajoukkuepaikka on unelmana ja kovana tavoitteena tuleville vuosille, 26-vuotias Anttalainen kommentoi tiedotteessa.<\/p>\n<p class=\"article-body mb-nof-24 px-nof-16\"><a class=\"font-bold underline-offset-[0.12em] [text-decoration:var(--person-link-text-decoration)] ![text-decoration-color:var(--person-link-text-decoration-color)]\" href=\"https:\/\/www.is.fi\/haku\/?query=Jarno%20Pikkaraisen\" rel=\"nofollow noopener\" target=\"_blank\">Jarno Pikkaraisen<\/a> valmentama \u00c4ss\u00e4t aloitti kauden v\u00e4kev\u00e4sti ja keikkui sarjan k\u00e4rjess\u00e4 syksyll\u00e4. Nyt joukkue on sarjataulukossa kahdeksantena.<\/p>\n","protected":false},"excerpt":{"rendered":"Sopimukset ovat kaksivuotisia. Hy\u00f6kk\u00e4\u00e4j\u00e4 Valtteri Lipi\u00e4inen jatkaa Porin \u00c4ssiss\u00e4. Seura tiedotti kaksivuotisesta jatkosopimuksesta torstaina. 27-vuotias Lipi\u00e4inen pelaa \u00c4ssiss\u00e4&hellip;\n","protected":false},"author":2,"featured_media":143113,"comment_status":"","ping_status":"","sticky":false,"template":"","format":"standard","meta":{"footnotes":""},"categories":[158],"tags":[33,31,30,34,159,32,160],"class_list":{"0":"post-143112","1":"post","2":"type-post","3":"status-publish","4":"format-standard","5":"has-post-thumbnail","7":"category-urheilu","8":"tag-fi","9":"tag-finland","10":"tag-finnish","11":"tag-ilta-sanomat","12":"tag-sports","13":"tag-suomi","14":"tag-urheilu"},"share_on_mastodon":{"url":"https:\/\/pubeurope.com\/@fi\/115899535479273025","error":""},"_links":{"self":[{"href":"https:\/\/www.europesays.com\/fi\/wp-json\/wp\/v2\/posts\/143112","targetHints":{"allow":["GET"]}}],"collection":[{"href":"https:\/\/www.europesays.com\/fi\/wp-json\/wp\/v2\/posts"}],"about":[{"href":"https:\/\/www.europesays.com\/fi\/wp-json\/wp\/v2\/types\/post"}],"author":[{"embeddable":true,"href":"https:\/\/www.europesays.com\/fi\/wp-json\/wp\/v2\/users\/2"}],"replies":[{"embeddable":true,"href":"https:\/\/www.europesays.com\/fi\/wp-json\/wp\/v2\/comments?post=143112"}],"version-history":[{"count":0,"href":"https:\/\/www.europesays.com\/fi\/wp-json\/wp\/v2\/posts\/143112\/revisions"}],"wp:featuredmedia":[{"embeddable":true,"href":"https:\/\/www.europesays.com\/fi\/wp-json\/wp\/v2\/media\/143113"}],"wp:attachment":[{"href":"https:\/\/www.europesays.com\/fi\/wp-json\/wp\/v2\/media?parent=143112"}],"wp:term":[{"taxonomy":"category","embeddable":true,"href":"https:\/\/www.europesays.com\/fi\/wp-json\/wp\/v2\/categories?post=143112"},{"taxonomy":"post_tag","embeddable":true,"href":"https:\/\/www.europesays.com\/fi\/wp-json\/wp\/v2\/tags?post=143112"}],"curies":[{"name":"wp","href":"https:\/\/api.w.org\/{rel}","templated":true}]}}