{"id":143114,"date":"2026-01-15T14:15:10","date_gmt":"2026-01-15T14:15:10","guid":{"rendered":"https:\/\/www.europesays.com\/fi\/143114\/"},"modified":"2026-01-15T14:15:10","modified_gmt":"2026-01-15T14:15:10","slug":"huhu-ikea-kassista-sai-ruotsin-hevospiirit-takajaloilleen-nain-ikea-vastaa","status":"publish","type":"post","link":"https:\/\/www.europesays.com\/fi\/143114\/","title":{"rendered":"Huhu Ikea-kassista sai Ruotsin hevospiirit takajaloilleen \u2013 N\u00e4in Ikea vastaa"},"content":{"rendered":"<p>Huhu Ikean sinisen kassin poistumisesta sai erityisesti hevosharrastajat huolestumaan.<\/p>\n<p><img decoding=\"async\" class=\"image image-show image-preview\" src=\"https:\/\/www.europesays.com\/fi\/wp-content\/uploads\/2026\/01\/c26111fbb272b7dda9c725905ff89b53349c4ef0d32bc0c00384cb6e86dbbfd8.jpg\" alt=\"\"\/><img decoding=\"async\" class=\"image image-show\" src=\"https:\/\/www.europesays.com\/fi\/wp-content\/uploads\/2026\/01\/1768486510_296_c26111fbb272b7dda9c725905ff89b53349c4ef0d32bc0c00384cb6e86dbbfd8.jpg\" alt=\"\"\/><\/p>\n<p>Kuvakaappaus Ikea.se-sivustolta, jolla kassin yhteydess\u00e4 on teksti &#8221;utg\u00e5r inom kort&#8221; eli &#8221;poistuu valikoimasta&#8221;. Kuvakaappaus\/Ikea<\/p>\n<p class=\"paragraph\">Ruotsalainen <a href=\"https:\/\/www.aftonbladet.se\/nyheter\/a\/2pdy2R\/klassiska-kassens-framtid-oklar-mycket-hastfolk\" target=\"_blank\" rel=\"noopener nofollow\">Aftonbladet<\/a> uutisoi t\u00e4n\u00e4\u00e4n Ikean klassikkotuotteen aseman saavuttaneen sinisen Frakta-kassin tulevaisuuden olevan ep\u00e4varma. Ruotsalaisen Ikea.se-nettisivuston mukaan kassi on poistumassa valikoimasta.<\/p>\n<p class=\"paragraph\">Huhu on kuitenkin aiheeton. Ikea julkaisi aiheesta tiedotteen.<\/p>\n<p class=\"paragraph\">\u2013 Ikonista Frakta-kassia ei poisteta valikoimastamme. Voimme vakuuttaa asiakkaillemme, ett\u00e4 Frakta on tullut j\u00e4\u00e4d\u00e4kseen, ja huhtikuussa lanseeraamme p\u00e4ivitetyn version Frakta-kassista. Siksi n\u00e4ytt\u00e4\u00e4 silt\u00e4, ett\u00e4 se olisi poistumassa valikoimasta, tiedotteessa kerrotaan.<\/p>\n<p class=\"paragraph\">My\u00f6s Ikean Suomen-viestint\u00e4 vahvisti asian Iltalehdelle.<\/p>\n<p class=\"paragraph\">Aftonbladet ei kuitenkaan saanut tietoa siit\u00e4, millaisia muutoksia kassiin on tulossa.<\/p>\n<p class=\"paragraph\">Aftonbladetin jutun mukaan huhun takia huolestuivat etenkin hevosten omistajat, sill\u00e4 kassia k\u00e4ytet\u00e4\u00e4n yleisesti talleilla hein\u00e4n kuljettamiseen. Iltalehden tietojen mukaan my\u00f6s Suomessa Ikea-kassi on yleinen n\u00e4ky talleilla heinien kuljettamisk\u00e4yt\u00f6ss\u00e4.<\/p>\n<p class=\"paragraph\">Ikea-museo kertoo, ett\u00e4 Frakta-kassi on tullut markkinoille 1980-luvulla. Alkuper\u00e4inen kassi oli keltainen ja sit\u00e4 k\u00e4ytettiin vain tavaratalossa asioidessa. Vuonna 1996 lanseerattiin kestokassin sininen versio, jonka saattoi ostaa kotiin.<\/p>\n<p class=\"paragraph\">Juttua muokattu 15.1.2026 kello 13:08. Lis\u00e4tty tieto Suomen-viestinn\u00e4n vahvistuksesta.<\/p>\n","protected":false},"excerpt":{"rendered":"Huhu Ikean sinisen kassin poistumisesta sai erityisesti hevosharrastajat huolestumaan. Kuvakaappaus Ikea.se-sivustolta, jolla kassin yhteydess\u00e4 on teksti &#8221;utg\u00e5r inom&hellip;\n","protected":false},"author":2,"featured_media":143115,"comment_status":"","ping_status":"","sticky":false,"template":"","format":"standard","meta":{"footnotes":""},"categories":[130],"tags":[404,2110,137,33,31,30,898,3187,1390,3004,32,109],"class_list":{"0":"post-143114","1":"post","2":"type-post","3":"status-publish","4":"format-standard","5":"has-post-thumbnail","7":"category-viihde","8":"tag-elaimet","9":"tag-elamantapa-ja-vapaa-aika","10":"tag-entertainment","11":"tag-fi","12":"tag-finland","13":"tag-finnish","14":"tag-kulutustavarat","15":"tag-kulutustavarat-ja-palvelut-sektori","16":"tag-kuukausi","17":"tag-liiketoiminta","18":"tag-suomi","19":"tag-viihde"},"share_on_mastodon":{"url":"https:\/\/pubeurope.com\/@fi\/115899539357208926","error":""},"_links":{"self":[{"href":"https:\/\/www.europesays.com\/fi\/wp-json\/wp\/v2\/posts\/143114","targetHints":{"allow":["GET"]}}],"collection":[{"href":"https:\/\/www.europesays.com\/fi\/wp-json\/wp\/v2\/posts"}],"about":[{"href":"https:\/\/www.europesays.com\/fi\/wp-json\/wp\/v2\/types\/post"}],"author":[{"embeddable":true,"href":"https:\/\/www.europesays.com\/fi\/wp-json\/wp\/v2\/users\/2"}],"replies":[{"embeddable":true,"href":"https:\/\/www.europesays.com\/fi\/wp-json\/wp\/v2\/comments?post=143114"}],"version-history":[{"count":0,"href":"https:\/\/www.europesays.com\/fi\/wp-json\/wp\/v2\/posts\/143114\/revisions"}],"wp:featuredmedia":[{"embeddable":true,"href":"https:\/\/www.europesays.com\/fi\/wp-json\/wp\/v2\/media\/143115"}],"wp:attachment":[{"href":"https:\/\/www.europesays.com\/fi\/wp-json\/wp\/v2\/media?parent=143114"}],"wp:term":[{"taxonomy":"category","embeddable":true,"href":"https:\/\/www.europesays.com\/fi\/wp-json\/wp\/v2\/categories?post=143114"},{"taxonomy":"post_tag","embeddable":true,"href":"https:\/\/www.europesays.com\/fi\/wp-json\/wp\/v2\/tags?post=143114"}],"curies":[{"name":"wp","href":"https:\/\/api.w.org\/{rel}","templated":true}]}}