{"id":143116,"date":"2026-01-15T14:18:11","date_gmt":"2026-01-15T14:18:11","guid":{"rendered":"https:\/\/www.europesays.com\/fi\/143116\/"},"modified":"2026-01-15T14:18:11","modified_gmt":"2026-01-15T14:18:11","slug":"antibioottien-kaytto-yhdistyi-ahdistusoireisiin-syy-loytyy-suolistosta","status":"publish","type":"post","link":"https:\/\/www.europesays.com\/fi\/143116\/","title":{"rendered":"Antibioottien k\u00e4ytt\u00f6 yhdistyi ahdistusoireisiin \u2013 syy l\u00f6ytyy suolistosta"},"content":{"rendered":"<p class=\"is-style-dropcap\">Antibiootit ovat tehokkaimpia l\u00e4\u00e4kkeit\u00e4 bakteeri-infektioiden hoidossa, mutta niiden runsas ja tarpeeton k\u00e4ytt\u00f6 voi vaikuttaa my\u00f6s mielenterveyteen. Uusi tutkimus viittaa siihen, ett\u00e4 antibiootit voivat vaurioittaa suoliston mikrobistoa tavalla, joka lis\u00e4\u00e4 ahdistuneisuutta ja mielialah\u00e4iri\u00f6iden riski\u00e4.<\/p>\n<p>Suolistossa el\u00e4v\u00e4t bakteerit ja muut mikro-organismit osallistuvat ruoansulatuksen lis\u00e4ksi viestint\u00e4\u00e4n aivojen kanssa niin sanotun suoli\u2013aivoakselin kautta. Viimeaikaiset tutkimukset ovat osoittaneet, ett\u00e4 osa suolistobakteereista v\u00e4hent\u00e4\u00e4 tulehdusta ja tukee aivojen normaalia toimintaa.<\/p>\n<p>Kiinalaisen Chongqingin l\u00e4\u00e4ketieteellisen yliopiston sairaalan tutkijat selvittiv\u00e4t, voiko antibioottien vaikutus suolistobakteereihin edist\u00e4\u00e4 mielenterveysh\u00e4iri\u00f6iden, erityisesti ahdistuneisuuden, kehittymist\u00e4. <a href=\"https:\/\/dx.doi.org\/10.1038\/s41380-025-03431-0\" rel=\"nofollow noopener\" target=\"_blank\">Molecular Psychiatry -lehdess\u00e4<\/a> julkaistun tutkimuksen mukaan antibiootit vaurioittavat mielialaa s\u00e4\u00e4televi\u00e4 bakteereita ja niiden k\u00e4ytt\u00f6 liittyy kohonneeseen ahdistuneisuuteen.<\/p>\n<p>\u201dAntibiootteja k\u00e4ytet\u00e4\u00e4n l\u00e4\u00e4ketieteess\u00e4 laajalti v\u00e4\u00e4rin, ja ne voivat olla mielenterveyden riskitekij\u00e4. Ymm\u00e4rt\u00e4\u00e4ksemme niiden vaikutuksia paremmin tarkkailimme mielenterveyden h\u00e4iri\u00f6ihin viittaavia oireita antibiooteilla hoidetuilla hiirill\u00e4 ja potilailla sek\u00e4 selvitimme mahdollisia mekanismeja\u201d, tutkijat kirjoittavat.<\/p>\n<p>Tutkimuksessa tehtiin kokeita sek\u00e4 aikuisilla hiirill\u00e4 ett\u00e4 ihmisill\u00e4. Ensimm\u00e4isess\u00e4 vaiheessa hiirille annettiin antibiootteja. T\u00e4m\u00e4n j\u00e4lkeen niiden k\u00e4ytt\u00e4ytymist\u00e4 ja ulosteen mikrobistoa verrattiin hiiriin, jotka eiv\u00e4t saaneet antibiootteja.<\/p>\n<p>\u201dAntibiooteilla hoidetuilla hiirill\u00e4 havaitsimme selkeit\u00e4 ahdistuneisuutta muistuttavia k\u00e4ytt\u00e4ytymismalleja sek\u00e4 muutoksia suoliston mikrobistossa (erityisesti Firmicutes\u2013 ja Bacteroidota), lyhytketjuisten rasvahappojen v\u00e4henemist\u00e4 ja h\u00e4iri\u00f6it\u00e4 suoli\u2013aivo-lipidimetaboliassa. Asetyylikoliinin m\u00e4\u00e4r\u00e4 v\u00e4heni ulosteessa, paksusuolen sein\u00e4m\u00e4ss\u00e4, seerumissa ja hippokampuksessa, ja t\u00e4m\u00e4 v\u00e4heneminen korreloi merkitt\u00e4v\u00e4sti ahdistuneisuutta muistuttavan k\u00e4ytt\u00e4ytymisen kanssa\u201d, tutkijat kirjoittivat.<\/p>\n<p>Seuraavaksi tutkijat ker\u00e4siv\u00e4t uloste- ja verin\u00e4ytteit\u00e4 kolmelta ihmisryhm\u00e4lt\u00e4 ja kartoittivat samalla koettua ahdistuneisuutta. Yhteen ryhm\u00e4\u00e4n kuuluivat \u00e4skett\u00e4in antibiootteja k\u00e4ytt\u00e4neet potilaat, toiseen potilaat, jotka eiv\u00e4t olleet koskaan k\u00e4ytt\u00e4neet antibiootteja, ja kolmanteen terveet verrokit.<\/p>\n<p>\u201dHavaitsimme my\u00f6s selvi\u00e4 ahdistusoireita antibioottihoitoa saaneilla potilailla sek\u00e4 erilaista suoliston mikrobistoa (p\u00e4\u00e4asiassa Firmicutes-bakteerit), lyhytketjuisten rasvahappojen v\u00e4henemist\u00e4 ja h\u00e4iriintynytt\u00e4 lipidiaineenvaihduntaa ulosteessa ja seerumissa\u201d, kirjoittajat kirjoittivat. \u201dAntibioottihoitoa saaneiden potilaiden seerumin ja ulosteen asetyylikoliinitasot olivat johdonmukaisesti alhaisemmat, mik\u00e4 korreloi voimakkaasti ahdistusoireiden kanssa.\u201d<\/p>\n<p>Analyysien perusteella antibioottien k\u00e4ytt\u00f6 liittyi hiirill\u00e4 ahdistuneisuutta muistuttavaan k\u00e4ytt\u00e4ytymiseen ja ihmisill\u00e4 korkeampaan ahdistuneisuuteen. Samalla antibiootit v\u00e4hensiv\u00e4t hy\u00f6dyllisten suolistobakteerien, erityisesti Bacteroides-suvun, m\u00e4\u00e4r\u00e4\u00e4.<\/p>\n<p>Lis\u00e4ksi tutkijat havaitsivat yhteyden antibioottien k\u00e4yt\u00f6n ja asetyylikoliinin v\u00e4henemisen v\u00e4lill\u00e4. Asetyylikoliini on t\u00e4rke\u00e4 hermoston v\u00e4litt\u00e4j\u00e4aine, joka tukee hermosolujen v\u00e4list\u00e4 viestint\u00e4\u00e4. Sek\u00e4 hiirill\u00e4 ett\u00e4 ihmisill\u00e4, jotka olivat saaneet antibiootteja, sen tasot olivat matalampia suolistossa ja aivoissa kuin verrokeilla.<\/p>\n<p>\u201dSek\u00e4 antibiooteilla hoidetuilla hiirill\u00e4 ett\u00e4 potilailla yhteisesiintyvyysanalyysi osoitti, ett\u00e4 Bacteroides\u2013asetyylikoliini-parilla voi olla keskeinen rooli antibioottien aiheuttamassa ahdistuneisuudessa\u201d, tutkijat kirjoittivat.<\/p>\n<p>\u201dLajitasolla Bacteroides caecimuris antibiooteilla hoidetuilla hiirill\u00e4 ja Bacteroides plebeius antibiooteilla hoidetuilla potilailla v\u00e4heniv\u00e4t molemmat ja korreloivat merkitsev\u00e4sti asetyylikoliinin kanssa. Lis\u00e4ksi ulkoinen metakoliinihoito (asetyylikoliinin johdannainen) lievitti tehokkaasti ahdistuneisuutta muistuttavaa k\u00e4ytt\u00e4ytymist\u00e4 ja vaimensi hippokampuksen mikroglia-solujen aktiivisuutta antibiooteilla hoidetuilla hiirill\u00e4.\u201d<\/p>\n<p>Tutkimuksen perusteella antibioottien runsas k\u00e4ytt\u00f6 ei ainoastaan muuta suoliston mikrobistoa, vaan voi my\u00f6s lis\u00e4t\u00e4 ahdistuneisuutta ja heikent\u00e4\u00e4 mielenterveytt\u00e4. Tulevissa lis\u00e4tutkimuksissa voitaisiin tutkia esimerkiksi tarkemmin antibioottien vaikutusta mielenterveyteen ja selvitt\u00e4\u00e4 keinoja tasapainottaa suoliston mikrobistoa antibioottihoitojen j\u00e4lkeen.<\/p>\n<p>\u201dTuloksemme korostavat aggressiivisen antibioottihoidon haitallisia vaikutuksia mielialaan ja osoittavat asetyylikoliinin tai sen johdannaisten mahdollisuuden k\u00e4\u00e4nt\u00e4\u00e4 t\u00e4m\u00e4 vaikutus\u201d, tutkijat lis\u00e4siv\u00e4t.<\/p>\n<p>Tutkimuksesta kertoi <a href=\"https:\/\/medicalxpress.com\/news\/2026-01-aggressive-antibiotics-fuel-mood-disorders.html\" rel=\"nofollow noopener\" target=\"_blank\">Medical Xpress<\/a>.<\/p>\n<p>Tilaa Tekniikan Maailman uutiskirjeet<\/p>\n<p class=\"has-text-align-center\">Tilaa TM-uutiskirje, niin pysyt ajan tasalla autoalan, teknologian ja tieteen uutisista! <\/p>\n","protected":false},"excerpt":{"rendered":"Antibiootit ovat tehokkaimpia l\u00e4\u00e4kkeit\u00e4 bakteeri-infektioiden hoidossa, mutta niiden runsas ja tarpeeton k\u00e4ytt\u00f6 voi vaikuttaa my\u00f6s mielenterveyteen. Uusi tutkimus&hellip;\n","protected":false},"author":2,"featured_media":143117,"comment_status":"","ping_status":"","sticky":false,"template":"","format":"standard","meta":{"footnotes":""},"categories":[76],"tags":[3267,79,77,33,31,30,1346,3968,32,78],"class_list":{"0":"post-143116","1":"post","2":"type-post","3":"status-publish","4":"format-standard","5":"has-post-thumbnail","7":"category-talous","8":"tag-antibiootit","9":"tag-business","10":"tag-economy","11":"tag-fi","12":"tag-finland","13":"tag-finnish","14":"tag-mielenterveys","15":"tag-suolisto","16":"tag-suomi","17":"tag-talous"},"share_on_mastodon":{"url":"https:\/\/pubeurope.com\/@fi\/115899551155673812","error":""},"_links":{"self":[{"href":"https:\/\/www.europesays.com\/fi\/wp-json\/wp\/v2\/posts\/143116","targetHints":{"allow":["GET"]}}],"collection":[{"href":"https:\/\/www.europesays.com\/fi\/wp-json\/wp\/v2\/posts"}],"about":[{"href":"https:\/\/www.europesays.com\/fi\/wp-json\/wp\/v2\/types\/post"}],"author":[{"embeddable":true,"href":"https:\/\/www.europesays.com\/fi\/wp-json\/wp\/v2\/users\/2"}],"replies":[{"embeddable":true,"href":"https:\/\/www.europesays.com\/fi\/wp-json\/wp\/v2\/comments?post=143116"}],"version-history":[{"count":0,"href":"https:\/\/www.europesays.com\/fi\/wp-json\/wp\/v2\/posts\/143116\/revisions"}],"wp:featuredmedia":[{"embeddable":true,"href":"https:\/\/www.europesays.com\/fi\/wp-json\/wp\/v2\/media\/143117"}],"wp:attachment":[{"href":"https:\/\/www.europesays.com\/fi\/wp-json\/wp\/v2\/media?parent=143116"}],"wp:term":[{"taxonomy":"category","embeddable":true,"href":"https:\/\/www.europesays.com\/fi\/wp-json\/wp\/v2\/categories?post=143116"},{"taxonomy":"post_tag","embeddable":true,"href":"https:\/\/www.europesays.com\/fi\/wp-json\/wp\/v2\/tags?post=143116"}],"curies":[{"name":"wp","href":"https:\/\/api.w.org\/{rel}","templated":true}]}}