{"id":143120,"date":"2026-01-15T14:20:09","date_gmt":"2026-01-15T14:20:09","guid":{"rendered":"https:\/\/www.europesays.com\/fi\/143120\/"},"modified":"2026-01-15T14:20:09","modified_gmt":"2026-01-15T14:20:09","slug":"salibandy-yli-2-000-koululaista-tuli-salibandyotteluun-keskella-paivaa","status":"publish","type":"post","link":"https:\/\/www.europesays.com\/fi\/143120\/","title":{"rendered":"Salibandy: Yli 2 000 koululaista tuli salibandyotteluun keskell\u00e4 p\u00e4iv\u00e4\u00e4"},"content":{"rendered":"<p>Vantaa|Vantaalla pelattu koululaispeli oli suurmenestys. Sek\u00e4 pelaajat ett\u00e4 luokkansa otteluun tuonut opettaja kehuivat tapahtumaa vuolaasti.<\/p>\n<p class=\"article-body mb-nof-24 px-nof-16\">Miesten F-liigassa pelattiin torstaina liigaottelu sangen eksoottiseen aikaan. Helsinkil\u00e4isen Er\u00e4viikinkien ja Espoon Oilersin ottelu Vantaan Energia-areenalla alkoi kello 11.30.<\/p>\n<p class=\"article-body mb-nof-24 px-nof-16\">\u201dHyv\u00e4 ett\u00e4 olin ehtinyt aamupalan sy\u00f6m\u00e4\u00e4n, kun piti jo l\u00e4hte\u00e4\u201d, Oilersin <a class=\"font-bold underline-offset-[0.12em] [text-decoration:var(--person-link-text-decoration)] ![text-decoration-color:var(--person-link-text-decoration-color)]\" href=\"https:\/\/www.hs.fi\/haku\/?query=Eetu%20Sorvali\" rel=\"nofollow noopener\" target=\"_blank\">Eetu Sorvali<\/a> naurahti.<\/p>\n<p class=\"article-body mb-nof-24 px-nof-16\">Kyse oli koululaispelist\u00e4. Er\u00e4viikingit oli jakanut 2\u202f000 lippua kouluihin. Lumisena talvip\u00e4iv\u00e4n\u00e4 Myyrm\u00e4keen oli saapunut 2\u202f190 katsojaa. Se on F-liigan t\u00e4m\u00e4n kauden ylivoimaisesti suurin yleis\u00f6m\u00e4\u00e4r\u00e4.<\/p>\n<p class=\"article-body mb-nof-24 px-nof-16\">Komea yleis\u00f6m\u00e4\u00e4r\u00e4 n\u00e4kyi ja tuntui my\u00f6s itse ottelussa, jonka Oilers voitti dramaattisten vaiheiden j\u00e4lkeen 8\u20137. Ensimm\u00e4isell\u00e4 er\u00e4tauolla hallin k\u00e4yt\u00e4v\u00e4t olivat tupaten t\u00e4ynn\u00e4 peruskoululaisia. Onnenpy\u00f6r\u00e4\u00e4n oli kymmenien metrien jono.<\/p>\n<p><img decoding=\"async\" src=\"https:\/\/www.europesays.com\/fi\/wp-content\/uploads\/2026\/01\/1768486808_917_468.jpg\" alt=\"Therese Biskop Vantaan kaupungilta piti lapsille onnenpy\u00f6r\u00e4\u00e4. Siell\u00e4 riitti tungosta\" class=\"_Img_1rerz_1\" style=\"aspect-ratio:1.5011727912431587\" loading=\"eager\"\/><\/p>\n<p class=\"article-picture-caption\">Therese Biskop Vantaan kaupungilta piti lapsille onnenpy\u00f6r\u00e4\u00e4. Siell\u00e4 riitti tungosta Kuva:\u00a0Kimmo R\u00e4is\u00e4nen<\/p>\n<p class=\"article-body mb-nof-24 px-nof-16\">Kankarepuiston koulussa kuudetta luokkaa opettava <a class=\"font-bold underline-offset-[0.12em] [text-decoration:var(--person-link-text-decoration)] ![text-decoration-color:var(--person-link-text-decoration-color)]\" href=\"https:\/\/www.hs.fi\/haku\/?query=Asko%20Santero\" rel=\"nofollow noopener\" target=\"_blank\">Asko Santero<\/a> havahtui koululaispelist\u00e4 s\u00e4hk\u00f6postilistan kautta ja toi luokkansa Myyrm\u00e4keen.<\/p>\n<p class=\"article-body mb-nof-24 px-nof-16\">\u201dT\u00e4ll\u00e4 luokalla ei hirve\u00e4sti ole salibandyn harrastajia. Ihan pari vain. Monelle t\u00e4m\u00e4 oli ensimm\u00e4inen mahdollisuus t\u00e4llaista peli\u00e4. P\u00e4\u00e4tettiin ottaa siit\u00e4 kiinni\u201d, Santero kertoo.<\/p>\n<p class=\"article-body mb-nof-24 px-nof-16\">Kun Santero kertoi oppilaille tulevasta salibandyretkest\u00e4, lasten reaktiot jakautuivat.<\/p>\n<p class=\"article-body mb-nof-24 px-nof-16\">\u201dOsa kysyi, mit\u00e4 on salibandy ja osa totesi ett\u00e4 kiva. Retket on aina kivoja. Se on p\u00e4\u00e4asia.\u201d<\/p>\n<p class=\"article-body mb-nof-24 px-nof-16\">Energia-areenan kaikki katsomot olivat k\u00e4yt\u00f6ss\u00e4, ja jokaisessa piisasi v\u00e4ke\u00e4. Valtaosa katsojista oli peruskoululaisia. Tunnelmaa lis\u00e4si entisest\u00e4\u00e4n pahviset l\u00e4psyttimet, joita Er\u00e4viikingit oli asettanut jokaiselle penkille.<\/p>\n<p class=\"article-body mb-nof-24 px-nof-16\">\u201dTodella hyv\u00e4 tapahtuma\u201d, Santero kehuu.<\/p>\n<p class=\"article-body mb-nof-24 px-nof-16\">\u201dLapset ovat todella hyvin mukana peliss\u00e4. He ovat jopa armottomampia kannustajia, tulee buuauksia kun vastustaja tekee maalin ja sitten osataan kannustaa omia\u201d, luokanopettaja kuvailee.<\/p>\n<p class=\"article-body mb-nof-24 px-nof-16\">Koululaispeli oli suurmenestys viime vuoden tapaan. Silloin yleis\u00f6\u00e4 oli 2\u202f347 katsojaa. Ainoastaan kaksi viimeist\u00e4 j\u00e4\u00e4halleissa pelattua finaaliottelua ker\u00e4siv\u00e4t enemm\u00e4n v\u00e4ke\u00e4 lehtereille viime kaudella.<\/p>\n<blockquote class=\"p-[var(--citation-padding)] m-[var(--citation-margin)] border-y-[length:var(--citation-border-width)] border-y-[color:var(--citation-border-color)]\">\n<p>\u201dHyv\u00e4 ett\u00e4 kuulin kent\u00e4ll\u00e4 joukkuekavereiden huutoja. Aiemmin kun t\u00e4\u00e4ll\u00e4 pelasin pelasin, t\u00e4m\u00e4 oli hiirenhiljainen kirkko.\u201d<\/p>\n<\/blockquote>\n<p class=\"article-body mb-nof-24 px-nof-16\">Poikkeuksellinen tapahtuma oli my\u00f6s pelaajien mieleen. Siviilit\u00f6iss\u00e4 k\u00e4yv\u00e4\u00e4 Sorvalia rahtusen harmitti, ett\u00e4 h\u00e4nen piti k\u00e4ytt\u00e4\u00e4 talvilomap\u00e4iv\u00e4 peliin.<\/p>\n<p class=\"article-body mb-nof-24 px-nof-16\">\u201dMutta harvoin p\u00e4\u00e4see n\u00e4in ison yleis\u00f6n eteen pelaamaan. Tunnelma oli hyv\u00e4\u201d, Oilersin hy\u00f6kk\u00e4\u00e4j\u00e4 tuumi.<\/p>\n<p><img decoding=\"async\" src=\"https:\/\/www.europesays.com\/fi\/wp-content\/uploads\/2026\/01\/1768486808_419_468.jpg\" alt=\"Eetu Sorvali (taustalla) viimeisteli Oilersin toisen maalin.\" class=\"_Img_1rerz_1\" style=\"aspect-ratio:1.5011727912431587\" loading=\"eager\"\/><\/p>\n<p class=\"article-picture-caption\">Eetu Sorvali (taustalla) viimeisteli Oilersin toisen maalin. Kuva:\u00a0Kimmo R\u00e4is\u00e4nen<\/p>\n<p class=\"article-body mb-nof-24 px-nof-16\">Sorvali edusti Er\u00e4viikinkej\u00e4 kaksi kautta vuosina 2019\u20132021. Helsinkil\u00e4isseura pelasi silloin kotipelins\u00e4 juuri Energia-areenalla. Yleis\u00f6\u00e4 oli usein muutama sata ja tunnelma uninen. Kontrasti niihin peleihin olikin torstain huutomyrskyss\u00e4 melkoinen.<\/p>\n<p class=\"article-body mb-nof-24 px-nof-16\">\u201dHyv\u00e4 ett\u00e4 kuulin kent\u00e4ll\u00e4 joukkuekavereiden huutoja. Aiemmin kun t\u00e4\u00e4ll\u00e4 pelasin pelasin, t\u00e4m\u00e4 oli hiirenhiljainen kirkko.\u201d<\/p>\n<p class=\"article-body mb-nof-24 px-nof-16\">Miesten F-liiga on k\u00e4rvistellyt koko kauden vedonly\u00f6ntiskandaalin ikeess\u00e4. Tuomiot jaettiin joulukuussa.<\/p>\n<p class=\"article-body mb-nof-24 px-nof-16\">Hyvi\u00e4 uutisia lajista tai sen lippulaivatuotteesta ei ole juuri kuulunut. T\u00e4ss\u00e4 valossa Energia-areenan koululaispeli oli mukava valonpilkahdus.<\/p>\n<p class=\"article-body mb-nof-24 px-nof-16\">\u201dIhan mahtava tapahtuma\u201d, Er\u00e4viikinkien kapteeni <a class=\"font-bold underline-offset-[0.12em] [text-decoration:var(--person-link-text-decoration)] ![text-decoration-color:var(--person-link-text-decoration-color)]\" href=\"https:\/\/www.hs.fi\/haku\/?query=Ilmari%20Aarela\" rel=\"nofollow noopener\" target=\"_blank\">Ilmari Aarela<\/a> tunnelmoi.<\/p>\n<p><img decoding=\"async\" src=\"https:\/\/www.europesays.com\/fi\/wp-content\/uploads\/2026\/01\/1768486809_182_468.jpg\" alt=\"Ilmari Aarela oli fiiliksiss\u00e4 tappiosta huolimatta.\" class=\"_Img_1rerz_1\" style=\"aspect-ratio:1.5011727912431587\" loading=\"eager\"\/><\/p>\n<p class=\"article-picture-caption\">Ilmari Aarela oli fiiliksiss\u00e4 tappiosta huolimatta. Kuva:\u00a0Kimmo R\u00e4is\u00e4nen<\/p>\n<p class=\"article-body mb-nof-24 px-nof-16\">Ennen HS:n haastattelua Aarela oli useamman lapsen fanijoukon piiritt\u00e4m\u00e4n\u00e4 ja jakoi nimmareita.<\/p>\n<p class=\"article-body mb-nof-24 px-nof-16\">\u201dN\u00e4m\u00e4 ovat ainutlaatuisia pelej\u00e4: m\u00f6kki on t\u00e4ynn\u00e4, hyv\u00e4 meteli ja paljon innokkaita faneja. Se ei ehk\u00e4 ole suomalaisessa urheilutapahtumassa perusl\u00e4ht\u00f6kohta.\u201d<\/p>\n<p class=\"article-body mb-nof-24 px-nof-16\">Kent\u00e4ll\u00e4 Er\u00e4viikingit ja Oilers tarjosivat koululaisille huiman n\u00e4ytelm\u00e4n. Kotijoukkue n\u00e4ytti jo menev\u00e4n menojaan toisessa er\u00e4ss\u00e4. Ervi hallitsi kentt\u00e4tapahtumia ja siirtyi tauolle 5\u20132-johdossa.<\/p>\n<p class=\"article-body mb-nof-24 px-nof-16\">Kolmannen er\u00e4n alkuun puolustava Suomen mestari Oilers tuli rymin\u00e4ll\u00e4, nosti pr\u00e4ssi\u00e4\u00e4n ja k\u00e4\u00e4nsi pelin. Se iski kuusi per\u00e4kk\u00e4ist\u00e4 maalia ja johti jo 8\u20135.<\/p>\n<p class=\"article-body mb-nof-24 px-nof-16\">\u201dPainotettiin vaan ett\u00e4 pr\u00e4ssill\u00e4 ne maalit tulee. Kaveriltakin oli aikamoinen sulaminen. Lahjottivat muutaman maalin eteen ja p\u00e4\u00e4stiv\u00e4t ilmaiseksi peliin mukaan\u201d, Sorvali analysoi.<\/p>\n<p class=\"article-body mb-nof-24 px-nof-16\">Er\u00e4viikingit kiri lopussa maalin p\u00e4\u00e4h\u00e4n, mutta pisteet matkasivat Espooseen.<\/p>\n<p class=\"article-body mb-nof-24 px-nof-16\">\u201dHarmi, ett\u00e4 t\u00e4m\u00e4 meni n\u00e4peist\u00e4. Ratkaisut paineen alla eiv\u00e4t olleet laadukkaita ja kaveri p\u00e4\u00e4si rankaisemaan\u201d, Er\u00e4viikinkien Aarela summasi.<\/p>\n<p><img decoding=\"async\" src=\"https:\/\/www.europesays.com\/fi\/wp-content\/uploads\/2026\/01\/1768486809_223_468.jpg\" alt=\"Oilers vei t\u00e4ydet kolme pistett\u00e4 Espooseen.\" class=\"_Img_1rerz_1\" style=\"aspect-ratio:1.5011727912431587\" loading=\"eager\"\/><\/p>\n<p class=\"article-picture-caption\">Oilers vei t\u00e4ydet kolme pistett\u00e4 Espooseen. Kuva:\u00a0Kimmo R\u00e4is\u00e4nen<\/p>\n","protected":false},"excerpt":{"rendered":"Vantaa|Vantaalla pelattu koululaispeli oli suurmenestys. Sek\u00e4 pelaajat ett\u00e4 luokkansa otteluun tuonut opettaja kehuivat tapahtumaa vuolaasti. Miesten F-liigassa pelattiin&hellip;\n","protected":false},"author":2,"featured_media":143121,"comment_status":"","ping_status":"","sticky":false,"template":"","format":"standard","meta":{"footnotes":""},"categories":[12],"tags":[22,23,26,27,33,31,30,17,46,24,25,28,29,15,18,21,32,19,20,16],"class_list":{"0":"post-143120","1":"post","2":"type-post","3":"status-publish","4":"format-standard","5":"has-post-thumbnail","7":"category-suomi","8":"tag-breaking-news","9":"tag-breakingnews","10":"tag-featured-news","11":"tag-featurednews","12":"tag-fi","13":"tag-finland","14":"tag-finnish","15":"tag-headlines","16":"tag-helsingin-sanomat","17":"tag-latest-news","18":"tag-latestnews","19":"tag-main-news","20":"tag-mainnews","21":"tag-news","22":"tag-otsikot","23":"tag-paauutiset","24":"tag-suomi","25":"tag-top-stories","26":"tag-topstories","27":"tag-uutiset"},"share_on_mastodon":{"url":"https:\/\/pubeurope.com\/@fi\/115899559027740946","error":""},"_links":{"self":[{"href":"https:\/\/www.europesays.com\/fi\/wp-json\/wp\/v2\/posts\/143120","targetHints":{"allow":["GET"]}}],"collection":[{"href":"https:\/\/www.europesays.com\/fi\/wp-json\/wp\/v2\/posts"}],"about":[{"href":"https:\/\/www.europesays.com\/fi\/wp-json\/wp\/v2\/types\/post"}],"author":[{"embeddable":true,"href":"https:\/\/www.europesays.com\/fi\/wp-json\/wp\/v2\/users\/2"}],"replies":[{"embeddable":true,"href":"https:\/\/www.europesays.com\/fi\/wp-json\/wp\/v2\/comments?post=143120"}],"version-history":[{"count":0,"href":"https:\/\/www.europesays.com\/fi\/wp-json\/wp\/v2\/posts\/143120\/revisions"}],"wp:featuredmedia":[{"embeddable":true,"href":"https:\/\/www.europesays.com\/fi\/wp-json\/wp\/v2\/media\/143121"}],"wp:attachment":[{"href":"https:\/\/www.europesays.com\/fi\/wp-json\/wp\/v2\/media?parent=143120"}],"wp:term":[{"taxonomy":"category","embeddable":true,"href":"https:\/\/www.europesays.com\/fi\/wp-json\/wp\/v2\/categories?post=143120"},{"taxonomy":"post_tag","embeddable":true,"href":"https:\/\/www.europesays.com\/fi\/wp-json\/wp\/v2\/tags?post=143120"}],"curies":[{"name":"wp","href":"https:\/\/api.w.org\/{rel}","templated":true}]}}