{"id":143124,"date":"2026-01-15T14:33:06","date_gmt":"2026-01-15T14:33:06","guid":{"rendered":"https:\/\/www.europesays.com\/fi\/143124\/"},"modified":"2026-01-15T14:33:06","modified_gmt":"2026-01-15T14:33:06","slug":"nuorisoidoli-zpoppan-rikostausta-paljastui-nyt-puhuu-emma-gaala-ilta-sanomat","status":"publish","type":"post","link":"https:\/\/www.europesays.com\/fi\/143124\/","title":{"rendered":"Nuorisoidoli Zpoppan rikostausta paljastui \u2013 nyt puhuu Emma-gaala &#8211; Ilta-Sanomat"},"content":{"rendered":"<ol>\n<li><a href=\"https:\/\/news.google.com\/rss\/articles\/CBMiW0FVX3lxTFBLRjUxRldQTXFOVkIzYjVVZnZyWVNlSi1faUpmeVdNbUJSN2RUVHIzMElsZ0xOM092VWtlZm92c3VFejFBQjNxN1M5SWF6RERBaDdVQkk3NkZNYW8?oc=5\" target=\"_blank\" rel=\"nofollow noopener\">Nuorisoidoli Zpoppan rikostausta paljastui \u2013 nyt puhuu Emma-gaala<\/a>&nbsp;&nbsp;Ilta-Sanomat<\/li>\n<li><a href=\"https:\/\/news.google.com\/rss\/articles\/CBMigwFBVV95cUxNY2pNb1lBMGp6OXJiYzllZU1BR2xOYzNhZkl5TjMwM3BIZ25xb2dUZjM4WWhqQ3J4ZkRtWVB1Vzk5ekY1Mm45aU91akM3a2NRdmpkUDhJMUN6Yk54TUU4NV9vMVlTdHQ2cnpTYVVVaDhZR1dHZEtsUWkybGt6UVRVb2JNVQ?oc=5\" target=\"_blank\" rel=\"nofollow noopener\">Suosikkir\u00e4pp\u00e4rin synkk\u00e4 tausta: Hakannut useita ihmisi\u00e4 sairaalakuntoon<\/a>&nbsp;&nbsp;Iltalehti<\/li>\n<li><a href=\"https:\/\/news.google.com\/rss\/articles\/CBMiQkFVX3lxTFB0QUFPZU04XzRrWm81cmtXR3ctLXY4dWJtNkUtRWlGbnVNTGRBSHZFMW51UVpKRkRvOERrZGI0S3F1Zw?oc=5\" target=\"_blank\" rel=\"nofollow noopener\">R\u00e4pp\u00e4riveljekset Jore ja Zpoppa eliv\u00e4t l\u00e4hi\u00f6lapsuuden rasismin keskell\u00e4 \u2013 edes n-sana ei en\u00e4\u00e4 hetkauta<\/a>&nbsp;&nbsp;Yle<\/li>\n<li><a href=\"https:\/\/news.google.com\/rss\/articles\/CBMiV0FVX3lxTE00RDNHMzRiMWhpSDQ0c2FYVjJsU3dNNFd6TEpCc0d5dUV3MWs3SHdMWkdQdExNT092ekU1S1RrZGU5ZzA2d2U4SXdVcEpyX3JwZFAyMk42WQ?oc=5\" target=\"_blank\" rel=\"nofollow noopener\">IS: Suositun rapduon rikos\u00adtuo\u00admioilla ei vaikutusta Emma-\u200behdokkuuksiin<\/a>&nbsp;&nbsp;Keskisuomalainen<\/li>\n<li><a href=\"https:\/\/news.google.com\/rss\/articles\/CBMiXkFVX3lxTE9xbktZaFd0bG1SU1JqZXBoWU9LS05UYzFKVUVHamgxRnNiWHh3c2lsREtBRlBJVWxVcUpqemlacVpVSG1yb1JPc1ZSX3BrUTl4MHpuSnliSDJhTG1fU2c?oc=5\" target=\"_blank\" rel=\"nofollow noopener\">Suosikkir\u00e4pp\u00e4ri potki maassa makaavaa miest\u00e4 ja l\u00f6i naista kasvoihin \u2013 nuorisoidolin salattu menneisyys julki<\/a>&nbsp;&nbsp;Ilta-Sanomat<\/li>\n<\/ol>\n","protected":false},"excerpt":{"rendered":"Nuorisoidoli Zpoppan rikostausta paljastui \u2013 nyt puhuu Emma-gaala&nbsp;&nbsp;Ilta-Sanomat Suosikkir\u00e4pp\u00e4rin synkk\u00e4 tausta: Hakannut useita ihmisi\u00e4 sairaalakuntoon&nbsp;&nbsp;Iltalehti R\u00e4pp\u00e4riveljekset Jore ja&hellip;\n","protected":false},"author":2,"featured_media":143125,"comment_status":"","ping_status":"","sticky":false,"template":"","format":"standard","meta":{"footnotes":""},"categories":[136],"tags":[407,137,33,31,30,34,408,32,109],"class_list":{"0":"post-143124","1":"post","2":"type-post","3":"status-publish","4":"format-standard","5":"has-post-thumbnail","7":"category-julkkikset","8":"tag-celebrities","9":"tag-entertainment","10":"tag-fi","11":"tag-finland","12":"tag-finnish","13":"tag-ilta-sanomat","14":"tag-julkkikset","15":"tag-suomi","16":"tag-viihde"},"share_on_mastodon":{"url":"https:\/\/pubeurope.com\/@fi\/115899610047614164","error":""},"_links":{"self":[{"href":"https:\/\/www.europesays.com\/fi\/wp-json\/wp\/v2\/posts\/143124","targetHints":{"allow":["GET"]}}],"collection":[{"href":"https:\/\/www.europesays.com\/fi\/wp-json\/wp\/v2\/posts"}],"about":[{"href":"https:\/\/www.europesays.com\/fi\/wp-json\/wp\/v2\/types\/post"}],"author":[{"embeddable":true,"href":"https:\/\/www.europesays.com\/fi\/wp-json\/wp\/v2\/users\/2"}],"replies":[{"embeddable":true,"href":"https:\/\/www.europesays.com\/fi\/wp-json\/wp\/v2\/comments?post=143124"}],"version-history":[{"count":0,"href":"https:\/\/www.europesays.com\/fi\/wp-json\/wp\/v2\/posts\/143124\/revisions"}],"wp:featuredmedia":[{"embeddable":true,"href":"https:\/\/www.europesays.com\/fi\/wp-json\/wp\/v2\/media\/143125"}],"wp:attachment":[{"href":"https:\/\/www.europesays.com\/fi\/wp-json\/wp\/v2\/media?parent=143124"}],"wp:term":[{"taxonomy":"category","embeddable":true,"href":"https:\/\/www.europesays.com\/fi\/wp-json\/wp\/v2\/categories?post=143124"},{"taxonomy":"post_tag","embeddable":true,"href":"https:\/\/www.europesays.com\/fi\/wp-json\/wp\/v2\/tags?post=143124"}],"curies":[{"name":"wp","href":"https:\/\/api.w.org\/{rel}","templated":true}]}}