{"id":143126,"date":"2026-01-15T14:36:10","date_gmt":"2026-01-15T14:36:10","guid":{"rendered":"https:\/\/www.europesays.com\/fi\/143126\/"},"modified":"2026-01-15T14:36:10","modified_gmt":"2026-01-15T14:36:10","slug":"ella-kanninen-poissa-puoli-seitseman-ohjelmasta-nyt-selvisi-syy","status":"publish","type":"post","link":"https:\/\/www.europesays.com\/fi\/143126\/","title":{"rendered":"Ella Kanninen poissa Puoli seitsem\u00e4n -ohjelmasta \u2013 Nyt selvisi syy"},"content":{"rendered":"<p>Ella Kanninen ei juonna t\u00e4n\u00e4\u00e4n Puoli seitsem\u00e4n -ohjelmaa.<\/p>\n<p><img decoding=\"async\" class=\"image image-show image-preview\" src=\"https:\/\/www.europesays.com\/fi\/wp-content\/uploads\/2026\/01\/1a5668378e8d419353d30057e0faee5037e5941f1466507b007687fbcc9ace6a.jpg\" alt=\"\"\/><img decoding=\"async\" class=\"image image-show\" src=\"https:\/\/www.europesays.com\/fi\/wp-content\/uploads\/2026\/01\/1768487770_511_1a5668378e8d419353d30057e0faee5037e5941f1466507b007687fbcc9ace6a.jpg\" alt=\"\"\/><\/p>\n<p>Ella Kanninen ja Mikko Kek\u00e4l\u00e4inen juontavat Puoli Seitsem\u00e4n -ohjelmaa.  Atte Kajova<\/p>\n<p class=\"paragraph\"><a href=\"https:\/\/www.iltalehti.fi\/henkilot\/Ella Kanninen\" class=\"article-link-person-page\" rel=\"nofollow noopener\" target=\"_blank\">Ella Kanninen<\/a> on ollut t\u00e4ll\u00e4 viikolla pois Puoli seitsem\u00e4n -ohjelmasta, eik\u00e4 juonna t\u00e4n\u00e4\u00e4nk\u00e4\u00e4n ohjelmassa. Syyn\u00e4 on vatsatauti.<\/p>\n<p class=\"paragraph\">Kanninen kertoo asiasta Instagram-tarinoissaan. Tarinat ovat katsottavissa 24 tuntia julkaisustaan.<\/p>\n<p class=\"paragraph\">\u2013 \u00c4rh\u00e4kk\u00e4, mutta onneksi jo hiljalleen v\u00e4istyv\u00e4 vatsatauti kaatoi s\u00e4ngyn pohjalle, Kanninen kirjoittaa.<\/p>\n<p class=\"paragraph\">Kanninen kertoo, ett\u00e4 h\u00e4nt\u00e4 tuuraa illan l\u00e4hetyksess\u00e4 <a href=\"https:\/\/www.iltalehti.fi\/henkilot\/Marja Hintikka\" class=\"article-link-person-page\" rel=\"nofollow noopener\" target=\"_blank\">Marja Hintikka<\/a>.<\/p>\n<p>Marja Hintikka tuuraa Ella Kannista t\u00e4n\u00e4\u00e4n Puoli seitsem\u00e4n -ohjelmassa. Inka Soveri<\/p>\n<p class=\"paragraph\">Puoli Seitsem\u00e4n -ohjelman vieraana n\u00e4hd\u00e4\u00e4n t\u00e4n\u00e4\u00e4n 80 vuotta t\u00e4ytt\u00e4v\u00e4 meikkitaiteilija <strong>Raili Hulkkonen<\/strong>.<\/p>\n<p class=\"paragraph\">Kanninen oli pois ohjelmasta jo eilen ja h\u00e4nt\u00e4 tuurasi <a href=\"https:\/\/www.iltalehti.fi\/henkilot\/Inkeri Alatalo\" class=\"article-link-person-page\" rel=\"nofollow noopener\" target=\"_blank\">Inkeri Alatalo<\/a>. Ohjelmassa ei kuitenkaan kerrottu syyt\u00e4 Kannisen poissaololle<\/p>\n<p class=\"paragraph\">Hintikka on juontanut Puoli seitsem\u00e4n -ohjelmaa aiemmin vuodesta 2009 vuoteen 2013. H\u00e4nen kanssaan ohjelmaa juonsi aluksi <a href=\"https:\/\/www.iltalehti.fi\/henkilot\/Peter Nyman\" class=\"article-link-person-page\" rel=\"nofollow noopener\" target=\"_blank\">Peter Nyman<\/a> ja perjantaisin ohjelmaa nykyisin luotsaava <a href=\"https:\/\/www.iltalehti.fi\/henkilot\/Mikko Kek\u00e4l\u00e4inen\" class=\"article-link-person-page\" rel=\"nofollow noopener\" target=\"_blank\">Mikko Kek\u00e4l\u00e4inen<\/a>.<\/p>\n","protected":false},"excerpt":{"rendered":"Ella Kanninen ei juonna t\u00e4n\u00e4\u00e4n Puoli seitsem\u00e4n -ohjelmaa. Ella Kanninen ja Mikko Kek\u00e4l\u00e4inen juontavat Puoli Seitsem\u00e4n -ohjelmaa. Atte&hellip;\n","protected":false},"author":2,"featured_media":143127,"comment_status":"","ping_status":"","sticky":false,"template":"","format":"standard","meta":{"footnotes":""},"categories":[133],"tags":[35,137,33,31,30,979,1999,32,206,2140,140,139,156,109],"class_list":{"0":"post-143126","1":"post","2":"type-post","3":"status-publish","4":"format-standard","5":"has-post-thumbnail","7":"category-televisiot","8":"tag-24h","9":"tag-entertainment","10":"tag-fi","11":"tag-finland","12":"tag-finnish","13":"tag-sahkoinen-media","14":"tag-suomalaiset-tv-ohjelmat","15":"tag-suomi","16":"tag-televisiot","17":"tag-tosi-tv-ohjelmat","18":"tag-tv-ja-elokuvat","19":"tag-tv-ohjelmat","20":"tag-tv","21":"tag-viihde"},"share_on_mastodon":{"url":"https:\/\/pubeurope.com\/@fi\/115899621900227148","error":""},"_links":{"self":[{"href":"https:\/\/www.europesays.com\/fi\/wp-json\/wp\/v2\/posts\/143126","targetHints":{"allow":["GET"]}}],"collection":[{"href":"https:\/\/www.europesays.com\/fi\/wp-json\/wp\/v2\/posts"}],"about":[{"href":"https:\/\/www.europesays.com\/fi\/wp-json\/wp\/v2\/types\/post"}],"author":[{"embeddable":true,"href":"https:\/\/www.europesays.com\/fi\/wp-json\/wp\/v2\/users\/2"}],"replies":[{"embeddable":true,"href":"https:\/\/www.europesays.com\/fi\/wp-json\/wp\/v2\/comments?post=143126"}],"version-history":[{"count":0,"href":"https:\/\/www.europesays.com\/fi\/wp-json\/wp\/v2\/posts\/143126\/revisions"}],"wp:featuredmedia":[{"embeddable":true,"href":"https:\/\/www.europesays.com\/fi\/wp-json\/wp\/v2\/media\/143127"}],"wp:attachment":[{"href":"https:\/\/www.europesays.com\/fi\/wp-json\/wp\/v2\/media?parent=143126"}],"wp:term":[{"taxonomy":"category","embeddable":true,"href":"https:\/\/www.europesays.com\/fi\/wp-json\/wp\/v2\/categories?post=143126"},{"taxonomy":"post_tag","embeddable":true,"href":"https:\/\/www.europesays.com\/fi\/wp-json\/wp\/v2\/tags?post=143126"}],"curies":[{"name":"wp","href":"https:\/\/api.w.org\/{rel}","templated":true}]}}