{"id":143130,"date":"2026-01-15T14:40:08","date_gmt":"2026-01-15T14:40:08","guid":{"rendered":"https:\/\/www.europesays.com\/fi\/143130\/"},"modified":"2026-01-15T14:40:08","modified_gmt":"2026-01-15T14:40:08","slug":"jaakiekko-tapparasta-tuttu-andrej-sustr-sekosi-tuomari-haki-pois-kattelyjonosta","status":"publish","type":"post","link":"https:\/\/www.europesays.com\/fi\/143130\/","title":{"rendered":"J\u00e4\u00e4kiekko: Tapparasta tuttu Andrej Sustr sekosi \u2013 tuomari haki pois k\u00e4ttelyjonosta"},"content":{"rendered":"<p>Andrej Sustr ei ollut tyytyv\u00e4inen.<\/p>\n<p class=\"article-body mb-nof-24 px-nof-16\">J\u00e4\u00e4kiekon SM-liigasta tuttu tshekkipuolustaja <a class=\"font-bold underline-offset-[0.12em] [text-decoration:var(--person-link-text-decoration)] ![text-decoration-color:var(--person-link-text-decoration-color)]\" href=\"https:\/\/www.is.fi\/haku\/?query=Andrej%20Sustr\" rel=\"nofollow noopener\" target=\"_blank\">Andrej Sustr<\/a> aiheutti keskiviikkoiltana h\u00e4mmennyst\u00e4 Ruotsin kakkostason HockeyAllsvenskanin ottelussa.<\/p>\n<p class=\"article-body mb-nof-24 px-nof-16\">35-vuotias konkari k\u00e4ytt\u00e4ytyi k\u00e4ttelyjonossa uhmakkaan lapsen tavoin, vaikka h\u00e4nen joukkueensa Kalmar HC oli voittanut vieraissa sarjak\u00e4rki Bj\u00f6rkl\u00f6venin.<\/p>\n<p class=\"article-body mb-nof-24 px-nof-16\">Sustr tervehti vastustajaa iskem\u00e4ll\u00e4 heit\u00e4 k\u00e4siin nyrkill\u00e4\u00e4n tavanomaista kovemmin. Pelaajat k\u00e4ttelev\u00e4t ottelujen j\u00e4lkeen toisensa nyrkkitervehdyksell\u00e4 hanskat k\u00e4dess\u00e4.<\/p>\n<p class=\"article-body mb-nof-24 px-nof-16\">Touhu p\u00e4\u00e4ttyi, kun linjatuomari luisteli k\u00e4ttelyjonoon ja haki Sustrin pois tilanteesta ohjaten miehen kohti oman joukkueen vaihtoaitiota ja pukukoppia.<\/p>\n<p class=\"article-body mb-nof-24 px-nof-16\">Televisiokanava TV4:n kiekkol\u00e4hetyksen selostajat p\u00e4ivitteliv\u00e4t l\u00e4hetyksess\u00e4, kuinka Sustr k\u00e4ytt\u00e4\u00e4 tavallista enemm\u00e4n voimaa k\u00e4ttelyjonossa.<\/p>\n<p class=\"article-body mb-nof-24 px-nof-16\">\u2013 H\u00e4n l\u00e4hestulkoon nyrkkeilee kiitt\u00e4ess\u00e4\u00e4n Bj\u00f6rkl\u00f6venin pelaajia ottelusta. H\u00e4n ly\u00f6 kaikkia hanskoihin, selostamossa kummastellaan.<\/p>\n<p class=\"article-body mb-nof-24 px-nof-16\">Kanava jakoi episodista <a class=\"underline underline-offset-[0.12em] [text-decoration-thickness:var(--generic-link-underline-thickness)] [text-decoration-color:var(--generic-link-underline-color)] [text-decoration-skip-ink:var(--generic-link-underline-skip-ink)] break-words\" href=\"https:\/\/www.facebook.com\/reel\/1400891548265122\" rel=\"nofollow noopener\" target=\"_blank\">videon<\/a> Facebook-sivuilleen.<\/p>\n<p class=\"article-body mb-nof-24 px-nof-16\">\u2013 Sustr ei ollut voitosta huolimatta t\u00e4ysin tyytyv\u00e4inen, kanava kirjoitti saatteeksi.<\/p>\n<p class=\"article-body mb-nof-24 px-nof-16\">Kalmar kuroi 3\u20132-vierasvoitollaan Bj\u00f6rkl\u00f6venin sarjajohdon nelj\u00e4\u00e4n pisteeseen. Lis\u00e4ksi sill\u00e4 on yksi ottelu v\u00e4hemm\u00e4n pelattuna.<\/p>\n<p><img decoding=\"async\" src=\"https:\/\/www.europesays.com\/fi\/wp-content\/uploads\/2026\/01\/1768488008_497_468.jpg\" alt=\"Tshekin Andrej Sustr ja Ruotsin Rickard Rakell kohtasivat j\u00e4\u00e4kiekon MM-kisoissa 2021.\" class=\"_Img_1rerz_1\" style=\"aspect-ratio:1.5\" loading=\"eager\"\/><\/p>\n<p class=\"article-picture-caption\">Tshekin Andrej Sustr ja Ruotsin Rickard Rakell kohtasivat j\u00e4\u00e4kiekon MM-kisoissa 2021. Kuva:\u00a0Vit Simanek \/ CTK \/ MVPhotos<\/p>\n<p class=\"article-body mb-nof-24 px-nof-16\">Sustr siirtyi Kalmarin riveihin joulukuussa AHL-seura Bridgeport Islandersista. H\u00e4n on pelannut Kalmar HC:ss\u00e4 nyt viisi ottelua ilman tehopisteit\u00e4.<\/p>\n<p class=\"article-body mb-nof-24 px-nof-16\">Entiseksi NHL-p\u00f6kkel\u00f6ksi <a class=\"underline underline-offset-[0.12em] [text-decoration-thickness:var(--generic-link-underline-thickness)] [text-decoration-color:var(--generic-link-underline-color)] [text-decoration-skip-ink:var(--generic-link-underline-skip-ink)] break-words\" href=\"https:\/\/www.is.fi\/sm-liiga\/art-2000011136516.html\" rel=\"nofollow noopener\" target=\"_blank\">luonnehdittu<\/a> Sustr pelasi viime kaudella SM-liigaa Tapparassa ja sai 38 runkosarjan ottelussa tilastoihinsa pisteet 1+11=12 sek\u00e4 32 j\u00e4\u00e4hyminuuttia. Yhdeks\u00e4n pudotuspeliottelun saldona oli kaksi j\u00e4\u00e4hyminuuttia.<\/p>\n<p class=\"article-body mb-nof-24 px-nof-16\">Sustr on pelannut NHL:ss\u00e4 361 runkosarjan ottelua (11+58=69) ja 46 pudotuspeli\u00adkamppailua (2+3=5). H\u00e4n edusti NHL-j\u00e4ill\u00e4 Tampa Bay Lightningia ja Anaheim Ducksia.<\/p>\n<p class=\"article-body mb-nof-24 px-nof-16\">Tshekin paidassa Sustr on n\u00e4hty World Cupissa 2016 sek\u00e4 MM-kisoissa 2021.<\/p>\n","protected":false},"excerpt":{"rendered":"Andrej Sustr ei ollut tyytyv\u00e4inen. J\u00e4\u00e4kiekon SM-liigasta tuttu tshekkipuolustaja Andrej Sustr aiheutti keskiviikkoiltana h\u00e4mmennyst\u00e4 Ruotsin kakkostason HockeyAllsvenskanin ottelussa.&hellip;\n","protected":false},"author":2,"featured_media":143131,"comment_status":"","ping_status":"","sticky":false,"template":"","format":"standard","meta":{"footnotes":""},"categories":[158],"tags":[33,31,30,34,159,32,160],"class_list":{"0":"post-143130","1":"post","2":"type-post","3":"status-publish","4":"format-standard","5":"has-post-thumbnail","7":"category-urheilu","8":"tag-fi","9":"tag-finland","10":"tag-finnish","11":"tag-ilta-sanomat","12":"tag-sports","13":"tag-suomi","14":"tag-urheilu"},"share_on_mastodon":{"url":"https:\/\/pubeurope.com\/@fi\/115899637866505460","error":""},"_links":{"self":[{"href":"https:\/\/www.europesays.com\/fi\/wp-json\/wp\/v2\/posts\/143130","targetHints":{"allow":["GET"]}}],"collection":[{"href":"https:\/\/www.europesays.com\/fi\/wp-json\/wp\/v2\/posts"}],"about":[{"href":"https:\/\/www.europesays.com\/fi\/wp-json\/wp\/v2\/types\/post"}],"author":[{"embeddable":true,"href":"https:\/\/www.europesays.com\/fi\/wp-json\/wp\/v2\/users\/2"}],"replies":[{"embeddable":true,"href":"https:\/\/www.europesays.com\/fi\/wp-json\/wp\/v2\/comments?post=143130"}],"version-history":[{"count":0,"href":"https:\/\/www.europesays.com\/fi\/wp-json\/wp\/v2\/posts\/143130\/revisions"}],"wp:featuredmedia":[{"embeddable":true,"href":"https:\/\/www.europesays.com\/fi\/wp-json\/wp\/v2\/media\/143131"}],"wp:attachment":[{"href":"https:\/\/www.europesays.com\/fi\/wp-json\/wp\/v2\/media?parent=143130"}],"wp:term":[{"taxonomy":"category","embeddable":true,"href":"https:\/\/www.europesays.com\/fi\/wp-json\/wp\/v2\/categories?post=143130"},{"taxonomy":"post_tag","embeddable":true,"href":"https:\/\/www.europesays.com\/fi\/wp-json\/wp\/v2\/tags?post=143130"}],"curies":[{"name":"wp","href":"https:\/\/api.w.org\/{rel}","templated":true}]}}