{"id":143134,"date":"2026-01-15T14:44:10","date_gmt":"2026-01-15T14:44:10","guid":{"rendered":"https:\/\/www.europesays.com\/fi\/143134\/"},"modified":"2026-01-15T14:44:10","modified_gmt":"2026-01-15T14:44:10","slug":"helsingin-helen-aloittaa-muutosneuvottelut-125-tyotehtavaa-vaarassa-kotimaa","status":"publish","type":"post","link":"https:\/\/www.europesays.com\/fi\/143134\/","title":{"rendered":"Helsingin Helen aloittaa muutosneuvottelut: 125 ty\u00f6teht\u00e4v\u00e4\u00e4 vaarassa | Kotimaa"},"content":{"rendered":"<p class=\"aw-1gybjub aw-5vja16 kEtdKx kmuxyA yle__article__paragraph\">Helen k\u00e4ynnist\u00e4\u00e4 samalla suunnitteluty\u00f6t tyt\u00e4ryhti\u00f6 V\u00e4reen integroimiseksi Helen osakeyhti\u00f6\u00f6n.<\/p>\n<p><img decoding=\"async\" alt=\"Punatiilinen rakennus, jossa Helen-logo. Rakennuksen vieress\u00e4 voimalinjoja.\" src=\"https:\/\/www.europesays.com\/fi\/wp-content\/uploads\/2026\/01\/39-144412467ebb460e5f87.jpeg\" class=\"aw-1l9m598 hKVVvP\"\/><\/p>\n<p>Avaa kuvien katselu<\/p>\n<p>Helen aikoo organisoida ty\u00f6teht\u00e4vi\u00e4 uudelleen, poistaa p\u00e4\u00e4llekk\u00e4isyyksi\u00e4 ja tehostaa prosesseja. Kuva: Kristiina Lehto \/ Yle<\/p>\n<p>15:34\u2022P\u00e4ivitetty 15:43<\/p>\n<p class=\"aw-1gybjub aw-1p7kakr kEtdKx cEmitX yle__article__paragraph\">Helsingin kaupungin energiayhti\u00f6 Helen aloittaa muutosneuvottelut ja k\u00e4ynnist\u00e4\u00e4 samalla suunnitteluty\u00f6t tyt\u00e4ryhti\u00f6 V\u00e4reen integroimiseksi Helen osakeyhti\u00f6\u00f6n.<\/p>\n<p class=\"aw-1gybjub aw-1p7kakr kEtdKx cEmitX yle__article__paragraph\">Muutosneuvottelut koskevat noin 795:t\u00e4 henkil\u00f6\u00e4. Alustavan arvion mukaan muutosneuvottelut voivat johtaa enint\u00e4\u00e4n 125 ty\u00f6teht\u00e4v\u00e4n p\u00e4\u00e4ttymiseen.<\/p>\n<p class=\"aw-1gybjub aw-1p7kakr kEtdKx cEmitX yle__article__paragraph\">Helen aikoo organisoida ty\u00f6teht\u00e4vi\u00e4 uudelleen, poistaa p\u00e4\u00e4llekk\u00e4isyyksi\u00e4 ja tehostaa prosesseja. Osana prosessia Helen aloittaa suunnittelut tyt\u00e4ryhti\u00f6 V\u00e4reen integroimiseksi emoyhti\u00f6\u00f6n.<\/p>\n<p class=\"aw-1gybjub aw-1p7kakr kEtdKx cEmitX yle__article__paragraph\">Helenin mukaan tavoitteena on yhten\u00e4ist\u00e4\u00e4 molempien yhti\u00f6iden parhaat ja tehokkaimmat prosessit sek\u00e4 k\u00e4yt\u00e4nn\u00f6t.<\/p>\n<p class=\"aw-1gybjub aw-1p7kakr kEtdKx cEmitX yle__article__paragraph\">Yhti\u00f6n mukaan mahdollisia henkil\u00f6st\u00f6vaikutuksia voivat olla irtisanominen, ty\u00f6sopimuksen yksipuolinen muuttaminen, muutokset ty\u00f6teht\u00e4viss\u00e4, ty\u00f6menetelmiss\u00e4, t\u00f6iden j\u00e4rjestelyiss\u00e4, ty\u00f6tilojen j\u00e4rjestelyiss\u00e4 tai s\u00e4\u00e4nn\u00f6llisen ty\u00f6ajan j\u00e4rjestelyiss\u00e4.<\/p>\n","protected":false},"excerpt":{"rendered":"Helen k\u00e4ynnist\u00e4\u00e4 samalla suunnitteluty\u00f6t tyt\u00e4ryhti\u00f6 V\u00e4reen integroimiseksi Helen osakeyhti\u00f6\u00f6n. Avaa kuvien katselu Helen aikoo organisoida ty\u00f6teht\u00e4vi\u00e4 uudelleen, poistaa&hellip;\n","protected":false},"author":2,"featured_media":143135,"comment_status":"","ping_status":"","sticky":false,"template":"","format":"standard","meta":{"footnotes":""},"categories":[76],"tags":[79,77,33,31,30,17121,104,71,32,78,1168,1356],"class_list":{"0":"post-143134","1":"post","2":"type-post","3":"status-publish","4":"format-standard","5":"has-post-thumbnail","7":"category-talous","8":"tag-business","9":"tag-economy","10":"tag-fi","11":"tag-finland","12":"tag-finnish","13":"tag-helen-energiayhtio","14":"tag-helsinki","15":"tag-kotimaa","16":"tag-suomi","17":"tag-talous","18":"tag-uusimaa","19":"tag-yritykset"},"share_on_mastodon":{"url":"https:\/\/pubeurope.com\/@fi\/115899653435763001","error":""},"_links":{"self":[{"href":"https:\/\/www.europesays.com\/fi\/wp-json\/wp\/v2\/posts\/143134","targetHints":{"allow":["GET"]}}],"collection":[{"href":"https:\/\/www.europesays.com\/fi\/wp-json\/wp\/v2\/posts"}],"about":[{"href":"https:\/\/www.europesays.com\/fi\/wp-json\/wp\/v2\/types\/post"}],"author":[{"embeddable":true,"href":"https:\/\/www.europesays.com\/fi\/wp-json\/wp\/v2\/users\/2"}],"replies":[{"embeddable":true,"href":"https:\/\/www.europesays.com\/fi\/wp-json\/wp\/v2\/comments?post=143134"}],"version-history":[{"count":0,"href":"https:\/\/www.europesays.com\/fi\/wp-json\/wp\/v2\/posts\/143134\/revisions"}],"wp:featuredmedia":[{"embeddable":true,"href":"https:\/\/www.europesays.com\/fi\/wp-json\/wp\/v2\/media\/143135"}],"wp:attachment":[{"href":"https:\/\/www.europesays.com\/fi\/wp-json\/wp\/v2\/media?parent=143134"}],"wp:term":[{"taxonomy":"category","embeddable":true,"href":"https:\/\/www.europesays.com\/fi\/wp-json\/wp\/v2\/categories?post=143134"},{"taxonomy":"post_tag","embeddable":true,"href":"https:\/\/www.europesays.com\/fi\/wp-json\/wp\/v2\/tags?post=143134"}],"curies":[{"name":"wp","href":"https:\/\/api.w.org\/{rel}","templated":true}]}}