{"id":143138,"date":"2026-01-15T14:46:08","date_gmt":"2026-01-15T14:46:08","guid":{"rendered":"https:\/\/www.europesays.com\/fi\/143138\/"},"modified":"2026-01-15T14:46:08","modified_gmt":"2026-01-15T14:46:08","slug":"suomen-kansalainen-yritti-luvattomasti-venajalle","status":"publish","type":"post","link":"https:\/\/www.europesays.com\/fi\/143138\/","title":{"rendered":"Suomen kansalainen yritti luvattomasti Ven\u00e4j\u00e4lle"},"content":{"rendered":"<p>Luvattoman rajanylityksen yritys tapahtui varhain aamulla.<\/p>\n<p><img decoding=\"async\" class=\"image image-show image-preview\" src=\"https:\/\/www.europesays.com\/fi\/wp-content\/uploads\/2026\/01\/0c92cc4a1e5a091dfd0c0505aca437bb9c7ee451e3419ff96b1af2120bfef2a7.jpg\" alt=\"\"\/><img decoding=\"async\" class=\"image image-show\" src=\"https:\/\/www.europesays.com\/fi\/wp-content\/uploads\/2026\/01\/1768488368_384_0c92cc4a1e5a091dfd0c0505aca437bb9c7ee451e3419ff96b1af2120bfef2a7.jpg\" alt=\"\"\/><\/p>\n<p>Kuvituskuva it\u00e4rajalta. Henri K\u00e4rkk\u00e4inen<\/p>\n<p class=\"paragraph\">Suomen kansalainen yritti varhain torstaiaamuna p\u00e4\u00e4st\u00e4 luvattomasti Suomesta Ven\u00e4j\u00e4n puolelle Imatran alueella, Rajavartiolaitos tiedottaa.<\/p>\n<p class=\"paragraph\">Maaston kautta rajan ylityst\u00e4 yritt\u00e4nyt henkil\u00f6 otettiin kiinni it\u00e4rajan esteaidan luona sen j\u00e4lkeen, kun valvontaj\u00e4rjestelm\u00e4 oli antanut Kaakkois-Suomen rajavartiostolle h\u00e4lytyksen.<\/p>\n<p class=\"paragraph\">Tiedotteen mukaan Kaakkois-Suomen alueen rajavaltuutettu on ollut tapauksesta yhteydess\u00e4 Ven\u00e4j\u00e4n Viipurin alueen rajavaltuutettuun. Kaakkois-Suomen rajavartiosto jatkaa tapauksen selvitt\u00e4mist\u00e4.<\/p>\n","protected":false},"excerpt":{"rendered":"Luvattoman rajanylityksen yritys tapahtui varhain aamulla. Kuvituskuva it\u00e4rajalta. Henri K\u00e4rkk\u00e4inen Suomen kansalainen yritti varhain torstaiaamuna p\u00e4\u00e4st\u00e4 luvattomasti Suomesta&hellip;\n","protected":false},"author":2,"featured_media":143139,"comment_status":"","ping_status":"","sticky":false,"template":"","format":"standard","meta":{"footnotes":""},"categories":[12],"tags":[35,22,23,26,27,33,31,30,17,24,25,28,29,15,18,21,637,878,2535,32,19,20,2534,4280,16],"class_list":{"0":"post-143138","1":"post","2":"type-post","3":"status-publish","4":"format-standard","5":"has-post-thumbnail","7":"category-suomi","8":"tag-24h","9":"tag-breaking-news","10":"tag-breakingnews","11":"tag-featured-news","12":"tag-featurednews","13":"tag-fi","14":"tag-finland","15":"tag-finnish","16":"tag-headlines","17":"tag-latest-news","18":"tag-latestnews","19":"tag-main-news","20":"tag-mainnews","21":"tag-news","22":"tag-otsikot","23":"tag-paauutiset","24":"tag-politiikka","25":"tag-puolustus-ja-rajavalvonta-maanpuolustus","26":"tag-puolustuspolitiikka","27":"tag-suomi","28":"tag-top-stories","29":"tag-topstories","30":"tag-turvallisuuspolitiikka","31":"tag-ulkoasiain-hallinto-maanpuolustus-ja-jarjestystoimi","32":"tag-uutiset"},"share_on_mastodon":{"url":"https:\/\/pubeurope.com\/@fi\/115899661281606027","error":""},"_links":{"self":[{"href":"https:\/\/www.europesays.com\/fi\/wp-json\/wp\/v2\/posts\/143138","targetHints":{"allow":["GET"]}}],"collection":[{"href":"https:\/\/www.europesays.com\/fi\/wp-json\/wp\/v2\/posts"}],"about":[{"href":"https:\/\/www.europesays.com\/fi\/wp-json\/wp\/v2\/types\/post"}],"author":[{"embeddable":true,"href":"https:\/\/www.europesays.com\/fi\/wp-json\/wp\/v2\/users\/2"}],"replies":[{"embeddable":true,"href":"https:\/\/www.europesays.com\/fi\/wp-json\/wp\/v2\/comments?post=143138"}],"version-history":[{"count":0,"href":"https:\/\/www.europesays.com\/fi\/wp-json\/wp\/v2\/posts\/143138\/revisions"}],"wp:featuredmedia":[{"embeddable":true,"href":"https:\/\/www.europesays.com\/fi\/wp-json\/wp\/v2\/media\/143139"}],"wp:attachment":[{"href":"https:\/\/www.europesays.com\/fi\/wp-json\/wp\/v2\/media?parent=143138"}],"wp:term":[{"taxonomy":"category","embeddable":true,"href":"https:\/\/www.europesays.com\/fi\/wp-json\/wp\/v2\/categories?post=143138"},{"taxonomy":"post_tag","embeddable":true,"href":"https:\/\/www.europesays.com\/fi\/wp-json\/wp\/v2\/tags?post=143138"}],"curies":[{"name":"wp","href":"https:\/\/api.w.org\/{rel}","templated":true}]}}