{"id":143140,"date":"2026-01-15T14:47:11","date_gmt":"2026-01-15T14:47:11","guid":{"rendered":"https:\/\/www.europesays.com\/fi\/143140\/"},"modified":"2026-01-15T14:47:11","modified_gmt":"2026-01-15T14:47:11","slug":"jere-karalahdelle-syytteet-kahdesta-torkeasta-huumerikoksesta-kotimaa","status":"publish","type":"post","link":"https:\/\/www.europesays.com\/fi\/143140\/","title":{"rendered":"Jere Karalahdelle syytteet kahdesta t\u00f6rke\u00e4st\u00e4 huumerikoksesta | Kotimaa"},"content":{"rendered":"<p class=\"aw-1gybjub aw-5vja16 kEtdKx kmuxyA yle__article__paragraph\">Entinen huippuj\u00e4\u00e4kiekkoilija Jere Karalahti on saanut syytteet yhteens\u00e4 kolmesta huumerikoksesta. H\u00e4n kiist\u00e4\u00e4 syyllistyneens\u00e4 huumerikoksiin.<\/p>\n<p><img decoding=\"async\" alt=\"Jere Karalahti oikeudessa.\" src=\"https:\/\/www.europesays.com\/fi\/wp-content\/uploads\/2026\/01\/39-153907068f0b0dae8588.jpeg\" class=\"aw-1l9m598 hKVVvP\"\/><\/p>\n<p>Avaa kuvien katselu<\/p>\n<p>Jere Karalahti kuvattiin vangitsemisoikeudenk\u00e4ynniss\u00e4 10. lokakuuta. Kuva: Petteri Sopanen \/ Yle<\/p>\n<p>15:37\u2022P\u00e4ivitetty 15:56<\/p>\n<p class=\"aw-1gybjub aw-1p7kakr kEtdKx cEmitX yle__article__paragraph\">Yle uutisoi lokakuun alussa, ett\u00e4 <strong class=\"aw-ak79eh KyCXm yle__article__strong\">Jere Karalahti<\/strong> <a class=\"aw-iao6s4 iHOxEa yle__article__link\" href=\"https:\/\/yle.fi\/a\/74-20186282\" role=\"link\" rel=\"nofollow noopener\" target=\"_blank\">vangittiin ep\u00e4iltyn\u00e4<\/a> t\u00f6rke\u00e4st\u00e4 huumerikoksesta.<\/p>\n<p class=\"aw-1gybjub aw-1p7kakr kEtdKx cEmitX yle__article__paragraph\">Syytt\u00e4j\u00e4 on nyt nostanut syytteet Karalahtea vastaan.<\/p>\n<p class=\"aw-1gybjub aw-1p7kakr kEtdKx cEmitX yle__article__paragraph\">Helsingin k\u00e4r\u00e4j\u00e4oikeudesta saadun tiedon mukaan Karalahti sai syytteet kolmesta huumerikoksesta.<\/p>\n<p class=\"aw-1gybjub aw-1p7kakr kEtdKx cEmitX yle__article__paragraph\">H\u00e4nt\u00e4 syytet\u00e4\u00e4n kahdesta t\u00f6rke\u00e4st\u00e4 huumerikoksesta ja yhdest\u00e4 perusmuotoisesta huumerikoksesta.<\/p>\n<p class=\"aw-1gybjub aw-1p7kakr kEtdKx cEmitX yle__article__paragraph\">Syytteiden mukaan t\u00f6rke\u00e4t huumerikokset ovat tapahtuneet Helsingiss\u00e4 1.7.\u201329.9.2025 ja perusmuotoinen huumerikos 7.7.\u201329.9.2025.<\/p>\n<p>Yhteens\u00e4 17 ep\u00e4ilty\u00e4<\/p>\n<p class=\"aw-1gybjub aw-1p7kakr kEtdKx cEmitX yle__article__paragraph\">Ilta Sanomien mukaan Karalahden <a class=\"aw-iao6s4 iHOxEa yle__article__link\" href=\"https:\/\/www.is.fi\/urheilu\/art-2000011750414.html\" role=\"link\" rel=\"nofollow noopener\" target=\"_blank\">ep\u00e4ill\u00e4\u00e4n hankkineen<\/a> satoja grammoja kokaiinia ja noin kilon verran amfetamiinia sek\u00e4 levitt\u00e4neen kyseisi\u00e4 huumeita.<\/p>\n<p class=\"aw-1gybjub aw-1p7kakr kEtdKx cEmitX yle__article__paragraph\">Karalahden asianajaja on aiemmin todennut, ett\u00e4 Karalahti kiist\u00e4\u00e4 syyllistyneens\u00e4 huumerikoksiin.<\/p>\n<p class=\"aw-1gybjub aw-1p7kakr kEtdKx cEmitX yle__article__paragraph\">Karalahti on syytettyn\u00e4 laajassa huumerikosvyyhdiss\u00e4, jossa on yhteens\u00e4 17 ep\u00e4ilty\u00e4.<\/p>\n<p class=\"aw-1gybjub aw-1p7kakr kEtdKx cEmitX yle__article__paragraph\">Muita vyyhdin henkil\u00f6it\u00e4 syytet\u00e4\u00e4n my\u00f6s huumerikoksista sek\u00e4 esimerkiksi ry\u00f6st\u00f6st\u00e4, rahanpesurikoksista ja liev\u00e4st\u00e4 ampuma-aserikoksesta.<\/p>\n<p class=\"aw-1gybjub aw-1p7kakr kEtdKx cEmitX yle__article__paragraph\">Karalahti vangittiin sisi lokakuun alussa.<\/p>\n<p class=\"aw-1gybjub aw-1p7kakr kEtdKx cEmitX yle__article__paragraph\">H\u00e4n on vaatinut useita kertoja vapaaksi p\u00e4\u00e4sy\u00e4 tutkintavankeudesta, mutta k\u00e4r\u00e4j\u00e4oikeus ei ole siihen suostunut.<\/p>\n<p class=\"aw-1gybjub aw-1p7kakr kEtdKx cEmitX yle__article__paragraph\">Helsingin k\u00e4r\u00e4j\u00e4oikeus ei ole viel\u00e4 m\u00e4\u00e4r\u00e4nnyt oikeudenk\u00e4yntip\u00e4iv\u00e4\u00e4, mutta lain mukaan huumerikosten k\u00e4sittelyn tulee alkaa kahden viikon kuluessa syytteiden nostamisesta.<\/p>\n<p><img decoding=\"async\" alt=\"Helsingin k\u00e4r\u00e4j\u00e4oikeus.\" src=\"https:\/\/www.europesays.com\/fi\/wp-content\/uploads\/2026\/01\/39-1551937691332d314b10.jpeg\" loading=\"lazy\" class=\"aw-1l9m598 hKVVvP\"\/><\/p>\n<p>Avaa kuvien katselu<\/p>\n<p>Jere Karalahden huumesyytteit\u00e4 k\u00e4sitell\u00e4\u00e4n pian Helsingin k\u00e4r\u00e4j\u00e4oikeudessa. Kuva: Dan Gustafsson \/ YleKaralahti edusti Suomea useissa arvokisoissa<\/p>\n<p class=\"aw-1gybjub aw-1p7kakr kEtdKx cEmitX yle__article__paragraph\">Jere Karalahti on pelannut urallaan Suomen maajoukkueessa, NHL:ss\u00e4, KHL:ss\u00e4 ja SM-liigassa.<\/p>\n<p class=\"aw-1gybjub aw-1p7kakr kEtdKx cEmitX yle__article__paragraph\">Karalahti edusti uransa aikana Suomea useissa arvokisoissa.<\/p>\n<p class=\"aw-1gybjub aw-1p7kakr kEtdKx cEmitX yle__article__paragraph\">H\u00e4n saavutti urallaan kolme MM-hopeaa ja yhden pronssin. H\u00e4net on valittu my\u00f6s kertaalleen MM-kisojen t\u00e4hdist\u00f6kent\u00e4lliseen.<\/p>\n<p class=\"aw-1gybjub aw-1p7kakr kEtdKx cEmitX yle__article__paragraph\">Karalahti oli edellisen kerran julkisuudessa, kun h\u00e4n osallistui nyrkkeilyotteluun Helsingin j\u00e4\u00e4hallissa syyskuun 27. p\u00e4iv\u00e4.<\/p>\n<p class=\"aw-1gybjub aw-1p7kakr kEtdKx cEmitX yle__article__paragraph\">Karalahti nyrkkeili ex-kehonrakentaja ja somepersoona <strong class=\"aw-ak79eh KyCXm yle__article__strong\">Matias Nieme\u00e4<\/strong> vastaan. Karalahti h\u00e4visi ottelun.<\/p>\n<p>Karalahti on tuomittu aiemmin huumerikoksesta<\/p>\n<p class=\"aw-1gybjub aw-1p7kakr kEtdKx cEmitX yle__article__paragraph\">Karalahti on tuomittu aiemmin huumerikoksesta.<\/p>\n<p class=\"aw-1gybjub aw-1p7kakr kEtdKx cEmitX yle__article__paragraph\">Helsingin hovioikeus tuomitsi Karalahden vuonna 2007 hein\u00e4kuussa. Karalahden katsottiin hankkineen amfetamiinia Virosta 10 000 eurolla. H\u00e4n syyllistyi my\u00f6s avunantoon t\u00f6rke\u00e4\u00e4n huumausainerikokseen.<\/p>\n<p class=\"aw-1gybjub aw-1p7kakr kEtdKx cEmitX yle__article__paragraph\">Karalahti tuomittiin tuolloin yhden vuoden ja kahdeksan kuukauden ehdolliseen vankeuteen.<\/p>\n<p class=\"aw-1gybjub aw-1p7kakr kEtdKx cEmitX yle__article__paragraph\">Karalahti on tuomittu my\u00f6s vuonna 2008 huumausaineen k\u00e4ytt\u00f6rikoksesta.<\/p>\n<p class=\"aw-1gybjub aw-1p7kakr kEtdKx cEmitX yle__article__paragraph\">Karalahti on my\u00f6nt\u00e4nyt itse, ett\u00e4 h\u00e4nell\u00e4 oli vakava p\u00e4ihdeongelma 2000-luvun alussa.<\/p>\n<p class=\"aw-1gybjub aw-1p7kakr kEtdKx cEmitX yle__article__paragraph\">Jere Karalahdesta julkaistiin kirja vuonna 2017. Kirjan mukaan Karalahden p\u00e4ihdekokeilut alkoivat teini-i\u00e4ss\u00e4, mutta pahin tilanne oli 2000-luvun alkuvuosina.<\/p>\n","protected":false},"excerpt":{"rendered":"Entinen huippuj\u00e4\u00e4kiekkoilija Jere Karalahti on saanut syytteet yhteens\u00e4 kolmesta huumerikoksesta. H\u00e4n kiist\u00e4\u00e4 syyllistyneens\u00e4 huumerikoksiin. Avaa kuvien katselu Jere&hellip;\n","protected":false},"author":2,"featured_media":143141,"comment_status":"","ping_status":"","sticky":false,"template":"","format":"standard","meta":{"footnotes":""},"categories":[5],"tags":[22,23,26,27,33,31,30,17,6928,3271,71,24,25,28,29,15,18,21,1263,32,19,20,160,16],"class_list":{"0":"post-143140","1":"post","2":"type-post","3":"status-publish","4":"format-standard","5":"has-post-thumbnail","7":"category-otsikot","8":"tag-breaking-news","9":"tag-breakingnews","10":"tag-featured-news","11":"tag-featurednews","12":"tag-fi","13":"tag-finland","14":"tag-finnish","15":"tag-headlines","16":"tag-huumausainerikokset","17":"tag-jere-karalahti","18":"tag-kotimaa","19":"tag-latest-news","20":"tag-latestnews","21":"tag-main-news","22":"tag-mainnews","23":"tag-news","24":"tag-otsikot","25":"tag-paauutiset","26":"tag-rikosepailyt","27":"tag-suomi","28":"tag-top-stories","29":"tag-topstories","30":"tag-urheilu","31":"tag-uutiset"},"share_on_mastodon":{"url":"https:\/\/pubeurope.com\/@fi\/115899665131746198","error":""},"_links":{"self":[{"href":"https:\/\/www.europesays.com\/fi\/wp-json\/wp\/v2\/posts\/143140","targetHints":{"allow":["GET"]}}],"collection":[{"href":"https:\/\/www.europesays.com\/fi\/wp-json\/wp\/v2\/posts"}],"about":[{"href":"https:\/\/www.europesays.com\/fi\/wp-json\/wp\/v2\/types\/post"}],"author":[{"embeddable":true,"href":"https:\/\/www.europesays.com\/fi\/wp-json\/wp\/v2\/users\/2"}],"replies":[{"embeddable":true,"href":"https:\/\/www.europesays.com\/fi\/wp-json\/wp\/v2\/comments?post=143140"}],"version-history":[{"count":0,"href":"https:\/\/www.europesays.com\/fi\/wp-json\/wp\/v2\/posts\/143140\/revisions"}],"wp:featuredmedia":[{"embeddable":true,"href":"https:\/\/www.europesays.com\/fi\/wp-json\/wp\/v2\/media\/143141"}],"wp:attachment":[{"href":"https:\/\/www.europesays.com\/fi\/wp-json\/wp\/v2\/media?parent=143140"}],"wp:term":[{"taxonomy":"category","embeddable":true,"href":"https:\/\/www.europesays.com\/fi\/wp-json\/wp\/v2\/categories?post=143140"},{"taxonomy":"post_tag","embeddable":true,"href":"https:\/\/www.europesays.com\/fi\/wp-json\/wp\/v2\/tags?post=143140"}],"curies":[{"name":"wp","href":"https:\/\/api.w.org\/{rel}","templated":true}]}}