{"id":143146,"date":"2026-01-15T15:06:10","date_gmt":"2026-01-15T15:06:10","guid":{"rendered":"https:\/\/www.europesays.com\/fi\/143146\/"},"modified":"2026-01-15T15:06:10","modified_gmt":"2026-01-15T15:06:10","slug":"kommentti-valmentajan-harkitsematon-teko-lasten-judokisoissa-sytytti-poliittisen-myrskyn-urheilu","status":"publish","type":"post","link":"https:\/\/www.europesays.com\/fi\/143146\/","title":{"rendered":"Kommentti: Valmentajan harkitsematon teko lasten judokisoissa sytytti poliittisen myrskyn | Urheilu"},"content":{"rendered":"<p class=\"aw-1gybjub aw-5vja16 kEtdKx kmuxyA yle__article__paragraph\">Tapaus muistuttaa, miten aikuisen vastuuton toiminta voi varjostaa nuorten urheilun reiluutta, kirjoittaa Yle Urheilun Timo Uusitalo.<\/p>\n<p><img decoding=\"async\" alt=\"Sein\u00e4maalaus judo-ottelusta, jossa lapsi p\u00e4ihitt\u00e4\u00e4 Ven\u00e4j\u00e4n presidentti\u00e4 Vladimir Putinia muistuttavan miehen.\" src=\"https:\/\/www.europesays.com\/fi\/wp-content\/uploads\/2026\/01\/39-105194963a406d5156ed.jpeg\" class=\"aw-1l9m598 hKVVvP\"\/><\/p>\n<p>Avaa kuvien katselu<\/p>\n<p>Ukrainassa Kiovan alueella sijaitseva sein\u00e4maalaus judo-ottelusta, jossa lapsi p\u00e4ihitt\u00e4\u00e4 miehen. Kuva: Shutterstock\/All Over Press<img decoding=\"async\" alt=\"Timo Uusitalo.\" src=\"https:\/\/www.europesays.com\/fi\/wp-content\/uploads\/2026\/01\/39-152600168cd2c5c3ed7d.jpeg\" class=\"aw-1l9m598 hKVVvP\"\/><\/p>\n<p class=\"aw-1gybjub aw-1p7kakr kEtdKx cEmitX yle__article__paragraph\">Viime viikonloppuna Puolan Bielsku-Bia\u0142assa j\u00e4rjestetyss\u00e4 judoturnauksessa n\u00e4htiin valitettava esimerkki siit\u00e4, miten yhden aikuisen harkitsematon k\u00e4yt\u00f6s voi johtaa kansainv\u00e4liseen kohuun.<\/p>\n<p class=\"aw-1gybjub aw-1p7kakr kEtdKx cEmitX yle__article__paragraph\">Israelilainen judovalmentaja suuttui ottelun tuomariratkaisusta, k\u00e4ytt\u00e4ytyi ep\u00e4asiallisesti ja syyllistyi fyysiseen kontaktiin tuomarin kanssa. T\u00e4m\u00e4n vahvistivat j\u00e4rjest\u00e4j\u00e4t, poliisi ja Puolan judoliitto.<\/p>\n<p class=\"aw-1gybjub aw-1p7kakr kEtdKx cEmitX yle__article__paragraph\">Saatavilla olevien videoiden perusteella on n\u00e4ht\u00e4viss\u00e4, ett\u00e4 juuri valmentaja aloitti kahakan. K\u00e4yt\u00f6s on tuomittavaa erityisesti judossa, jonka ytimess\u00e4 ovat kunnioitus ja reilu peli.<\/p>\n<p class=\"aw-1gybjub aw-1p7kakr kEtdKx cEmitX yle__article__paragraph\">Tapaus nousi kansainv\u00e4liseen julkisuuteen sosiaalisen median kautta.<\/p>\n<p>Valmentajan v\u00e4itteet levisiv\u00e4t laajalle \u2013 Israelin suurl\u00e4hetyst\u00f6 reagoi jyrk\u00e4sti<\/p>\n<p class=\"aw-1gybjub aw-1p7kakr kEtdKx cEmitX yle__article__paragraph\"><a class=\"aw-iao6s4 iHOxEa yle__article__link\" href=\"https:\/\/x.com\/IsraelinPoland\/status\/2010315646853136477\" role=\"link\" rel=\"nofollow\">Israelin Puolan-suurl\u00e4hetyst\u00f6 julkaisi<\/a> tapauksesta englanninkielisen viestin X-palvelussa. L\u00e4hetyst\u00f6 syytti viestiss\u00e4\u00e4n puolalaisia v\u00e4kivallasta ja antisemitismist\u00e4, ja vaati Puolan viranomaisia tutkimaan tapauksen ja takaamaan israelilaisten urheilijoiden turvallisuuden.<\/p>\n<p class=\"aw-1gybjub aw-1p7kakr kEtdKx cEmitX yle__article__paragraph\">Suurl\u00e4hetyst\u00f6 kertoi olevansa syv\u00e4sti huolissaan siit\u00e4, ett\u00e4 israelilaisia lapsia ja nuoria loukattiin kilpailun aikana sanallisesti ja fyysisesti. Suurl\u00e4hetyst\u00f6n tiedot \u2013 jotka puolalaiset kiistiv\u00e4t \u2013 perustuivat valmentajan ja h\u00e4nen l\u00e4hipiirins\u00e4 kertomuksiin.<\/p>\n<p class=\"aw-1gybjub aw-1p7kakr kEtdKx cEmitX yle__article__paragraph\">Viesti sai laajaa huomiota. Se ker\u00e4si muutamassa p\u00e4iv\u00e4ss\u00e4 kaksi miljoonaa n\u00e4ytt\u00f6kertaa ja vajaat nelj\u00e4tuhatta kommenttia. Keskustelu on ollut tunteikasta ja mielipiteet jakautuneet.<\/p>\n<p class=\"aw-1gybjub aw-1p7kakr kEtdKx cEmitX yle__article__paragraph\">Valmentaja on kiist\u00e4nyt syyllisyytens\u00e4 <a class=\"aw-iao6s4 iHOxEa yle__article__link\" href=\"https:\/\/www.facebook.com\/story.php\/?story_fbid=872597115635358&amp;id=100086552312683\" role=\"link\" rel=\"nofollow noopener\" target=\"_blank\">seuransa, Golden Fightersin Facebook-sivustolla<\/a>. H\u00e4n on kyseenalaistanut tapahtumista julkaistun videomateriaalin aitouden ja v\u00e4itt\u00e4nyt, ett\u00e4 kilpailussa kuultiin antisemitistisi\u00e4 huutoja. Ainakaan toistaiseksi huutoja ei ole todistettu.<\/p>\n<p class=\"aw-1gybjub aw-1p7kakr kEtdKx cEmitX yle__article__paragraph\">Jos ulkoministerin \u2013 kuten nyt Puolan <strong class=\"aw-ak79eh KyCXm yle__article__strong\">Radoslaw Sikorskin<\/strong> \u2013 t\u00e4ytyy tiedottajansa kautta muistuttaa, ett\u00e4 lasten ja nuorten urheilutapahtumissa ei sallita v\u00e4kivaltaa tai antisemitistisi\u00e4 huutoja, on selv\u00e4\u00e4, ett\u00e4 jokin on pahasti pieless\u00e4.<\/p>\n<p class=\"aw-1gybjub aw-1p7kakr kEtdKx cEmitX yle__article__paragraph\">Puolan ja Israelin suhteet ovat monimutkaiset ja ajoittain j\u00e4nnittyneet. Niihin vaikuttavat vahvasti historia, politiikka ja kansalliset muistot, erityisesti toisen maailmansodan ja holokaustin perint\u00f6.<\/p>\n<p>Moraalituomiot ilman todisteita ovat vahingollisia<\/p>\n<p class=\"aw-1gybjub aw-1p7kakr kEtdKx cEmitX yle__article__paragraph\">Tapahtunut osoittaa, miten yhden aikuisen vastuuton toiminta voi pilata lasten ja nuorten urheilutapahtuman ja lietsoa kansainv\u00e4lisen selkkauksen, jossa totuuden ja huhujen rajat h\u00e4m\u00e4rtyv\u00e4t.<\/p>\n<p class=\"aw-1gybjub aw-1p7kakr kEtdKx cEmitX yle__article__paragraph\">Kertomuksen ja faktojen ristiriita ei ole v\u00e4h\u00e4p\u00e4t\u00f6inen. Se osoittaa laajemman ongelman: moraalikielt\u00e4 k\u00e4ytet\u00e4\u00e4n usein ennen kuin todisteet on varmistettu.<\/p>\n<p class=\"aw-1gybjub aw-1p7kakr kEtdKx cEmitX yle__article__paragraph\">Antisemitismisyyt\u00f6kset ovat vakavia historiallisen painolastinsa vuoksi, joten niit\u00e4 tulee k\u00e4sitell\u00e4 varoen.<\/p>\n<p><img decoding=\"async\" alt=\"Judon  yleiskuvaa nuorten kilpailusta.\" src=\"https:\/\/www.europesays.com\/fi\/wp-content\/uploads\/2026\/01\/39-15815096967d745861cf.jpeg\" loading=\"lazy\" class=\"aw-1l9m598 hKVVvP\"\/><\/p>\n<p>Avaa kuvien katselu<\/p>\n<p>Kuvituskuva nuorten judokilpailusta. Kuva ei liity Puolassa 10.1.2026 pidettyyn turnaukseen. Kuva: Getty Images<\/p>\n<p class=\"aw-1gybjub aw-1p7kakr kEtdKx cEmitX yle__article__paragraph\">Perusteettomat syyt\u00f6kset eiv\u00e4t vain v\u00e4\u00e4rist\u00e4 yksitt\u00e4isi\u00e4 tapauksia, vaan ne my\u00f6s heikent\u00e4v\u00e4t luottamusta ja vahingoittavat asiaa, jota niiden v\u00e4itet\u00e4\u00e4n puolustavan.<\/p>\n<p class=\"aw-1gybjub aw-1p7kakr kEtdKx cEmitX yle__article__paragraph\">V\u00e4\u00e4r\u00e4t syyt\u00f6kset leimaavat syytt\u00f6mi\u00e4 ja paisuttavat kiistoja. T\u00e4ss\u00e4kin tapauksessa h\u00e4tik\u00f6ity moraalituomio johti maiden rajat ylitt\u00e4v\u00e4\u00e4n selkkaukseen, vaikka kyse oli paikallisesta riidasta.<\/p>\n<p class=\"aw-1gybjub aw-1p7kakr kEtdKx cEmitX yle__article__paragraph\">V\u00e4kivalta ja v\u00e4\u00e4ristely eiv\u00e4t kuulu lasten ja nuorten urheiluun. Keskustelun tulee pohjautua todennettuihin tapahtumiin ja avoimiin selvityksiin \u2013 ei huhuihin tai perusteettomiin syyt\u00f6ksiin.<\/p>\n<p class=\"aw-1gybjub aw-1p7kakr kEtdKx cEmitX yle__article__paragraph\">T\u00e4llaisissa tilanteissa osapuolten tulisi pyyt\u00e4\u00e4 anteeksi, ja k\u00e4yd\u00e4 avointa ja rakentavaa vuoropuhelua, jotta vastaavat tapaukset jatkossa v\u00e4ltett\u00e4isiin. Lasten urheilun turvallisuus ja reiluus tulee taata riippumatta kansallisuudesta tai taustasta.<\/p>\n<p><strong class=\"aw-1bgq5a3 bSmpIc\">Fav\u00e9n: Valmentajan ylily\u00f6nti tatamilla t\u00e4ysin poikkeuksellista<\/strong><\/p>\n<p>Kuuntele miten Suomen judoliiton valmennusp\u00e4\u00e4llikk\u00f6 Otto Fav\u00e9n kommentoi tapahtunutta.<\/p>\n","protected":false},"excerpt":{"rendered":"Tapaus muistuttaa, miten aikuisen vastuuton toiminta voi varjostaa nuorten urheilun reiluutta, kirjoittaa Yle Urheilun Timo Uusitalo. Avaa kuvien&hellip;\n","protected":false},"author":2,"featured_media":143147,"comment_status":"","ping_status":"","sticky":false,"template":"","format":"standard","meta":{"footnotes":""},"categories":[158],"tags":[4760,33,31,30,993,24551,24552,5876,2700,159,32,160],"class_list":{"0":"post-143146","1":"post","2":"type-post","3":"status-publish","4":"format-standard","5":"has-post-thumbnail","7":"category-urheilu","8":"tag-antisemitismi","9":"tag-fi","10":"tag-finland","11":"tag-finnish","12":"tag-israel","13":"tag-judo","14":"tag-judokat","15":"tag-kamppailulajit","16":"tag-puola","17":"tag-sports","18":"tag-suomi","19":"tag-urheilu"},"share_on_mastodon":{"url":"https:\/\/pubeurope.com\/@fi\/115899739997059100","error":""},"_links":{"self":[{"href":"https:\/\/www.europesays.com\/fi\/wp-json\/wp\/v2\/posts\/143146","targetHints":{"allow":["GET"]}}],"collection":[{"href":"https:\/\/www.europesays.com\/fi\/wp-json\/wp\/v2\/posts"}],"about":[{"href":"https:\/\/www.europesays.com\/fi\/wp-json\/wp\/v2\/types\/post"}],"author":[{"embeddable":true,"href":"https:\/\/www.europesays.com\/fi\/wp-json\/wp\/v2\/users\/2"}],"replies":[{"embeddable":true,"href":"https:\/\/www.europesays.com\/fi\/wp-json\/wp\/v2\/comments?post=143146"}],"version-history":[{"count":0,"href":"https:\/\/www.europesays.com\/fi\/wp-json\/wp\/v2\/posts\/143146\/revisions"}],"wp:featuredmedia":[{"embeddable":true,"href":"https:\/\/www.europesays.com\/fi\/wp-json\/wp\/v2\/media\/143147"}],"wp:attachment":[{"href":"https:\/\/www.europesays.com\/fi\/wp-json\/wp\/v2\/media?parent=143146"}],"wp:term":[{"taxonomy":"category","embeddable":true,"href":"https:\/\/www.europesays.com\/fi\/wp-json\/wp\/v2\/categories?post=143146"},{"taxonomy":"post_tag","embeddable":true,"href":"https:\/\/www.europesays.com\/fi\/wp-json\/wp\/v2\/tags?post=143146"}],"curies":[{"name":"wp","href":"https:\/\/api.w.org\/{rel}","templated":true}]}}