{"id":143152,"date":"2026-01-15T15:10:07","date_gmt":"2026-01-15T15:10:07","guid":{"rendered":"https:\/\/www.europesays.com\/fi\/143152\/"},"modified":"2026-01-15T15:10:07","modified_gmt":"2026-01-15T15:10:07","slug":"helen-aloittaa-muutosneuvottelut-voivat-johtaa-jopa-125-tyotehtavan-paattymiseen-uutissuomalainen","status":"publish","type":"post","link":"https:\/\/www.europesays.com\/fi\/143152\/","title":{"rendered":"Helen aloittaa muutosneuvottelut, voivat johtaa jopa 125 ty\u00f6teht\u00e4v\u00e4n p\u00e4\u00e4ttymiseen | Uutissuomalainen"},"content":{"rendered":"<p>Energiayhti\u00f6 Helen aloittaa muutosneuvottelut.<\/p>\n<p>Yhti\u00f6n <a href=\"https:\/\/www.helen.fi\/uutiset\/2026\/helen-aloittaa-muutosneuvottelut\" rel=\"nofollow noopener\" target=\"_blank\">tiedotteen<\/a> mukaan neuvottelut voivat johtaa alustavan arvion mukaan jopa 125 ty\u00f6teht\u00e4v\u00e4n p\u00e4\u00e4ttymiseen. Neuvottelujen piiriss\u00e4 on noin 800 henkil\u00f6\u00e4.<\/p>\n<p>Neuvottelut voivat johtaa Helenin mukaan irtisanomisten lis\u00e4ksi muun muassa ty\u00f6sopimusten, ty\u00f6teht\u00e4vien tai s\u00e4\u00e4nn\u00f6llisen ty\u00f6ajan muutoksiin.<\/p>\n<p>Neuvotteluprosessin yhteydess\u00e4 Helen aloittaa suunnitelmat tyt\u00e4ryhti\u00f6 V\u00e4reen integroimisesta emoyhti\u00f6\u00f6n.<\/p>\n","protected":false},"excerpt":{"rendered":"Energiayhti\u00f6 Helen aloittaa muutosneuvottelut. Yhti\u00f6n tiedotteen mukaan neuvottelut voivat johtaa alustavan arvion mukaan jopa 125 ty\u00f6teht\u00e4v\u00e4n p\u00e4\u00e4ttymiseen. Neuvottelujen&hellip;\n","protected":false},"author":2,"featured_media":143153,"comment_status":"","ping_status":"","sticky":false,"template":"","format":"standard","meta":{"footnotes":""},"categories":[76],"tags":[79,77,33,31,30,3004,720,32,78,860,862,861,796],"class_list":{"0":"post-143152","1":"post","2":"type-post","3":"status-publish","4":"format-standard","5":"has-post-thumbnail","7":"category-talous","8":"tag-business","9":"tag-economy","10":"tag-fi","11":"tag-finland","12":"tag-finnish","13":"tag-liiketoiminta","14":"tag-liiketoiminta-ja-rahoitus","15":"tag-suomi","16":"tag-talous","17":"tag-tyoelama","18":"tag-tyollisyys","19":"tag-tyollisyys-ja-tyottomyys","20":"tag-yhteiskunta"},"share_on_mastodon":{"url":"https:\/\/pubeurope.com\/@fi\/115899755665162410","error":""},"_links":{"self":[{"href":"https:\/\/www.europesays.com\/fi\/wp-json\/wp\/v2\/posts\/143152","targetHints":{"allow":["GET"]}}],"collection":[{"href":"https:\/\/www.europesays.com\/fi\/wp-json\/wp\/v2\/posts"}],"about":[{"href":"https:\/\/www.europesays.com\/fi\/wp-json\/wp\/v2\/types\/post"}],"author":[{"embeddable":true,"href":"https:\/\/www.europesays.com\/fi\/wp-json\/wp\/v2\/users\/2"}],"replies":[{"embeddable":true,"href":"https:\/\/www.europesays.com\/fi\/wp-json\/wp\/v2\/comments?post=143152"}],"version-history":[{"count":0,"href":"https:\/\/www.europesays.com\/fi\/wp-json\/wp\/v2\/posts\/143152\/revisions"}],"wp:featuredmedia":[{"embeddable":true,"href":"https:\/\/www.europesays.com\/fi\/wp-json\/wp\/v2\/media\/143153"}],"wp:attachment":[{"href":"https:\/\/www.europesays.com\/fi\/wp-json\/wp\/v2\/media?parent=143152"}],"wp:term":[{"taxonomy":"category","embeddable":true,"href":"https:\/\/www.europesays.com\/fi\/wp-json\/wp\/v2\/categories?post=143152"},{"taxonomy":"post_tag","embeddable":true,"href":"https:\/\/www.europesays.com\/fi\/wp-json\/wp\/v2\/tags?post=143152"}],"curies":[{"name":"wp","href":"https:\/\/api.w.org\/{rel}","templated":true}]}}