{"id":143158,"date":"2026-01-15T15:13:08","date_gmt":"2026-01-15T15:13:08","guid":{"rendered":"https:\/\/www.europesays.com\/fi\/143158\/"},"modified":"2026-01-15T15:13:08","modified_gmt":"2026-01-15T15:13:08","slug":"tekoaly-mullistaa-taideteosten-aitoustutkimuksen-kansainvalinen-asiantuntija-luennoi-jyvaskylassa-9-2","status":"publish","type":"post","link":"https:\/\/www.europesays.com\/fi\/143158\/","title":{"rendered":"Teko\u00e4ly mullistaa taideteosten aitoustutkimuksen \u2013 kansainv\u00e4linen asiantuntija luennoi Jyv\u00e4skyl\u00e4ss\u00e4 9.2."},"content":{"rendered":"<p>Miten teko\u00e4ly voi paljastaa taideteoksen todellisen alkuper\u00e4n? Ent\u00e4 mill\u00e4 tavoin se muuttaa koko taidemaailman tulevaisuutta? N\u00e4ihin kysymyksiin pureudutaan maanantaina 9.2.2026 klo 12\u201314, kun <strong>FT Carina Popovici<\/strong>, sveitsil\u00e4isen <a href=\"https:\/\/art-recognition.com\/\" data-entity-type=\"external\" rel=\"nofollow noopener\" target=\"_blank\">Art Recognition<\/a> -yrityksen toimitusjohtaja ja kansainv\u00e4lisesti arvostettu asiantuntija, saapuu Jyv\u00e4skyl\u00e4\u00e4n luennoimaan teko\u00e4lyn roolista taideteosten aitoustutkimuksessa.<\/p>\n<p><a href=\"https:\/\/www.jyvaskyla.fi\/keskisuomenmuseo\" data-entity-type=\"node\" data-entity-uuid=\"5da24e7d-80b7-47a3-8c1c-6671a6453710\" data-entity-substitution=\"canonical\" rel=\"nofollow noopener\" target=\"_blank\">Keski-Suomen museon<\/a> luentosalissa j\u00e4rjestett\u00e4v\u00e4 englanninkielinen luento tarjoaa ajankohtaisen ja kiehtovan katsauksen siihen, miten teko\u00e4ly\u00e4 hy\u00f6dynnet\u00e4\u00e4n taideteosten aitouden selvitt\u00e4misess\u00e4. Esitys alkaa yleiskuvalla teko\u00e4lyteknologian mahdollisuuksista ja etenee konkreettisiin tapaustutkimuksiin kiistanalaisista maalauksista, joita on analysoitu teko\u00e4lyn avulla.<\/p>\n<p>Luento avaa, kuinka teko\u00e4ly voi t\u00e4ydent\u00e4\u00e4 ja tarkentaa perinteisi\u00e4 tutkimusmenetelmi\u00e4, lis\u00e4t\u00e4 tutkimuksen l\u00e4pin\u00e4kyvyytt\u00e4 ja tuoda uusia n\u00e4k\u00f6kulmia taiteen historiaan, markkinoihin ja asiantuntijaty\u00f6h\u00f6n.<\/p>\n<p>Tilaisuutta voi seurata joko paikan p\u00e4\u00e4ll\u00e4 Keski-Suomen museon luentosalissa (enint\u00e4\u00e4n 100 osallistujaa) tai striimattuna YouTubessa. Osallistuminen on maksutonta.<\/p>\n<p>\ud83d\udccc <a href=\"https:\/\/www.lyyti.fi\/reg\/taidejaAI\" data-entity-type=\"external\" rel=\"nofollow noopener\" target=\"_blank\">Ilmoittaudu Lyyti-lomakkeen kautta<\/a><br \/>\ud83d\udcfa YouTube-linkki toimitetaan ilmoittautuneille vahvistusviestiss\u00e4.<br \/>\ud83c\udf0d Huom! Luento on englanninkielinen.<\/p>\n<p>Tervetuloa kuulemaan, miten teko\u00e4ly ja taide kohtaavat \u2013 ja miten tulevaisuuden aitoustutkimus rakentuu.<\/p>\n<p>\u00a0<\/p>\n","protected":false},"excerpt":{"rendered":"Miten teko\u00e4ly voi paljastaa taideteoksen todellisen alkuper\u00e4n? Ent\u00e4 mill\u00e4 tavoin se muuttaa koko taidemaailman tulevaisuutta? N\u00e4ihin kysymyksiin pureudutaan&hellip;\n","protected":false},"author":2,"featured_media":143159,"comment_status":"","ping_status":"","sticky":false,"template":"","format":"standard","meta":{"footnotes":""},"categories":[5],"tags":[22,23,26,27,33,31,30,17,24,25,28,29,15,18,21,32,19,20,16],"class_list":{"0":"post-143158","1":"post","2":"type-post","3":"status-publish","4":"format-standard","5":"has-post-thumbnail","7":"category-otsikot","8":"tag-breaking-news","9":"tag-breakingnews","10":"tag-featured-news","11":"tag-featurednews","12":"tag-fi","13":"tag-finland","14":"tag-finnish","15":"tag-headlines","16":"tag-latest-news","17":"tag-latestnews","18":"tag-main-news","19":"tag-mainnews","20":"tag-news","21":"tag-otsikot","22":"tag-paauutiset","23":"tag-suomi","24":"tag-top-stories","25":"tag-topstories","26":"tag-uutiset"},"share_on_mastodon":{"url":"https:\/\/pubeurope.com\/@fi\/115899767425136462","error":""},"_links":{"self":[{"href":"https:\/\/www.europesays.com\/fi\/wp-json\/wp\/v2\/posts\/143158","targetHints":{"allow":["GET"]}}],"collection":[{"href":"https:\/\/www.europesays.com\/fi\/wp-json\/wp\/v2\/posts"}],"about":[{"href":"https:\/\/www.europesays.com\/fi\/wp-json\/wp\/v2\/types\/post"}],"author":[{"embeddable":true,"href":"https:\/\/www.europesays.com\/fi\/wp-json\/wp\/v2\/users\/2"}],"replies":[{"embeddable":true,"href":"https:\/\/www.europesays.com\/fi\/wp-json\/wp\/v2\/comments?post=143158"}],"version-history":[{"count":0,"href":"https:\/\/www.europesays.com\/fi\/wp-json\/wp\/v2\/posts\/143158\/revisions"}],"wp:featuredmedia":[{"embeddable":true,"href":"https:\/\/www.europesays.com\/fi\/wp-json\/wp\/v2\/media\/143159"}],"wp:attachment":[{"href":"https:\/\/www.europesays.com\/fi\/wp-json\/wp\/v2\/media?parent=143158"}],"wp:term":[{"taxonomy":"category","embeddable":true,"href":"https:\/\/www.europesays.com\/fi\/wp-json\/wp\/v2\/categories?post=143158"},{"taxonomy":"post_tag","embeddable":true,"href":"https:\/\/www.europesays.com\/fi\/wp-json\/wp\/v2\/tags?post=143158"}],"curies":[{"name":"wp","href":"https:\/\/api.w.org\/{rel}","templated":true}]}}