{"id":143163,"date":"2026-01-15T15:28:07","date_gmt":"2026-01-15T15:28:07","guid":{"rendered":"https:\/\/www.europesays.com\/fi\/143163\/"},"modified":"2026-01-15T15:28:07","modified_gmt":"2026-01-15T15:28:07","slug":"kolmiodraama-juho-saa-kylmaa-tylytysta-valintakriteereistaan-herra-rutiiniksi-olen-hanta-kutsunut-mtvuutiset-fi","status":"publish","type":"post","link":"https:\/\/www.europesays.com\/fi\/143163\/","title":{"rendered":"Kolmiodraama-Juho saa kylm\u00e4\u00e4 tylytyst\u00e4 valintakriteereist\u00e4\u00e4n: &quot;Herra rutiiniksi olen h\u00e4nt\u00e4 kutsunut&quot; &#8211; mtvuutiset.fi"},"content":{"rendered":"<ol>\n<li><a href=\"https:\/\/news.google.com\/rss\/articles\/CBMi2AFBVV95cUxNaEppTUIzOE0tZlR4aGR4Rjc3UUJBU1lFSXR6bEZUQ1pVRUZMZDA3LTJENG85bklDNTZFUVFLN3E2YWxYcVNJX2JaUm40SWNlbXVEbjBuaVJMYllVYTNBd1duei1Kb0tkNXlHVnZCTVlucmZUWFljNUhiVFI0LTZNQzUtdy00dGRTUWtrWnFTa0ZLVmRjb01USjZmRE5HS3NaWUptazV5NjFhZDRBcWFjZG5VZ2VHUmlKZE9QQUcyWkNDRDVpQnpaVy1UUDAzYlZwclRfUUM2eDA?oc=5\" target=\"_blank\" rel=\"nofollow noopener\">Kolmiodraama-Juho saa kylm\u00e4\u00e4 tylytyst\u00e4 valintakriteereist\u00e4\u00e4n: &#8221;Herra rutiiniksi olen h\u00e4nt\u00e4 kutsunut&#8221;<\/a>&nbsp;&nbsp;mtvuutiset.fi<\/li>\n<li><a href=\"https:\/\/news.google.com\/rss\/articles\/CBMiggFBVV95cUxNbDBXcllaX3hXMEJ6NG1aNVM0NUlHZTFSOHdIZTd1T1NwcTgweHJlZnpWcnpka3ByMXdZb1ZBRlRpbUZ6MGc1cnhnZlZSbjBST3IxUVhETG5fWFZNcFlSSHBYMi02eGpRX3RnMGxZbXB6b01ucktKb01sOG9IZlR0cnZn?oc=5\" target=\"_blank\" rel=\"nofollow noopener\">Katsojat vaativat tuotantoa puuttumaan peliin: \u201dMiten joku voi puhua noin tv:ss\u00e4?\u201d<\/a>&nbsp;&nbsp;Iltalehti<\/li>\n<li><a href=\"https:\/\/news.google.com\/rss\/articles\/CBMiZkFVX3lxTE1LQ0xPbFNodWQxNE5Sb2k0cXF0QkVoaGFlUzVDbkhid292X0FQQVA4UTFvYkFEMHV3aFZZT3V3NGFUOVAxMVBWX2FyMGljMWRWWlo4RXlCcVhybjdzQmJ2VFQ0OGZZdw?oc=5\" target=\"_blank\" rel=\"nofollow noopener\">Katsojat tyrmistyiv\u00e4t tummaa miest\u00e4 etsiv\u00e4n Jennin, 34, sanoista: \u201dTuotannon olisi puututtava asiaan\u201d<\/a>&nbsp;&nbsp;Ilta-Sanomat<\/li>\n<li><a href=\"https:\/\/news.google.com\/rss\/articles\/CBMipgFBVV95cUxPZWRJVFlETklDNjlZaTZEMWZhMGNyWVZva3E0OFpvOEdSaV8zYk5jRFF2ZGZYYV91amFsOGJxQjB0QmdLbllmaDhKTmRTQ3JKNUpueUZWWGN5RU0wMUxCWUx1SWZ1dGYzUTRpUXFkNXlCOWpOSlZYSVhRSTdndmdiN0dRWjB0aTF5aHJVQzhPZFFsRmtFWXJWWmNyOU00OWxpcEw0ZklB?oc=5\" target=\"_blank\" rel=\"nofollow noopener\">Kolmiodraama-Jenni vaikuttuu toisesta kumppaniehdokkaastaan<\/a>&nbsp;&nbsp;mtvuutiset.fi<\/li>\n<\/ol>\n","protected":false},"excerpt":{"rendered":"Kolmiodraama-Juho saa kylm\u00e4\u00e4 tylytyst\u00e4 valintakriteereist\u00e4\u00e4n: &#8221;Herra rutiiniksi olen h\u00e4nt\u00e4 kutsunut&#8221;&nbsp;&nbsp;mtvuutiset.fi Katsojat vaativat tuotantoa puuttumaan peliin: \u201dMiten joku voi&hellip;\n","protected":false},"author":2,"featured_media":143164,"comment_status":"","ping_status":"","sticky":false,"template":"","format":"standard","meta":{"footnotes":""},"categories":[133],"tags":[137,33,31,30,32,206,156,109],"class_list":{"0":"post-143163","1":"post","2":"type-post","3":"status-publish","4":"format-standard","5":"has-post-thumbnail","7":"category-televisiot","8":"tag-entertainment","9":"tag-fi","10":"tag-finland","11":"tag-finnish","12":"tag-suomi","13":"tag-televisiot","14":"tag-tv","15":"tag-viihde"},"share_on_mastodon":{"url":"https:\/\/pubeurope.com\/@fi\/115899826370093844","error":""},"_links":{"self":[{"href":"https:\/\/www.europesays.com\/fi\/wp-json\/wp\/v2\/posts\/143163","targetHints":{"allow":["GET"]}}],"collection":[{"href":"https:\/\/www.europesays.com\/fi\/wp-json\/wp\/v2\/posts"}],"about":[{"href":"https:\/\/www.europesays.com\/fi\/wp-json\/wp\/v2\/types\/post"}],"author":[{"embeddable":true,"href":"https:\/\/www.europesays.com\/fi\/wp-json\/wp\/v2\/users\/2"}],"replies":[{"embeddable":true,"href":"https:\/\/www.europesays.com\/fi\/wp-json\/wp\/v2\/comments?post=143163"}],"version-history":[{"count":0,"href":"https:\/\/www.europesays.com\/fi\/wp-json\/wp\/v2\/posts\/143163\/revisions"}],"wp:featuredmedia":[{"embeddable":true,"href":"https:\/\/www.europesays.com\/fi\/wp-json\/wp\/v2\/media\/143164"}],"wp:attachment":[{"href":"https:\/\/www.europesays.com\/fi\/wp-json\/wp\/v2\/media?parent=143163"}],"wp:term":[{"taxonomy":"category","embeddable":true,"href":"https:\/\/www.europesays.com\/fi\/wp-json\/wp\/v2\/categories?post=143163"},{"taxonomy":"post_tag","embeddable":true,"href":"https:\/\/www.europesays.com\/fi\/wp-json\/wp\/v2\/tags?post=143163"}],"curies":[{"name":"wp","href":"https:\/\/api.w.org\/{rel}","templated":true}]}}